{"id":7221,"date":"2025-08-06T07:38:53","date_gmt":"2025-08-06T10:38:53","guid":{"rendered":"https:\/\/www.enorsai.com\/noticias\/?p=7221"},"modified":"2025-08-06T07:38:53","modified_gmt":"2025-08-06T10:38:53","slug":"eduardo-lopez-el-covid-no-se-fue-sigue-circulando-y-la-vacunacion-anual-es-clave-para-grupos-de-riesgo","status":"publish","type":"post","link":"https:\/\/www.enorsai.com\/noticias\/sociedad\/eduardo-lopez-el-covid-no-se-fue-sigue-circulando-y-la-vacunacion-anual-es-clave-para-grupos-de-riesgo\/","title":{"rendered":"Eduardo L\u00f3pez: \u201cEl Covid no se fue, sigue circulando y la vacunaci\u00f3n anual es clave para grupos de riesgo\u201d"},"content":{"rendered":"\n<p>6 de agosto de 2025 | Por Redacci\u00f3n Enorsai<\/p>\n\n\n\n<figure class=\"wp-block-image\"><img decoding=\"async\" src=\"https:\/\/tuservidor.com\/imagenes\/eduardo-lopez-covid-2025.jpg\" alt=\"Eduardo L\u00f3pez infect\u00f3logo COVID persistencia cepa Frank nueva variante\"\/><figcaption class=\"wp-element-caption\">Eduardo L\u00f3pez advierte sobre la persistencia del Covid, la nueva cepa Frank y la importancia de la vacunaci\u00f3n anual para los grupos de riesgo.<\/figcaption><\/figure>\n\n\n\n<h2 class=\"wp-block-heading\">El Covid sigue presente, aunque se testea menos<\/h2>\n\n\n\n<p>El infect\u00f3logo y pediatra <strong>Eduardo L\u00f3pez<\/strong> advirti\u00f3 en Urbana Play que, pese a la baja en el n\u00famero de casos y el escaso testeo actual, <strong>el coronavirus contin\u00faa circulando y no ha desaparecido<\/strong>. Sostuvo que el virus se comportar\u00e1 como la gripe, concentrando sus brotes durante la temporada invernal.<\/p>\n\n\n\n<p>\u201cLa enfermedad disminuy\u00f3 en forma muy importante, pero no se ha ido, y probablemente se comporte como la gripe de aqu\u00ed en adelante\u201d, afirm\u00f3, subrayando que <strong>no debe subestimarse ni relajarse la prevenci\u00f3n<\/strong>.<\/p>\n\n\n\n<h2 class=\"wp-block-heading\">Nueva cepa \u201cFrank\u201d: mucha transmisi\u00f3n, pero no m\u00e1s gravedad<\/h2>\n\n\n\n<p>L\u00f3pez explic\u00f3 que la nueva cepa, conocida popularmente como \u201cFrank\u201d (por la combinaci\u00f3n de dos linajes), en realidad responde al nombre t\u00e9cnico <strong>XFG<\/strong> o <strong>Stratus<\/strong>. Si bien tiene \u201calta velocidad de transmisi\u00f3n\u201d, <strong>no se asocia a una mayor gravedad ni a m\u00e1s internaciones<\/strong>. Su s\u00edntoma m\u00e1s distintivo es la afectaci\u00f3n de la laringe, con ronquera y difon\u00eda, as\u00ed como dolores abdominales y algunos episodios de diarrea. <\/p>\n\n\n\n<figure class=\"wp-block-embed is-type-wp-embed is-provider-incrustado wp-block-embed-incrustado\"><div class=\"wp-block-embed__wrapper\">\n<blockquote class=\"wp-embedded-content\" data-secret=\"cn5cLNgepl\"><a href=\"https:\/\/www.enorsai.com\/noticias\/economia\/mora-record-en-tarjetas-el-19-del-ingreso-familiar-ya-se-va-en-deudas-y-las-familias-crujen-en-argentina\/\">Mora r\u00e9cord en tarjetas: el 19% del ingreso familiar ya se va en deudas y las familias crujen en Argentina<\/a><\/blockquote><iframe loading=\"lazy\" class=\"wp-embedded-content\" sandbox=\"allow-scripts\" security=\"restricted\" style=\"position: absolute; visibility: hidden;\" title=\"\u00abMora r\u00e9cord en tarjetas: el 19% del ingreso familiar ya se va en deudas y las familias crujen en Argentina\u00bb \u2014 \" src=\"https:\/\/www.enorsai.com\/noticias\/economia\/mora-record-en-tarjetas-el-19-del-ingreso-familiar-ya-se-va-en-deudas-y-las-familias-crujen-en-argentina\/embed\/#?secret=5lKQ850Sej#?secret=cn5cLNgepl\" data-secret=\"cn5cLNgepl\" width=\"600\" height=\"338\" frameborder=\"0\" marginwidth=\"0\" marginheight=\"0\" scrolling=\"no\"><\/iframe>\n<\/div><\/figure>\n\n\n\n<p>El infect\u00f3logo aclar\u00f3 que el nombre \u201cFrank\u201d no implica un riesgo superior: \u201cEs un bautismo medi\u00e1tico, no cient\u00edfico, y la cl\u00ednica habitual es m\u00e1s lar\u00edngea que pulmonar\u201d.<\/p>\n\n\n\n<h2 class=\"wp-block-heading\">La importancia de la vacunaci\u00f3n anual en grupos de riesgo<\/h2>\n\n\n\n<p>Aunque no hay a\u00fan una vacuna espec\u00edfica para la cepa XFG, L\u00f3pez <strong>recomend\u00f3 mantener la cobertura con los esquemas actualizados<\/strong>, sobre todo para personas mayores de 50 o 60 a\u00f1os y quienes tengan <strong>enfermedades cr\u00f3nicas o inmunodeficiencias<\/strong>. Para estos grupos, aconsej\u00f3 una dosis anual, en l\u00ednea con la recomendaci\u00f3n de la OMS. <\/p>\n\n\n\n<p><a href=\"https:\/\/www.enorsai.com.ar\/economia\/42716-la-jugada-que-podria-voltear-a-fravega-y-garbarino--tierra-del-fuego-va-directo-al-consumidor.html\">La jugada que podr\u00eda voltear a Fr\u00e1vega y Garbarino: Tierra del Fuego va directo al consumidor<\/a><\/p>\n\n\n\n<p>\u201cAunque muchas personas recibieron varias dosis, los grupos con menor respuesta inmune deben vacunarse una vez por a\u00f1o con la cepa m\u00e1s circulante\u201d, enfatiz\u00f3.<\/p>\n\n\n\n<h2 class=\"wp-block-heading\">Poca percepci\u00f3n de riesgo y baja vacunaci\u00f3n<\/h2>\n\n\n\n<p>L\u00f3pez lament\u00f3 que \u201chay una percepci\u00f3n social de que el Covid ya no est\u00e1, pero eso es falso: todav\u00eda circula y los testeos se hacen solo en internados\u201d. La baja tasa de vacunaci\u00f3n y la falta de control podr\u00edan provocar picos estacionales en los pr\u00f3ximos a\u00f1os.<\/p>\n\n\n\n<h3 class=\"wp-block-heading\">Te puede interesar<\/h3>\n\n\n\n<ul class=\"wp-block-list\">\n<li><a href=\"https:\/\/enorsai.com.ar\/salud\/2025\/06\/alerta-virus-invierno-2025.html\">C\u00f3mo prevenir gripe, Covid y otros virus en el invierno 2025<\/a><\/li>\n\n\n\n<li><a href=\"https:\/\/enorsai.com.ar\/actualidad\/2025\/07\/cepas-covid-2025-oms.html\">Nuevas variantes de Covid: qu\u00e9 dice la OMS y c\u00f3mo protegerse<\/a><\/li>\n\n\n\n<li><a href=\"https:\/\/enorsai.com.ar\/analisis\/2025\/07\/vacunacion-covid-estrategias-argentina.html\">Vacunas y estrategias: el desaf\u00edo de mantener la inmunidad<\/a><\/li>\n<\/ul>\n\n\n\n<p>Fuente: <a href=\"https:\/\/www.urbanaplayfm.com.ar\/\" rel=\"noreferrer noopener\" target=\"_blank\">Urbana Play &#8211; De ac\u00e1 en m\u00e1s<\/a><\/p>\n","protected":false},"excerpt":{"rendered":"<p>6 de agosto de 2025 | Por Redacci\u00f3n Enorsai El Covid sigue presente, aunque se testea menos El infect\u00f3logo y pediatra Eduardo L\u00f3pez advirti\u00f3 en Urbana Play que, pese a la baja en el n\u00famero de casos y el escaso testeo actual, el coronavirus contin\u00faa circulando y no ha desaparecido. Sostuvo que el virus se&#8230;<\/p>\n","protected":false},"author":4,"featured_media":7224,"comment_status":"open","ping_status":"open","sticky":false,"template":"","format":"standard","meta":{"_monsterinsights_skip_tracking":false,"_monsterinsights_sitenote_active":false,"_monsterinsights_sitenote_note":"","_monsterinsights_sitenote_category":0,"footnotes":"","jetpack_publicize_message":"\ud83e\udda0 \u201cEl Covid no se fue: la nueva cepa Frank circula fuerte y recomiendan vacunaci\u00f3n anual en grupos de riesgo\u201d","jetpack_publicize_feature_enabled":true,"jetpack_social_post_already_shared":false,"jetpack_social_options":{"image_generator_settings":{"template":"highway","default_image_id":0,"font":"","enabled":false},"version":2}},"categories":[4],"tags":[2650,2649,2654,2653,608,2648,2646,2647,2644,246,609,1600,554,2645,2652,963,2651],"class_list":["post-7221","post","type-post","status-publish","format-standard","has-post-thumbnail","hentry","category-sociedad","tag-cepa-frank","tag-coronavirus","tag-covid-19","tag-eduardo-lopez","tag-gripe","tag-grupos-de-riesgo","tag-hospital-gutierrez","tag-infectologia","tag-inmunizacion","tag-oms","tag-pandemia","tag-prevencion","tag-salud-publica","tag-sintomas-laringeos","tag-stratus","tag-vacunacion","tag-xfg"],"jetpack_publicize_connections":[],"_links":{"self":[{"href":"https:\/\/www.enorsai.com\/noticias\/wp-json\/wp\/v2\/posts\/7221","targetHints":{"allow":["GET"]}}],"collection":[{"href":"https:\/\/www.enorsai.com\/noticias\/wp-json\/wp\/v2\/posts"}],"about":[{"href":"https:\/\/www.enorsai.com\/noticias\/wp-json\/wp\/v2\/types\/post"}],"author":[{"embeddable":true,"href":"https:\/\/www.enorsai.com\/noticias\/wp-json\/wp\/v2\/users\/4"}],"replies":[{"embeddable":true,"href":"https:\/\/www.enorsai.com\/noticias\/wp-json\/wp\/v2\/comments?post=7221"}],"version-history":[{"count":1,"href":"https:\/\/www.enorsai.com\/noticias\/wp-json\/wp\/v2\/posts\/7221\/revisions"}],"predecessor-version":[{"id":7225,"href":"https:\/\/www.enorsai.com\/noticias\/wp-json\/wp\/v2\/posts\/7221\/revisions\/7225"}],"wp:featuredmedia":[{"embeddable":true,"href":"https:\/\/www.enorsai.com\/noticias\/wp-json\/wp\/v2\/media\/7224"}],"wp:attachment":[{"href":"https:\/\/www.enorsai.com\/noticias\/wp-json\/wp\/v2\/media?parent=7221"}],"wp:term":[{"taxonomy":"category","embeddable":true,"href":"https:\/\/www.enorsai.com\/noticias\/wp-json\/wp\/v2\/categories?post=7221"},{"taxonomy":"post_tag","embeddable":true,"href":"https:\/\/www.enorsai.com\/noticias\/wp-json\/wp\/v2\/tags?post=7221"}],"curies":[{"name":"wp","href":"https:\/\/api.w.org\/{rel}","templated":true}]}}