{"id":7210,"date":"2025-08-05T23:25:46","date_gmt":"2025-08-06T02:25:46","guid":{"rendered":"https:\/\/www.enorsai.com\/noticias\/?p=7210"},"modified":"2025-08-05T23:26:50","modified_gmt":"2025-08-06T02:26:50","slug":"cordoba-la-provincia-clave-donde-milei-arraso-pero-el-comercio-agoniza-y-la-recesion-ahoga-a-todos","status":"publish","type":"post","link":"https:\/\/www.enorsai.com\/noticias\/uncategorized\/cordoba-la-provincia-clave-donde-milei-arraso-pero-el-comercio-agoniza-y-la-recesion-ahoga-a-todos\/","title":{"rendered":"C\u00f3rdoba: la provincia clave donde Milei arras\u00f3, pero el comercio agoniza y la recesi\u00f3n ahoga a todos"},"content":{"rendered":"\n<p>5 de agosto de 2025 | Por Redacci\u00f3n Enorsai<\/p>\n\n\n\n<figure class=\"wp-block-image\"><img decoding=\"async\" src=\"https:\/\/tuservidor.com\/imagenes\/cordoba-milei-crisis-comercio-2025.jpg\" alt=\"C\u00f3rdoba crisis comercio Javier Milei ventas recesi\u00f3n\"\/><figcaption class=\"wp-element-caption\"><a href=\"https:\/\/es.wikipedia.org\/wiki\/C%C3%B3rdoba_(Argentina)\">C\u00f3rdoba<\/a>, basti\u00f3n electoral de Milei, lidera el ranking de la recesi\u00f3n y ca\u00edda de ventas comerciales.<\/figcaption><\/figure>\n\n\n\n<h2 class=\"wp-block-heading\">C\u00f3rdoba: del \u201cbasti\u00f3n libertario\u201d al epicentro de la crisis comercial<\/h2>\n\n\n\n<p>C\u00f3rdoba fue una de las provincias donde Javier Milei obtuvo su victoria m\u00e1s aplastante en las elecciones presidenciales, convirti\u00e9ndose en s\u00edmbolo del respaldo social al proyecto libertario. Sin embargo, hoy la realidad pega fuerte: comercios en rojo, ventas en picada y una recesi\u00f3n que no suelta a miles de familias cordobesas.<\/p>\n\n\n\n<p>\u201cEl consumo no repunta, las ventas acumulan <strong>36 meses de ca\u00edda<\/strong> y el futuro es pura incertidumbre\u201d, dispara <strong>Fausto Brandolin<\/strong>, presidente de la Federaci\u00f3n Comercial de C\u00f3rdoba, en di\u00e1logo con Continental. Las causas: incertidumbre pol\u00edtica, salto del d\u00f3lar, listas de precios imposibles y demanda por el piso.<\/p>\n\n\n\n<h2 class=\"wp-block-heading\">El \u201cvoto Milei\u201d y la bronca: expectativas defraudadas<\/h2>\n\n\n\n<p>M\u00e1s all\u00e1 del voto masivo y la esperanza inicial, la realidad en C\u00f3rdoba impresiona. Comerciantes y clientes se sienten desilusionados: \u201cLas expectativas de reactivaci\u00f3n quedaron lejos. Muchos que apostaron por un cambio hoy sienten que la econom\u00eda no afloja, los precios siguen caros en d\u00f3lares y la vida en la provincia es m\u00e1s dif\u00edcil que nunca\u201d, resumen empresarios de la regi\u00f3n.<\/p>\n\n\n\n<p>Analistas coinciden en que Milei consolid\u00f3 su poder gracias al descontento con \u2018la casta\u2019, pero la situaci\u00f3n econ\u00f3mica actual amenaza con romper ese respaldo si el consumo y el trabajo no se reactivan.<\/p>\n\n\n\n<h2 class=\"wp-block-heading\">Precios caros, consumo frenado y la recesi\u00f3n m\u00e1s larga<\/h2>\n\n\n\n<p>El informe de Fedecom registra <strong>subas de hasta 15% que no se convalidan<\/strong>, nuevos aumentos en servicios y energ\u00eda, y una explosi\u00f3n de segundas marcas. \u00abNo hay estoqueos: la gente compra d\u00eda a d\u00eda y busca lo m\u00e1s barato\u201d, detalla Brandolin. La crisis se siente en todos los rubros y la inversi\u00f3n est\u00e1 paralizada a la espera de lo que pase en las elecciones de octubre.<\/p>\n\n\n\n<h2 class=\"wp-block-heading\">Tarifas sin subsidio y \u201cproductos m\u00e1s caros que en pa\u00edses vecinos\u201d<\/h2>\n\n\n\n<p>Los ecos del ajuste son visibles en cada recibo de luz, gas y alquiler comercial. \u201cPagamos m\u00e1s que nunca, pero los precios siguen altos incluso en d\u00f3lares comparados con provincias y pa\u00edses lim\u00edtrofes. As\u00ed es imposible competir\u201d, denuncian desde el sector.<\/p>\n\n\n\n<h2 class=\"wp-block-heading\">\u00bfPuede el Presidente revertir la ola de malestar en su provincia estrella?<\/h2>\n\n\n\n<p>C\u00f3rdoba result\u00f3 vital para que Milei llegara al sill\u00f3n de Rivadavia. Hoy, empresas y consumidores exigen respuestas: menos relato y m\u00e1s acci\u00f3n para salvar el coraz\u00f3n productivo del \u201cmodelo libertario\u201d.<br>Si la recesi\u00f3n se prolonga, el riesgo es que el \u201cC\u00f3rdoba Mileista\u201d se impaciente\u2026 y el enojo se transforme en un mensaje directo a la Casa Rosada.<\/p>\n\n\n\n<h3 class=\"wp-block-heading\">Te puede interesar<\/h3>\n\n\n\n<ul class=\"wp-block-list\">\n<li><a href=\"https:\/\/enorsai.com.ar\/economia\/2025\/07\/caida-ventas-inflacion-cordoba.html\">Las ventas en los comercios cordobeses no repuntan: causas y perspectivas<\/a><\/li>\n\n\n\n<li><a href=\"https:\/\/enorsai.com.ar\/politica\/2025\/08\/elecciones-economia-2025.html\">Por qu\u00e9 todos esperan las elecciones antes de invertir en Argentina<\/a><\/li>\n\n\n\n<li><a href=\"https:\/\/enorsai.com.ar\/analisis\/2025\/06\/impacto-tarifas-pymes-argentina.html\">C\u00f3mo el aumento de tarifas golpea a PYMES y comercios<\/a><\/li>\n<\/ul>\n\n\n\n<p>Fuente: Radio Continental &#8211; Elijo creer | Federaci\u00f3n Comercial de C\u00f3rdoba<\/p>\n","protected":false},"excerpt":{"rendered":"<p>5 de agosto de 2025 | Por Redacci\u00f3n Enorsai C\u00f3rdoba: del \u201cbasti\u00f3n libertario\u201d al epicentro de la crisis comercial C\u00f3rdoba fue una de las provincias donde Javier Milei obtuvo su victoria m\u00e1s aplastante en las elecciones presidenciales, convirti\u00e9ndose en s\u00edmbolo del respaldo social al proyecto libertario. Sin embargo, hoy la realidad pega fuerte: comercios en&#8230;<\/p>\n","protected":false},"author":4,"featured_media":7211,"comment_status":"open","ping_status":"open","sticky":false,"template":"","format":"standard","meta":{"_monsterinsights_skip_tracking":false,"_monsterinsights_sitenote_active":false,"_monsterinsights_sitenote_note":"","_monsterinsights_sitenote_category":0,"footnotes":"","jetpack_publicize_message":"\ud83d\udd25 C\u00f3rdoba, la provincia que llev\u00f3 a Milei al poder, ahora no aguanta m\u00e1s: comercios fundidos, precios caros y bronca creciente","jetpack_publicize_feature_enabled":true,"jetpack_social_post_already_shared":false,"jetpack_social_options":{"image_generator_settings":{"template":"highway","default_image_id":0,"font":"","enabled":false},"version":2}},"categories":[3,2,1],"tags":[58,2628,2625,204,43,179,2630,2631,1411,2633,2632,2627,2626,227,106,1715,2185,101,2629,917,1634],"class_list":["post-7210","post","type-post","status-publish","format-standard","has-post-thumbnail","hentry","category-economia","category-politica","category-uncategorized","tag-ajuste","tag-caida-consumo","tag-comercios-cordoba","tag-cordoba","tag-crisis","tag-crisis-economica","tag-desaprobacion-gobierno","tag-economia-provincial","tag-elecciones-2025","tag-enfado-social","tag-expectativas","tag-fausto-brandolin","tag-fedecom","tag-inflacion","tag-javier-milei","tag-modelo-libertario","tag-politica-economica","tag-recesion","tag-segunda-marca","tag-tarifas","tag-ventas"],"jetpack_publicize_connections":[],"_links":{"self":[{"href":"https:\/\/www.enorsai.com\/noticias\/wp-json\/wp\/v2\/posts\/7210","targetHints":{"allow":["GET"]}}],"collection":[{"href":"https:\/\/www.enorsai.com\/noticias\/wp-json\/wp\/v2\/posts"}],"about":[{"href":"https:\/\/www.enorsai.com\/noticias\/wp-json\/wp\/v2\/types\/post"}],"author":[{"embeddable":true,"href":"https:\/\/www.enorsai.com\/noticias\/wp-json\/wp\/v2\/users\/4"}],"replies":[{"embeddable":true,"href":"https:\/\/www.enorsai.com\/noticias\/wp-json\/wp\/v2\/comments?post=7210"}],"version-history":[{"count":1,"href":"https:\/\/www.enorsai.com\/noticias\/wp-json\/wp\/v2\/posts\/7210\/revisions"}],"predecessor-version":[{"id":7212,"href":"https:\/\/www.enorsai.com\/noticias\/wp-json\/wp\/v2\/posts\/7210\/revisions\/7212"}],"wp:featuredmedia":[{"embeddable":true,"href":"https:\/\/www.enorsai.com\/noticias\/wp-json\/wp\/v2\/media\/7211"}],"wp:attachment":[{"href":"https:\/\/www.enorsai.com\/noticias\/wp-json\/wp\/v2\/media?parent=7210"}],"wp:term":[{"taxonomy":"category","embeddable":true,"href":"https:\/\/www.enorsai.com\/noticias\/wp-json\/wp\/v2\/categories?post=7210"},{"taxonomy":"post_tag","embeddable":true,"href":"https:\/\/www.enorsai.com\/noticias\/wp-json\/wp\/v2\/tags?post=7210"}],"curies":[{"name":"wp","href":"https:\/\/api.w.org\/{rel}","templated":true}]}}