{"id":7203,"date":"2025-08-05T16:53:21","date_gmt":"2025-08-05T19:53:21","guid":{"rendered":"https:\/\/www.enorsai.com\/noticias\/?p=7203"},"modified":"2025-08-05T16:53:21","modified_gmt":"2025-08-05T19:53:21","slug":"encuestas-el-peronismo-saca-18-puntos-a-lla-en-la-tercera-seccion-segun-cb-consultora","status":"publish","type":"post","link":"https:\/\/www.enorsai.com\/noticias\/politica\/encuestas-el-peronismo-saca-18-puntos-a-lla-en-la-tercera-seccion-segun-cb-consultora\/","title":{"rendered":"Encuestas: el peronismo saca 18 puntos a LLA en la Tercera Secci\u00f3n seg\u00fan CB Consultora"},"content":{"rendered":"\n<p>5 de agosto de 2025 | Por Redacci\u00f3n Enorsai<\/p>\n\n\n\n<figure class=\"wp-block-image\"><img decoding=\"async\" src=\"https:\/\/tuservidor.com\/imagenes\/encuesta-cb-consultora-buenos-aires-2025.jpg\" alt=\"Encuesta CB Consultora peronismo La Libertad Avanza tercer secci\u00f3n electoral PBA\"\/><figcaption class=\"wp-element-caption\">El peronismo mantiene una ventaja c\u00f3moda en la clave tercera secci\u00f3n electoral bonaerense seg\u00fan los \u00faltimos relevamientos.<\/figcaption><\/figure>\n\n\n\n<h2 class=\"wp-block-heading\">18 puntos de ventaja: Magario amplia la brecha sobre Bondarenko<\/h2>\n\n\n\n<p>Seg\u00fan los datos presentados por Christian Buttie, director de CB Consultora, el <strong>peronismo saca 18 puntos de diferencia sobre La Libertad Avanza en la tercera secci\u00f3n electoral<\/strong> de la provincia de Buenos Aires. La encuesta, realizada entre el 22 y 23 de julio tras el cierre de listas, se\u00f1ala a <strong>Ver\u00f3nica Magario<\/strong> superando ampliamente a Maximiliano Bondarenko en un distrito decisivo, que concentra un tercio de los votos bonaerenses.<\/p>\n\n\n\n<p>En contraposici\u00f3n, en la primera secci\u00f3n electoral \u2013m\u00e1s heterog\u00e9nea y con fuerte presencia de JxC y LLA\u2013, <strong>La Libertad Avanza aventaja al peronismo por 5 puntos<\/strong> con Diego Valenzuela al frente, proyectando as\u00ed un escenario muy disputado en el conurbano y el interior provincial.<\/p>\n\n\n\n<h2 class=\"wp-block-heading\">Voto joven, apat\u00eda y claves de la elecci\u00f3n<\/h2>\n\n\n\n<p>El informe de CB Consultora destaca que el voto joven (sub 35) sigue siendo un basti\u00f3n de Milei y LLA, pese a la desaprobaci\u00f3n de sus formas en sectores de mayor edad. \u201cEn adultos mayores hay mucha apat\u00eda y decepci\u00f3n: muchos de los que votaron a Milei ya no ir\u00edan a votar, ni tampoco al peronismo\u201d, explic\u00f3 Buttie.<\/p>\n\n\n\n<figure class=\"wp-block-embed is-type-wp-embed is-provider-incrustado wp-block-embed-incrustado\"><div class=\"wp-block-embed__wrapper\">\n<blockquote class=\"wp-embedded-content\" data-secret=\"QQ146P1MP5\"><a href=\"https:\/\/www.enorsai.com\/noticias\/politica\/bondarenko-el-poli-candidato-el-excomisario-clave-de-karina-milei-para-conquistar-la-tercera-seccion-de-buenos-aires\/\">Bondarenko, el \u201cpoli-candidato\u201d: El excomisario clave de Karina Milei para conquistar la tercera secci\u00f3n de Buenos Aires<\/a><\/blockquote><iframe loading=\"lazy\" class=\"wp-embedded-content\" sandbox=\"allow-scripts\" security=\"restricted\" style=\"position: absolute; visibility: hidden;\" title=\"\u00abBondarenko, el \u201cpoli-candidato\u201d: El excomisario clave de Karina Milei para conquistar la tercera secci\u00f3n de Buenos Aires\u00bb \u2014 \" src=\"https:\/\/www.enorsai.com\/noticias\/politica\/bondarenko-el-poli-candidato-el-excomisario-clave-de-karina-milei-para-conquistar-la-tercera-seccion-de-buenos-aires\/embed\/#?secret=yaTKYKLh4U#?secret=QQ146P1MP5\" data-secret=\"QQ146P1MP5\" width=\"600\" height=\"338\" frameborder=\"0\" marginwidth=\"0\" marginheight=\"0\" scrolling=\"no\"><\/iframe>\n<\/div><\/figure>\n\n\n\n<p>Esta tendencia se traduce en una participaci\u00f3n baja prevista para septiembre en la elecci\u00f3n provincial, con apenas 50% de los empadronados, y una expectativa algo mayor para la legislativa nacional de octubre, aunque lejos de los m\u00e1ximos hist\u00f3ricos.<\/p>\n\n\n\n<h2 class=\"wp-block-heading\">El desaf\u00edo: representaci\u00f3n en el Congreso y polarizaci\u00f3n<\/h2>\n\n\n\n<p>Las legislativas ser\u00e1n la \u201cprueba de term\u00f3metro\u201d para la gesti\u00f3n Milei: el oficialismo necesita aumentar bancas y representaci\u00f3n en la C\u00e1mara baja y el Senado. Seg\u00fan Buttie, <strong>el peronismo llega fortalecido a septiembre, mientras que Milei debe enfrentar el desgaste de gesti\u00f3n y la dificultad para ampliar alianzas<\/strong>. <\/p>\n\n\n\n<figure class=\"wp-block-embed is-type-wp-embed is-provider-incrustado wp-block-embed-incrustado\"><div class=\"wp-block-embed__wrapper\">\n<blockquote class=\"wp-embedded-content\" data-secret=\"eAWu8UGugU\"><a href=\"https:\/\/www.enorsai.com\/noticias\/economia\/zaiat-el-fmi-es-el-verdadero-sosten-de-milei-pese-al-desastre-economico\/\">Zaiat: \u201cEl FMI es el verdadero sost\u00e9n de Milei, pese al desastre econ\u00f3mico\u201d<\/a><\/blockquote><iframe loading=\"lazy\" class=\"wp-embedded-content\" sandbox=\"allow-scripts\" security=\"restricted\" style=\"position: absolute; visibility: hidden;\" title=\"\u00abZaiat: \u201cEl FMI es el verdadero sost\u00e9n de Milei, pese al desastre econ\u00f3mico\u201d\u00bb \u2014 \" src=\"https:\/\/www.enorsai.com\/noticias\/economia\/zaiat-el-fmi-es-el-verdadero-sosten-de-milei-pese-al-desastre-economico\/embed\/#?secret=ROjcERVwFl#?secret=eAWu8UGugU\" data-secret=\"eAWu8UGugU\" width=\"600\" height=\"338\" frameborder=\"0\" marginwidth=\"0\" marginheight=\"0\" scrolling=\"no\"><\/iframe>\n<\/div><\/figure>\n\n\n\n<p>Mientras el oficialismo nacional busca replicar su fuerza en provincias y el Congreso, el peronismo apuesta todo a conservar y expandir su hegemon\u00eda en el coraz\u00f3n del conurbano bonaerense.<\/p>\n\n\n\n<h3 class=\"wp-block-heading\">Te puede interesar<\/h3>\n\n\n\n<ul class=\"wp-block-list\">\n<li><a href=\"https:\/\/enorsai.com.ar\/politica\/2025\/08\/bondarenko-poli-candidato-karina-milei.html\">Bondarenko, el \u201cpoli-candidato\u201d de Karina Milei en la tercera secci\u00f3n<\/a><\/li>\n\n\n\n<li><a href=\"https:\/\/enorsai.com.ar\/politica\/2025\/07\/encuestas-elecciones-buenos-aires.html\">Todas las encuestas bonaerenses y el escenario nacional<\/a><\/li>\n\n\n\n<li><a href=\"https:\/\/enorsai.com.ar\/analisis\/2025\/07\/participacion-electoral-apatia-2025.html\">Participaci\u00f3n y apat\u00eda: el tercer actor de la campa\u00f1a 2025<\/a><\/li>\n<\/ul>\n\n\n\n<p>Fuente: <a href=\"https:\/\/www.rosario3.com\/\" rel=\"noreferrer noopener\" target=\"_blank\">Radio 2 Rosario &#8211; De boca en boca<\/a> | CB Consultora<\/p>\n","protected":false},"excerpt":{"rendered":"<p>5 de agosto de 2025 | Por Redacci\u00f3n Enorsai 18 puntos de ventaja: Magario amplia la brecha sobre Bondarenko Seg\u00fan los datos presentados por Christian Buttie, director de CB Consultora, el peronismo saca 18 puntos de diferencia sobre La Libertad Avanza en la tercera secci\u00f3n electoral de la provincia de Buenos Aires. La encuesta, realizada&#8230;<\/p>\n","protected":false},"author":4,"featured_media":7205,"comment_status":"open","ping_status":"open","sticky":false,"template":"","format":"standard","meta":{"_monsterinsights_skip_tracking":false,"_monsterinsights_sitenote_active":false,"_monsterinsights_sitenote_note":"","_monsterinsights_sitenote_category":0,"footnotes":"","jetpack_publicize_message":"\ud83d\udcca En la tercera secci\u00f3n bonaerense el peronismo saca 18 puntos a LLA, seg\u00fan CB Consultora","jetpack_publicize_feature_enabled":true,"jetpack_social_post_already_shared":false,"jetpack_social_options":{"image_generator_settings":{"template":"highway","default_image_id":0,"enabled":false},"version":2}},"categories":[2],"tags":[2613,2608,2614,2605,2606,1411,2604,2611,446,1417,2264,45,1465,363,285,2612,2580,2610,2609,2607],"class_list":["post-7203","post","type-post","status-publish","format-standard","has-post-thumbnail","hentry","category-politica","tag-analisis-politico","tag-apatia-electoral","tag-axel-kicillof-2","tag-cb-consultora","tag-christian-buttie","tag-elecciones-2025","tag-encuestas-2025","tag-katopodis","tag-la-libertad-avanza","tag-legislativas","tag-maximiliano-bondarenko","tag-milei","tag-participacion","tag-peronismo","tag-provincia-de-buenos-aires","tag-resultados-electorales","tag-tercera-seccion-electoral","tag-valenzuela","tag-veronica-magario","tag-voto-joven"],"jetpack_publicize_connections":[],"_links":{"self":[{"href":"https:\/\/www.enorsai.com\/noticias\/wp-json\/wp\/v2\/posts\/7203","targetHints":{"allow":["GET"]}}],"collection":[{"href":"https:\/\/www.enorsai.com\/noticias\/wp-json\/wp\/v2\/posts"}],"about":[{"href":"https:\/\/www.enorsai.com\/noticias\/wp-json\/wp\/v2\/types\/post"}],"author":[{"embeddable":true,"href":"https:\/\/www.enorsai.com\/noticias\/wp-json\/wp\/v2\/users\/4"}],"replies":[{"embeddable":true,"href":"https:\/\/www.enorsai.com\/noticias\/wp-json\/wp\/v2\/comments?post=7203"}],"version-history":[{"count":1,"href":"https:\/\/www.enorsai.com\/noticias\/wp-json\/wp\/v2\/posts\/7203\/revisions"}],"predecessor-version":[{"id":7206,"href":"https:\/\/www.enorsai.com\/noticias\/wp-json\/wp\/v2\/posts\/7203\/revisions\/7206"}],"wp:featuredmedia":[{"embeddable":true,"href":"https:\/\/www.enorsai.com\/noticias\/wp-json\/wp\/v2\/media\/7205"}],"wp:attachment":[{"href":"https:\/\/www.enorsai.com\/noticias\/wp-json\/wp\/v2\/media?parent=7203"}],"wp:term":[{"taxonomy":"category","embeddable":true,"href":"https:\/\/www.enorsai.com\/noticias\/wp-json\/wp\/v2\/categories?post=7203"},{"taxonomy":"post_tag","embeddable":true,"href":"https:\/\/www.enorsai.com\/noticias\/wp-json\/wp\/v2\/tags?post=7203"}],"curies":[{"name":"wp","href":"https:\/\/api.w.org\/{rel}","templated":true}]}}