{"id":7188,"date":"2025-08-05T10:26:28","date_gmt":"2025-08-05T13:26:28","guid":{"rendered":"https:\/\/www.enorsai.com\/noticias\/?p=7188"},"modified":"2025-08-05T10:26:28","modified_gmt":"2025-08-05T13:26:28","slug":"milei-y-bullrich-reestructuran-la-policia-federal-y-designan-a-los-nuevos-jefes-de-investigacion","status":"publish","type":"post","link":"https:\/\/www.enorsai.com\/noticias\/politica\/milei-y-bullrich-reestructuran-la-policia-federal-y-designan-a-los-nuevos-jefes-de-investigacion\/","title":{"rendered":"Milei y Bullrich reestructuran la Polic\u00eda Federal y designan a los nuevos jefes de investigaci\u00f3n"},"content":{"rendered":"\n<p><strong><em>Con la firma de Patricia Bullrich, el gobierno design\u00f3 a Pascual Mario Bellizzi como jefe del flamante Departamento Federal de Investigaciones. Detr\u00e1s del nombramiento, se esconde una profunda reestructuraci\u00f3n de la PFA, que deja entrever no solo una modernizaci\u00f3n forzada, sino una peligrosa acumulaci\u00f3n de poder operativo, ideol\u00f3gico y represivo bajo el ala de un gobierno que ha hecho del autoritarismo su manual de estilo.<\/em><\/strong><\/p>\n\n\n\n<p>En el marco de una reforma profunda y veloz de las fuerzas de seguridad, el Ministerio de Seguridad de la Naci\u00f3n oficializ\u00f3 la designaci\u00f3n de Pascual Mario Bellizzi como jefe del Departamento Federal de Investigaciones (DFI) y a Marcelo Omar Far\u00edas al frente del Departamento Federal de Coordinaci\u00f3n (DFC). La Resoluci\u00f3n 927\/2025, firmada por Patricia Bullrich y publicada en el Bolet\u00edn Oficial, deja al descubierto no solo una jugada pol\u00edtica cuidadosamente dise\u00f1ada, sino tambi\u00e9n una serie de transformaciones estructurales en la Polic\u00eda Federal Argentina (PFA) que reconfiguran su misi\u00f3n, su perfil y su dependencia.<\/p>\n\n\n\n<p>Ambas designaciones se enmarcan en el flamante Estatuto aprobado por el Decreto 383\/2025, una norma que, bajo la excusa de \u201cmodernizar\u201d a la fuerza, introduce un cambio de paradigma en la estructura policial argentina. \u00bfLa meta? Seg\u00fan el texto oficial, priorizar la investigaci\u00f3n de delitos federales y complejos, desarticular organizaciones criminales y reorientar las tareas de la PFA lejos del patrullaje local. Pero detr\u00e1s de los tecnicismos y eufemismos burocr\u00e1ticos, el objetivo es claro: concentrar m\u00e1s poder en menos manos, con mayor capacidad de control interno y con una proyecci\u00f3n de injerencia directa sobre la Justicia.<\/p>\n\n\n\n<figure class=\"wp-block-embed is-type-video is-provider-youtube wp-block-embed-youtube wp-embed-aspect-16-9 wp-has-aspect-ratio\"><div class=\"wp-block-embed__wrapper\">\n<iframe loading=\"lazy\" title=\"Se present\u00f3 al director del Departamento Federal de Investigaciones\" width=\"640\" height=\"360\" src=\"https:\/\/www.youtube.com\/embed\/lb_FKneCW5M?feature=oembed\" frameborder=\"0\" allow=\"accelerometer; autoplay; clipboard-write; encrypted-media; gyroscope; picture-in-picture; web-share\" referrerpolicy=\"strict-origin-when-cross-origin\" allowfullscreen><\/iframe>\n<\/div><\/figure>\n\n\n\n<p>La reforma no es un simple reordenamiento. Se trata de una ingenier\u00eda pol\u00edtico-institucional que incluye la redefinici\u00f3n del personal, la creaci\u00f3n de programas de ingreso exclusivamente universitario, la reasignaci\u00f3n de fondos bajo el pretexto de eficiencia y \u2014quiz\u00e1s el dato m\u00e1s inquietante\u2014 la posibilidad de exceptuar del retiro obligatorio a oficiales superiores e incluso reincorporar a quienes ya est\u00e1n retirados. En otras palabras, una v\u00eda libre para mantener en funciones a cuadros afines, sin pasar por controles externos o filtros democr\u00e1ticos.<\/p>\n\n\n\n<p>El proceso de selecci\u00f3n de los jefes, como Bellizzi y Far\u00edas, fue presentado como \u201cexhaustivo y meritocr\u00e1tico\u201d. Pero en realidad, los nombres surgieron de una lista elevada por el propio Jefe de la fuerza, en sinton\u00eda con el nuevo art\u00edculo 21 del Estatuto, que pone el poder de nominaci\u00f3n en manos del Ejecutivo. La intervenci\u00f3n jur\u00eddica fue m\u00e1s un formalismo que una garant\u00eda institucional: tanto la Direcci\u00f3n de Asuntos Jur\u00eddicos de la PFA como el asesoramiento permanente del Ministerio de Seguridad avalaron sin fisuras las designaciones.<\/p>\n\n\n\n<p>Y es aqu\u00ed donde las alarmas deben encenderse. En medio de un contexto donde el gobierno de Javier Milei ha demostrado un desprecio sistem\u00e1tico por las formas democr\u00e1ticas, las instituciones aut\u00f3nomas y los mecanismos de control, esta reestructuraci\u00f3n de la PFA no puede leerse como una simple modernizaci\u00f3n. Por el contrario, es el paso siguiente en una estrategia de blindaje represivo, que busca un brazo armado eficaz, fiel, jer\u00e1rquico y, sobre todo, verticalista.<\/p>\n\n\n\n<p>El nuevo Programa Presupuestario \u201cModernizaci\u00f3n de la Polic\u00eda Federal Argentina\u201d funcionar\u00e1 como caja chica para este redise\u00f1o. Bajo la consigna de eficiencia y uso racional de los recursos, se reducir\u00e1 el ingreso de nuevo personal, canalizando el supuesto ahorro hacia la adquisici\u00f3n de tecnolog\u00eda, soluciones inform\u00e1ticas y capacitaci\u00f3n espec\u00edfica. Todo con una finalidad clara: hacer de la PFA una fuerza tecnificada, con capacidad investigativa, pero subordinada plenamente al Poder Ejecutivo. Una \u201cinteligencia\u201d policial m\u00e1s parecida a una agencia federal de seguridad \u2014al estilo del FBI\u2014 que a una polic\u00eda civil con anclaje territorial.<\/p>\n\n\n\n<p>El discurso oficial es seductor. Se habla de m\u00e9rito, de profesionalizaci\u00f3n, de procesos transparentes, de adaptaci\u00f3n a las nuevas formas del delito. Pero la implementaci\u00f3n real de estas medidas, lejos de ser neutra, opera en un marco de excepcionalidad pol\u00edtica amparado por la Ley de Bases. Esa ley \u2014piedra angular del proyecto mile\u00edsta\u2014 le otorg\u00f3 al Presidente facultades extraordinarias para reorganizar el Estado, declarando una emergencia tan amplia como ambigua. En este escenario, reformar la fuerza policial m\u00e1s importante del pa\u00eds, sin debates parlamentarios, sin controles externos y sin participaci\u00f3n ciudadana, es cuanto menos preocupante.<\/p>\n\n\n\n<p>La PFA, desde ahora, se rige por un Estatuto hecho a medida de las necesidades del oficialismo. Las reformas incluyen la posibilidad de ascensos acelerados, pasajes entre rangos por m\u00e9rito, sistemas de evaluaci\u00f3n interna digitalizados, una Direcci\u00f3n de Asuntos Internos fortalecida (pero ahora bajo supervisi\u00f3n directa del Ministerio) y una nueva cultura institucional basada en la l\u00f3gica del comando centralizado. No se trata de una modernizaci\u00f3n inocente. Es una reconfiguraci\u00f3n ideol\u00f3gica.<\/p>\n\n\n\n<p>El nombramiento de Bellizzi, al frente del recientemente creado Departamento Federal de Investigaciones, cristaliza esta l\u00f3gica. Se lo presenta como un oficial id\u00f3neo, con trayectoria y experiencia. Pero su designaci\u00f3n no puede aislarse de un marco pol\u00edtico m\u00e1s amplio, en el que Milei ha dejado claro que su proyecto de pa\u00eds no contempla disidencias, ni matices, ni equilibrios institucionales. La creaci\u00f3n del DFI, como parte de la nueva estructura, es el primer paso hacia una Polic\u00eda de \u00e9lite con misiones federales estrat\u00e9gicas, que pueden ser usadas tanto para combatir el crimen como para disciplinar al adversario pol\u00edtico.<\/p>\n\n\n\n<p>No hay que pecar de ingenuidad. En nombre del orden, de la eficacia y de la \u201clucha contra el delito\u201d, se est\u00e1n sentando las bases para una fuerza policial de doctrina autoritaria, funcional a un gobierno que ha naturalizado la represi\u00f3n como m\u00e9todo de gobierno. La misma Patricia Bullrich que hoy designa jefes y firma decretos, es quien ayer persigui\u00f3 a manifestantes, criminaliz\u00f3 la protesta y justific\u00f3 la violencia institucional. Hoy tiene en sus manos el control de una polic\u00eda reestructurada a su imagen y semejanza.<\/p>\n\n\n\n<p>Mientras tanto, la sociedad asiste a estos movimientos con resignaci\u00f3n o indiferencia, absorbida por la inflaci\u00f3n, el ajuste y la crisis. Pero cuando el aparato policial modernizado, tecnificado y verticalista comience a actuar como brazo ejecutor de la intolerancia oficial, ya ser\u00e1 tarde para preguntarse en qu\u00e9 momento la democracia argentina dej\u00f3 de ser tal.<\/p>\n\n\n\n<p><strong>Fuente:<\/strong><\/p>\n\n\n\n<ul class=\"wp-block-list\">\n<li><a href=\"https:\/\/www.infobae.com\/politica\/2025\/08\/05\/designaron-al-jefe-del-departamento-de-investigaciones-de-la-policia-federal\/\">https:\/\/www.infobae.com\/politica\/2025\/08\/05\/designaron-al-jefe-del-departamento-de-investigaciones-de-la-policia-federal\/<\/a><\/li>\n\n\n\n<li><a href=\"https:\/\/www.canal12misiones.com\/noticias-de-misiones\/politica-politica\/jefe-departamento-federal-investigaciones\">https:\/\/www.canal12misiones.com\/noticias-de-misiones\/politica-politica\/jefe-departamento-federal-investigaciones<\/a><\/li>\n<\/ul>\n\n\n\n<p><\/p>\n","protected":false},"excerpt":{"rendered":"<p>El gobierno de Javier Milei, con la firma de Patricia Bullrich, oficializ\u00f3 la designaci\u00f3n de nuevos jefes policiales y avanz\u00f3 con una profunda reforma de la Polic\u00eda Federal. Bajo el pretexto de modernizaci\u00f3n, se consolida un aparato represivo centralizado, funcional al autoritarismo y sin controles democr\u00e1ticos efectivos.<\/p>\n","protected":false},"author":11,"featured_media":7189,"comment_status":"open","ping_status":"open","sticky":false,"template":"","format":"standard","meta":{"_monsterinsights_skip_tracking":false,"_monsterinsights_sitenote_active":false,"_monsterinsights_sitenote_note":"","_monsterinsights_sitenote_category":0,"footnotes":"","jetpack_publicize_message":"","jetpack_publicize_feature_enabled":true,"jetpack_social_post_already_shared":true,"jetpack_social_options":{"image_generator_settings":{"template":"highway","default_image_id":0,"font":"","enabled":false},"version":2}},"categories":[2],"tags":[804,262,1312,2602,45,1039,2603,1271,365,86],"class_list":["post-7188","post","type-post","status-publish","format-standard","has-post-thumbnail","hentry","category-politica","tag-autoritarismo","tag-bullrich","tag-designaciones","tag-estatuto","tag-milei","tag-poder","tag-policia-federal","tag-reforma","tag-represion","tag-seguridad"],"jetpack_publicize_connections":[],"_links":{"self":[{"href":"https:\/\/www.enorsai.com\/noticias\/wp-json\/wp\/v2\/posts\/7188","targetHints":{"allow":["GET"]}}],"collection":[{"href":"https:\/\/www.enorsai.com\/noticias\/wp-json\/wp\/v2\/posts"}],"about":[{"href":"https:\/\/www.enorsai.com\/noticias\/wp-json\/wp\/v2\/types\/post"}],"author":[{"embeddable":true,"href":"https:\/\/www.enorsai.com\/noticias\/wp-json\/wp\/v2\/users\/11"}],"replies":[{"embeddable":true,"href":"https:\/\/www.enorsai.com\/noticias\/wp-json\/wp\/v2\/comments?post=7188"}],"version-history":[{"count":1,"href":"https:\/\/www.enorsai.com\/noticias\/wp-json\/wp\/v2\/posts\/7188\/revisions"}],"predecessor-version":[{"id":7190,"href":"https:\/\/www.enorsai.com\/noticias\/wp-json\/wp\/v2\/posts\/7188\/revisions\/7190"}],"wp:featuredmedia":[{"embeddable":true,"href":"https:\/\/www.enorsai.com\/noticias\/wp-json\/wp\/v2\/media\/7189"}],"wp:attachment":[{"href":"https:\/\/www.enorsai.com\/noticias\/wp-json\/wp\/v2\/media?parent=7188"}],"wp:term":[{"taxonomy":"category","embeddable":true,"href":"https:\/\/www.enorsai.com\/noticias\/wp-json\/wp\/v2\/categories?post=7188"},{"taxonomy":"post_tag","embeddable":true,"href":"https:\/\/www.enorsai.com\/noticias\/wp-json\/wp\/v2\/tags?post=7188"}],"curies":[{"name":"wp","href":"https:\/\/api.w.org\/{rel}","templated":true}]}}