{"id":7179,"date":"2025-08-05T08:48:39","date_gmt":"2025-08-05T11:48:39","guid":{"rendered":"https:\/\/www.enorsai.com\/noticias\/?p=7179"},"modified":"2025-08-05T08:48:39","modified_gmt":"2025-08-05T11:48:39","slug":"cientificos-del-conicet-realizan-paro-nacional-de-48-horas-para-visibilizar-el-vaciamiento-y-reclamar-fondos","status":"publish","type":"post","link":"https:\/\/www.enorsai.com\/noticias\/politica\/cientificos-del-conicet-realizan-paro-nacional-de-48-horas-para-visibilizar-el-vaciamiento-y-reclamar-fondos\/","title":{"rendered":"Cient\u00edficos del CONICET realizan paro nacional de 48 horas para visibilizar el vaciamiento y reclamar fondos"},"content":{"rendered":"\n<p>6 de agosto de 2025 | Por Redacci\u00f3n Enorsai<\/p>\n\n\n\n<figure class=\"wp-block-image\"><img decoding=\"async\" src=\"https:\/\/tuservidor.com\/imagenes\/paro-conicet-agosto-2025.jpg\" alt=\"Paro nacional de CONICET agosto 2025, acampe y protesta cient\u00edfica\"\/><figcaption class=\"wp-element-caption\">Trabajadores y becarios de CONICET marchan en Palermo contra el vaciamiento y por salarios dignos.<\/figcaption><\/figure>\n\n\n\n<h2 class=\"wp-block-heading\">Un paro nacional en defensa de la ciencia y la educaci\u00f3n<\/h2>\n\n\n\n<p>Investigadores, cient\u00edficos, becarios y empleados nucleados en ATE y otras organizaciones realizaron un <strong>paro de 48 horas<\/strong> este 6 y 7 de agosto en todo el pa\u00eds, reclamando <strong>recomposici\u00f3n salarial, recuperaci\u00f3n del presupuesto y el cese del vaciamiento institucional<\/strong> en el sistema de ciencia y tecnolog\u00eda argentino. La movilizaci\u00f3n principal incluye acampes, vigilia, charlas p\u00fablicas, una marcha de antorchas y asambleas en el <strong>Polo Cient\u00edfico Tecnol\u00f3gico de Palermo<\/strong> <a href=\"https:\/\/www.pagina12.com.ar\/847099-bomba-de-tiempo-trabajadores-de-conicet-van-al-paro-contra-e\" rel=\"noreferrer noopener\" target=\"_blank\">[P\u00e1gina 12]<\/a>.<\/p>\n\n\n\n<p>El Conicet atraviesa una crisis hist\u00f3rica: en lo que va de 2025, <strong>perdi\u00f3 casi 1.300 trabajadores<\/strong>, con el 46% del recorte concentrado en becarios doctorales y postdoctorales. Los salarios, denuncian, <strong>cayeron m\u00e1s del 40% en poder adquisitivo<\/strong> y hay m\u00e1s de 850 investigadores y t\u00e9cnicos que ganaron concursos en 2023 pero todav\u00eda esperan ser designados <a href=\"https:\/\/www.reconquistahoy.com\/80720-conicet-y-universidades-en-lucha-paro-de-48-h-por-becas-salario-y-financiamiento\" target=\"_blank\" rel=\"noreferrer noopener\">[Reconquista Hoy]<\/a>. <\/p>\n\n\n\n<p><a href=\"https:\/\/www.enorsai.com.ar\/sociedad\/42615-argentina-pierde-cientificos--adonde-van-y-por-que-se-van.html\"><strong>Argentina pierde cient\u00edficos: \u00bfad\u00f3nde van y por qu\u00e9 se van?<\/strong><\/a><\/p>\n\n\n\n<h2 class=\"wp-block-heading\">Reclamos y demandas gremiales<\/h2>\n\n\n\n<p>Entre los principales reclamos figuran:<\/p>\n\n\n\n<ul class=\"wp-block-list\">\n<li>Recomposici\u00f3n salarial urgente para todos los escalafones<\/li>\n\n\n\n<li>Reapertura de ingresos a la carrera de investigador y personal de apoyo<\/li>\n\n\n\n<li>Pago de becas y actualizaci\u00f3n de salarios postdoctorales<\/li>\n\n\n\n<li>Reactivaci\u00f3n de proyectos paralizados y mayor financiamiento para investigaci\u00f3n<\/li>\n\n\n\n<li>Cese de despidos e incorporaciones ya concursadas<\/li>\n<\/ul>\n\n\n\n<p>La protesta coincide con el furor generado por el \u00abstreaming submarino\u00bb del Conicet y la expedici\u00f3n al ca\u00f1\u00f3n submarino de Mar del Plata, que mostr\u00f3 la potencia de la ciencia nacional aun en contexto de ajuste y desfinanciamiento <a href=\"https:\/\/www.infobae.com\/politica\/2025\/08\/03\/con-un-paro-y-vigilia-se-reactiva-la-protesta-en-el-conicet-en-medio-del-furor-por-el-streaming-submarino\/\" target=\"_blank\" rel=\"noreferrer noopener\">[Infobae]<\/a>. <\/p>\n\n\n\n<figure class=\"wp-block-embed is-type-wp-embed is-provider-incrustado wp-block-embed-incrustado\"><div class=\"wp-block-embed__wrapper\">\n<blockquote class=\"wp-embedded-content\" data-secret=\"6iiVnyTWNL\"><a href=\"https:\/\/www.enorsai.com\/noticias\/sociedad\/milei-paraliza-el-programa-nacional-de-conectividad-y-deja-sin-internet-a-escuelas-y-hospitales\/\">Milei paraliza el Programa Nacional de Conectividad y deja sin internet a escuelas y hospitales<\/a><\/blockquote><iframe loading=\"lazy\" class=\"wp-embedded-content\" sandbox=\"allow-scripts\" security=\"restricted\" style=\"position: absolute; visibility: hidden;\" title=\"\u00abMilei paraliza el Programa Nacional de Conectividad y deja sin internet a escuelas y hospitales\u00bb \u2014 \" src=\"https:\/\/www.enorsai.com\/noticias\/sociedad\/milei-paraliza-el-programa-nacional-de-conectividad-y-deja-sin-internet-a-escuelas-y-hospitales\/embed\/#?secret=63QATpxSV1#?secret=6iiVnyTWNL\" data-secret=\"6iiVnyTWNL\" width=\"600\" height=\"338\" frameborder=\"0\" marginwidth=\"0\" marginheight=\"0\" scrolling=\"no\"><\/iframe>\n<\/div><\/figure>\n\n\n\n<h2 class=\"wp-block-heading\">Un sector fundamental, en peligro real<\/h2>\n\n\n\n<p>Los gremios advierten que, de no haber respuestas, <strong>la fuga de \u00abcerebros\u00bb y la disoluci\u00f3n de equipos de investigaci\u00f3n estrat\u00e9gica ser\u00e1 irreversible<\/strong>. La situaci\u00f3n fue alertada incluso por la revista Nature como un \u00abcienticidio\u00bb. Insistieron en que <strong>sin pol\u00edticas activas ni financiamiento, Argentina podr\u00eda perder una generaci\u00f3n cient\u00edfica clave<\/strong> <a href=\"https:\/\/www.rosario3.com\/informaciongeneral\/El-Conicet-anuncia-un-paro-por-48-horas-en-reclamo-de-mejoras-salariales-e-incremento-de-fondos-para-investigacion-20250803-0013.html\" rel=\"noreferrer noopener\" target=\"_blank\">[Rosario3]<\/a>.<\/p>\n\n\n\n<p>El epicentro de la protesta es el Polo Cient\u00edfico, pero hay medidas replicadas en universidades y organismos en todo el pa\u00eds.<\/p>\n\n\n\n<h3 class=\"wp-block-heading\">Te puede interesar<\/h3>\n\n\n\n<ul class=\"wp-block-list\">\n<li><a href=\"https:\/\/enorsai.com.ar\/educacion\/2025\/06\/universidades-en-lucha.html\">Universidades en lucha: docentes y estudiantes reclaman presupuesto<\/a><\/li>\n\n\n\n<li><a href=\"https:\/\/enorsai.com.ar\/ciencia\/2025\/06\/fuga-cerebros-vaciamiento-conicet.html\">Fuga de cerebros y vaciamiento: radiograf\u00eda de la crisis en el Conicet<\/a><\/li>\n\n\n\n<li><a href=\"https:\/\/enorsai.com.ar\/opinion\/2025\/07\/nadie-se-salva-solo-defensa-ciencia-publica.html\">Nadie se salva solo: defensa de la ciencia p\u00fablica y gratuita<\/a><\/li>\n<\/ul>\n\n\n\n<p>Fuente: <a href=\"https:\/\/www.c5n.com\/\" rel=\"noreferrer noopener\" target=\"_blank\">C5N &#8211; Ma\u00f1anas Argentinas<\/a> | <a href=\"https:\/\/vip.ejes.com\/ejes_multimedia_download.cfm?file_url=https%3A%2F%2Fmedia2.ejes.com%2Fvideos%2F202508%2F05%2FV30488137%5F01%5FH264%2Emp4\" rel=\"noreferrer noopener\" target=\"_blank\">Ver video completo<\/a><\/p>\n","protected":false},"excerpt":{"rendered":"<p>6 de agosto de 2025 | Por Redacci\u00f3n Enorsai Un paro nacional en defensa de la ciencia y la educaci\u00f3n Investigadores, cient\u00edficos, becarios y empleados nucleados en ATE y otras organizaciones realizaron un paro de 48 horas este 6 y 7 de agosto en todo el pa\u00eds, reclamando recomposici\u00f3n salarial, recuperaci\u00f3n del presupuesto y el&#8230;<\/p>\n","protected":false},"author":4,"featured_media":7182,"comment_status":"open","ping_status":"open","sticky":false,"template":"","format":"standard","meta":{"_monsterinsights_skip_tracking":false,"_monsterinsights_sitenote_active":false,"_monsterinsights_sitenote_note":"","_monsterinsights_sitenote_category":0,"footnotes":"","jetpack_publicize_message":"\ud83d\udd2c\ud83d\udea8 Ciencia en alerta: paro nacional y protesta del CONICET por salarios y contra el vaciamiento\n\n","jetpack_publicize_feature_enabled":true,"jetpack_social_post_already_shared":false,"jetpack_social_options":{"image_generator_settings":{"template":"highway","default_image_id":0,"enabled":false},"version":2}},"categories":[6,2],"tags":[],"class_list":["post-7179","post","type-post","status-publish","format-standard","has-post-thumbnail","hentry","category-ciencia-y-tecnologia","category-politica"],"jetpack_publicize_connections":[],"_links":{"self":[{"href":"https:\/\/www.enorsai.com\/noticias\/wp-json\/wp\/v2\/posts\/7179","targetHints":{"allow":["GET"]}}],"collection":[{"href":"https:\/\/www.enorsai.com\/noticias\/wp-json\/wp\/v2\/posts"}],"about":[{"href":"https:\/\/www.enorsai.com\/noticias\/wp-json\/wp\/v2\/types\/post"}],"author":[{"embeddable":true,"href":"https:\/\/www.enorsai.com\/noticias\/wp-json\/wp\/v2\/users\/4"}],"replies":[{"embeddable":true,"href":"https:\/\/www.enorsai.com\/noticias\/wp-json\/wp\/v2\/comments?post=7179"}],"version-history":[{"count":1,"href":"https:\/\/www.enorsai.com\/noticias\/wp-json\/wp\/v2\/posts\/7179\/revisions"}],"predecessor-version":[{"id":7183,"href":"https:\/\/www.enorsai.com\/noticias\/wp-json\/wp\/v2\/posts\/7179\/revisions\/7183"}],"wp:featuredmedia":[{"embeddable":true,"href":"https:\/\/www.enorsai.com\/noticias\/wp-json\/wp\/v2\/media\/7182"}],"wp:attachment":[{"href":"https:\/\/www.enorsai.com\/noticias\/wp-json\/wp\/v2\/media?parent=7179"}],"wp:term":[{"taxonomy":"category","embeddable":true,"href":"https:\/\/www.enorsai.com\/noticias\/wp-json\/wp\/v2\/categories?post=7179"},{"taxonomy":"post_tag","embeddable":true,"href":"https:\/\/www.enorsai.com\/noticias\/wp-json\/wp\/v2\/tags?post=7179"}],"curies":[{"name":"wp","href":"https:\/\/api.w.org\/{rel}","templated":true}]}}