{"id":7175,"date":"2025-08-05T07:49:13","date_gmt":"2025-08-05T10:49:13","guid":{"rendered":"https:\/\/www.enorsai.com\/noticias\/?p=7175"},"modified":"2025-08-05T07:49:13","modified_gmt":"2025-08-05T10:49:13","slug":"bondarenko-el-poli-candidato-el-excomisario-clave-de-karina-milei-para-conquistar-la-tercera-seccion-de-buenos-aires","status":"publish","type":"post","link":"https:\/\/www.enorsai.com\/noticias\/politica\/bondarenko-el-poli-candidato-el-excomisario-clave-de-karina-milei-para-conquistar-la-tercera-seccion-de-buenos-aires\/","title":{"rendered":"Bondarenko, el \u201cpoli-candidato\u201d: El excomisario clave de Karina Milei para conquistar la tercera secci\u00f3n de Buenos Aires"},"content":{"rendered":"\n<p>5 de agosto de 2025 | Por Redacci\u00f3n Enorsai<\/p>\n\n\n\n<figure class=\"wp-block-image\"><img decoding=\"async\" src=\"https:\/\/tuservidor.com\/imagenes\/bondarenko-poli-candidato-c5n.jpg\" alt=\"Maximiliano Bondarenko poli-candidato La Libertad Avanza Karina Milei\"\/><figcaption class=\"wp-element-caption\">Maximiliano Bondarenko, excomisario y figura clave en la estrategia electoral bonaerense de Karina Milei.<\/figcaption><\/figure>\n\n\n\n<h2 class=\"wp-block-heading\">\u00bfQui\u00e9n es Bondarenko y por qu\u00e9 es clave para Karina Milei?<\/h2>\n\n\n\n<p><a href=\"https:\/\/www.pagina12.com.ar\/846830-maximiliano-bondarenko-el-candidato-libertario-que-vive-como\">Maximiliano Bondarenko<\/a>, excomisario y ahora candidato a diputado provincial por la tercera secci\u00f3n electoral de Buenos Aires, se ha convertido en el m\u00e1ximo referente del dispositivo electoral que Karina Milei impulsa en la provincia. Su trayectoria lo ubica como un actor central para captar el voto policial y construir m\u00fasculo territorial donde La Libertad Avanza apunta a desafiar la hegemon\u00eda peronista.<\/p>\n\n\n\n<p>La reciente renuncia de Bondarenko a la polic\u00eda \u2014tras 27 a\u00f1os de servicio\u2014 sorprendi\u00f3 por su motivaci\u00f3n: \u201cQuiero ser libre para opinar y participar, por m\u00ed y mis compa\u00f1eros\u201d, afirm\u00f3 al anunciar su dr\u00e1stico salto a la pol\u00edtica partidaria, evidenciando sus fichas puestas en el proyecto libertario.<\/p>\n\n\n\n<h2 class=\"wp-block-heading\">De la Bonaerense al Concejo y la pol\u00edtica de alianzas<\/h2>\n\n\n\n<p>Contra lo que marca la ley (que proh\u00edbe participaci\u00f3n pol\u00edtica a polic\u00edas en actividad), Bondarenko mantuvo v\u00ednculos con el poder: fue jefe de custodia de Felipe Sol\u00e1 y luego forj\u00f3 lazos con figuras como Sebasti\u00e1n Garc\u00eda de Luca y Facundo Manes. As\u00ed lleg\u00f3 a la concejal\u00eda en Florencio Varela (2017-2021) y desempe\u00f1\u00f3 funciones en el RENAPER bonaerense, siempre orbitando entre espacios de Juntos por el Cambio y luego aliados libertarios.<\/p>\n\n\n\n<p>Lo llaman \u201cel vigiprofe\u201d por su estilo did\u00e1ctico y liderazgo entre los uniformados. Su arrastre interno preocupa al oficialismo y es visto como potencial polo para seducir al \u201cvoto gorra\u201d: unos 95.000 efectivos de la Bonaerense, segmento clave de la tercera secci\u00f3n electoral.<\/p>\n\n\n\n<figure class=\"wp-block-embed is-type-wp-embed is-provider-incrustado wp-block-embed-incrustado\"><div class=\"wp-block-embed__wrapper\">\n<blockquote class=\"wp-embedded-content\" data-secret=\"Pe9GiNhRfE\"><a href=\"https:\/\/www.enorsai.com\/noticias\/politica\/el-emporio-millonario-del-hijo-de-bullrich-70-bares-una-denuncia-congelada-y-muchas-sospechas\/\">El emporio millonario del hijo de Bullrich: 70 bares, una denuncia congelada y muchas sospechas<\/a><\/blockquote><iframe loading=\"lazy\" class=\"wp-embedded-content\" sandbox=\"allow-scripts\" security=\"restricted\" style=\"position: absolute; visibility: hidden;\" title=\"\u00abEl emporio millonario del hijo de Bullrich: 70 bares, una denuncia congelada y muchas sospechas\u00bb \u2014 \" src=\"https:\/\/www.enorsai.com\/noticias\/politica\/el-emporio-millonario-del-hijo-de-bullrich-70-bares-una-denuncia-congelada-y-muchas-sospechas\/embed\/#?secret=2zOwm6261H#?secret=Pe9GiNhRfE\" data-secret=\"Pe9GiNhRfE\" width=\"600\" height=\"338\" frameborder=\"0\" marginwidth=\"0\" marginheight=\"0\" scrolling=\"no\"><\/iframe>\n<\/div><\/figure>\n\n\n\n<h2 class=\"wp-block-heading\">Esc\u00e1ndalos, pol\u00e9micas y usurpaci\u00f3n de terrenos<\/h2>\n\n\n\n<p>Su entorno qued\u00f3 se\u00f1alado en los \u00faltimos meses por denuncias sobre polic\u00edas en actividad que lo beneficiar\u00edan, recolectando informaci\u00f3n y coordinando campa\u00f1as por canales clandestinos (\u201cRocket\u201d), situaci\u00f3n que motiv\u00f3 investigaciones de Asuntos Internos y apartamiento de personal. Una reciente investigaci\u00f3n period\u00edstica tambi\u00e9n apunta a la presunta usurpaci\u00f3n de tierras en Citibel, donde Bondarenko habr\u00eda construido su residencia.<\/p>\n\n\n\n<p>Cr\u00edticas aparte, sus aliados resaltan carisma, audacia y notable capacidad de adaptaci\u00f3n ideol\u00f3gica: del radicalismo a la Libertad Avanza, pasando por Cambiemos y el armado peronista local.<\/p>\n\n\n\n<h2 class=\"wp-block-heading\">La apuesta de Karina: seguridad, territorio y proyecci\u00f3n<\/h2>\n\n\n\n<p>Karina Milei ve en Bondarenko el vector ideal para disputar uno de los bastiones m\u00e1s amplios y complejos de la Provincia. Aunque la candidatura es provincial, no se descarta una futura proyecci\u00f3n nacional si la experiencia bonaerense resulta exitosa. Su poder de influencia y arraigo en las fuerzas de seguridad son, para el espacio libertario, el trampol\u00edn ideal para tentar al codiciado \u201cvoto uniforme\u201d y quebrar la l\u00f3gica peronista en la regi\u00f3n.<\/p>\n\n\n\n<h3 class=\"wp-block-heading\">Te puede interesar<\/h3>\n\n\n\n<ul class=\"wp-block-list\">\n<li><a href=\"https:\/\/enorsai.com.ar\/politica\/2025\/08\/karina-milei-apuesta-seguridad-buenosaires.html\">La estrategia de seguridad de Karina Milei para Buenos Aires<\/a><\/li>\n\n\n\n<li><a href=\"https:\/\/enorsai.com.ar\/actualidad\/2025\/07\/megacandidatos-bonaerenses-2025.html\">La ola de \u201cmega-candidatos\u201d en la provincia: \u00bfnuevos liderazgos o reciclaje pol\u00edtico?<\/a><\/li>\n\n\n\n<li><a href=\"https:\/\/enorsai.com.ar\/analisis\/2025\/08\/el-voto-gorra-bonaerense.html\">\u00bfQu\u00e9 es el \u201cvoto gorra\u201d y c\u00f3mo impacta en las elecciones bonaerenses?<\/a><\/li>\n<\/ul>\n\n\n\n<p>Fuente: <a href=\"https:\/\/www.c5n.com\/\" target=\"_blank\" rel=\"noreferrer noopener\">C5N &#8211; Noticias de 1 a 6<\/a> | <a href=\"https:\/\/vip.ejes.com\/ejes_multimedia_download.cfm?file_url=https%3A%2F%2Fmedia2.ejes.com%2Fvideos%2F202508%2F05%2FV30477494%5F01%5FH264%2Emp4\" target=\"_blank\" rel=\"noreferrer noopener\">Ver video completo<\/a> <\/p>\n","protected":false},"excerpt":{"rendered":"<p>Maximiliano Bondarenko, excomisario y figura carism\u00e1tica, es la gran apuesta de Karina Milei y La Libertad Avanza para disputar la estrat\u00e9gica tercera secci\u00f3n electoral bonaerense. Entre esc\u00e1ndalos, licencias y alianzas cambiantes, su rol es clave para captar el codiciado \u201cvoto gorra\u201d e intentar romper la hegemon\u00eda peronista en la regi\u00f3n.<\/p>\n","protected":false},"author":4,"featured_media":7177,"comment_status":"open","ping_status":"open","sticky":false,"template":"","format":"standard","meta":{"_monsterinsights_skip_tracking":false,"_monsterinsights_sitenote_active":false,"_monsterinsights_sitenote_note":"","_monsterinsights_sitenote_category":0,"footnotes":"","jetpack_publicize_message":"\ud83d\udcbc\ud83d\udd2b \u00bfQui\u00e9n es Bondarenko? El excomisario con el que Karina Milei busca conquistar el voto policial bonaerense","jetpack_publicize_feature_enabled":true,"jetpack_social_post_already_shared":false,"jetpack_social_options":{"image_generator_settings":{"template":"highway","default_image_id":0,"enabled":false},"version":2}},"categories":[2,4],"tags":[2584,2588,1076,2585,1411,2583,2582,2586,174,446,2587,2264,363,2261,1762,86,2580,126,2581],"class_list":["post-7175","post","type-post","status-publish","format-standard","has-post-thumbnail","hentry","category-politica","category-sociedad","tag-armados-politicos","tag-c5n","tag-campana-electoral","tag-citibel","tag-elecciones-2025","tag-escandalo-policial","tag-excomisario","tag-juntos-por-el-cambio","tag-karina-milei","tag-la-libertad-avanza","tag-liderazgo-policial","tag-maximiliano-bondarenko","tag-peronismo","tag-policia-bonaerense","tag-politica-bonaerense","tag-seguridad","tag-tercera-seccion-electoral","tag-usurpacion","tag-voto-gorra"],"jetpack_publicize_connections":[],"_links":{"self":[{"href":"https:\/\/www.enorsai.com\/noticias\/wp-json\/wp\/v2\/posts\/7175","targetHints":{"allow":["GET"]}}],"collection":[{"href":"https:\/\/www.enorsai.com\/noticias\/wp-json\/wp\/v2\/posts"}],"about":[{"href":"https:\/\/www.enorsai.com\/noticias\/wp-json\/wp\/v2\/types\/post"}],"author":[{"embeddable":true,"href":"https:\/\/www.enorsai.com\/noticias\/wp-json\/wp\/v2\/users\/4"}],"replies":[{"embeddable":true,"href":"https:\/\/www.enorsai.com\/noticias\/wp-json\/wp\/v2\/comments?post=7175"}],"version-history":[{"count":1,"href":"https:\/\/www.enorsai.com\/noticias\/wp-json\/wp\/v2\/posts\/7175\/revisions"}],"predecessor-version":[{"id":7178,"href":"https:\/\/www.enorsai.com\/noticias\/wp-json\/wp\/v2\/posts\/7175\/revisions\/7178"}],"wp:featuredmedia":[{"embeddable":true,"href":"https:\/\/www.enorsai.com\/noticias\/wp-json\/wp\/v2\/media\/7177"}],"wp:attachment":[{"href":"https:\/\/www.enorsai.com\/noticias\/wp-json\/wp\/v2\/media?parent=7175"}],"wp:term":[{"taxonomy":"category","embeddable":true,"href":"https:\/\/www.enorsai.com\/noticias\/wp-json\/wp\/v2\/categories?post=7175"},{"taxonomy":"post_tag","embeddable":true,"href":"https:\/\/www.enorsai.com\/noticias\/wp-json\/wp\/v2\/tags?post=7175"}],"curies":[{"name":"wp","href":"https:\/\/api.w.org\/{rel}","templated":true}]}}