{"id":7167,"date":"2025-08-05T06:11:35","date_gmt":"2025-08-05T09:11:35","guid":{"rendered":"https:\/\/www.enorsai.com\/noticias\/?p=7167"},"modified":"2025-08-05T06:11:35","modified_gmt":"2025-08-05T09:11:35","slug":"roberto-feletti-a-milei-hay-que-responderle-que-el-dolar-no-flota-vuela","status":"publish","type":"post","link":"https:\/\/www.enorsai.com\/noticias\/politica\/roberto-feletti-a-milei-hay-que-responderle-que-el-dolar-no-flota-vuela\/","title":{"rendered":"Roberto Feletti: \u00abA Milei hay que responderle que el d\u00f3lar no flota, vuela\u00bb"},"content":{"rendered":"\n<p><strong><em>En una entrevista con AM530, el economista Roberto Feletti desmont\u00f3 el relato oficial sobre el tipo de cambio, apunt\u00f3 contra Luis Caputo, y asegur\u00f3 que el salto cambiario no solo desmiente la \u00abdesinflaci\u00f3n\u00bb, sino que anticipa un desenlace similar al del colapso de 2018. \u201cEst\u00e1 roto el sistema de producci\u00f3n y consumo\u201d, afirm\u00f3.<\/em><\/strong><\/p>\n\n\n\n<p>La pr\u00e9dica libertaria de Javier Milei, montada sobre el supuesto \u201cordenamiento macroecon\u00f3mico\u201d y una presunta estabilizaci\u00f3n monetaria, est\u00e1 cada vez m\u00e1s alejada de la realidad. Frente a esa desconexi\u00f3n, el economista Roberto Feletti lanz\u00f3 una advertencia brutal: \u201cA Milei hay que responderle que el d\u00f3lar no flota, vuela\u201d. No se trata solo de una frase provocadora; es una s\u00edntesis cruda del deterioro econ\u00f3mico que, aunque disfrazado de narrativa antiinflacionaria, se traduce en m\u00e1s desigualdad, m\u00e1s pobreza y menos horizonte.<\/p>\n\n\n\n<p>Feletti, con vasta experiencia en la gesti\u00f3n p\u00fablica y conocimiento t\u00e9cnico, dialog\u00f3 con Andrea Rec\u00fapero en AM530 Somos Radio y expuso sin eufemismos el desmoronamiento progresivo de la econom\u00eda real. El aumento del d\u00f3lar, explic\u00f3, no es un fen\u00f3meno aislado ni neutro. En los \u00faltimos tres meses, la divisa escal\u00f3 un 20%, pasando de menos de 1100 pesos a casi 1400. Pero lo m\u00e1s grave, seg\u00fan su mirada, es que esta suba se traslada a precios \u201cpor goteo\u201d, empujando el costo de vida sin pausa ni control.<\/p>\n\n\n\n<p>La trampa libertaria aparece cuando el gobierno intenta maquillar la recesi\u00f3n como un triunfo contra la inflaci\u00f3n. Feletti no compra ese relato. \u201cEl trabajador nota que cada d\u00eda es m\u00e1s dif\u00edcil completar una vida digna\u201d, dispar\u00f3. En un contexto donde el poder adquisitivo se desploma y la demanda interna se contrae, las empresas trasladan a precios lo que pueden: especialmente alimentos, transporte y servicios esenciales. \u201cLa gente tiene que comer\u201d, se\u00f1al\u00f3 con claridad. El resultado: la inflaci\u00f3n baja en los papeles, pero la vida cotidiana se encarece por las v\u00edas m\u00e1s crueles.<\/p>\n\n\n\n<p>El salto cambiario de julio, que fue del 14%, seg\u00fan el propio Feletti, es solo un eslab\u00f3n m\u00e1s en una cadena que parece estar conduciendo a un abismo conocido. \u201cSi Caputo es el Ministro es probable que todo termine como en 2018\u201d, afirm\u00f3, en alusi\u00f3n directa al colapso econ\u00f3mico que protagoniz\u00f3 el mismo funcionario durante el gobierno de Mauricio Macri. \u00bfDe verdad alguien puede sorprenderse? La frase infame de Caputo, \u201ccompr\u00e1, campe\u00f3n\u201d, no solo exhibe su frivolidad sino la absoluta desconexi\u00f3n con la tragedia social que provocan sus pol\u00edticas.<\/p>\n\n\n\n<p>Pero lo m\u00e1s inquietante no es el personaje, sino el esquema que se est\u00e1 consolidando con la complicidad del Fondo Monetario Internacional. \u201cEl Fondo les da el apoyo pero obliga al salto cambiario\u201d, denunci\u00f3 Feletti, desnudando la l\u00f3gica perversa que empuja al pa\u00eds a repetir una y otra vez el mismo libreto fallido. La falta de ingresos de capitales, a diferencia del primer menemismo que al menos pudo atraer inversiones extranjeras mediante privatizaciones, deja a Milei sin herramientas para contener el frente externo. \u201cSe crey\u00f3 que era Menem pero le fall\u00f3 el ingreso de capitales importantes\u201d, sentenci\u00f3.<\/p>\n\n\n\n<p>No hay \u00e9pica de mercado que valga cuando se rompe el entramado productivo. \u201cEst\u00e1 roto el sistema de producci\u00f3n y consumo\u201d, describi\u00f3 con precisi\u00f3n quir\u00fargica, al tiempo que advirti\u00f3 que en cada devaluaci\u00f3n se pone de manifiesto la insostenibilidad del modelo actual. Nada funciona cuando las pymes no pueden trasladar costos, los salarios pierden contra los precios y el d\u00f3lar se dispara sin control. La ficci\u00f3n monetaria del gobierno se derrumba cada vez que una familia llega al supermercado o paga la factura de luz.<\/p>\n\n\n\n<p>Feletti no se limit\u00f3 a lo econ\u00f3mico. Como quien entiende que todo est\u00e1 conectado, record\u00f3 un punto de quiebre en la historia reciente: \u201cDesde que gatillaron en la cabeza a Cristina, se rompi\u00f3 el pacto democr\u00e1tico en Argentina\u201d. La frase no es menor. Invita a pensar el deterioro no solo como una cuesti\u00f3n t\u00e9cnica, sino como parte de un proceso de ruptura del contrato social, donde la violencia pol\u00edtica y la desigualdad econ\u00f3mica se retroalimentan peligrosamente.<\/p>\n\n\n\n<p>Sin estridencias pero con contundencia, Feletti tambi\u00e9n se refiri\u00f3 al espacio Fuerza Patria, asegurando que lo ve bien y que las tensiones internas han sido superadas. Tal vez, en medio de la tormenta, vislumbra un germen de reconstrucci\u00f3n pol\u00edtica desde donde enfrentar el desastre. Pero para eso hace falta algo m\u00e1s que voluntad. Hace falta un diagn\u00f3stico certero, sin complacencias ni relatos m\u00e1gicos, que se anime a decir lo que otros callan: que el modelo Milei no solo es cruel, sino profundamente inviable.<\/p>\n\n\n\n<p>Es evidente que el gobierno ha optado por una estrategia de shock que prioriza el ajuste y la especulaci\u00f3n financiera, dejando en segundo plano a la econom\u00eda real, esa que late en los barrios, en los comercios, en los talleres y en las mesas familiares. En ese contexto, la advertencia de Feletti resuena como un grito inc\u00f3modo: el d\u00f3lar no flota, vuela, y con \u00e9l se va la estabilidad, el salario, el futuro. La pregunta ya no es cu\u00e1nto tiempo m\u00e1s puede sostenerse este esquema. La verdadera pregunta es cu\u00e1nto da\u00f1o m\u00e1s puede tolerar la sociedad argenentina antes de decir basta.<\/p>\n\n\n\n<p><strong>Fuente:<\/strong><br><a>https:\/\/am530somosradio.com\/roberto-feletti-a-milei-hay-que-responderle-que-el-dolar-no-flota-vuela\/<\/a><\/p>\n","protected":false},"excerpt":{"rendered":"<p>En una entrevista con AM530, el economista Roberto Feletti desmont\u00f3 el relato oficial sobre el tipo de cambio, apunt\u00f3 contra Luis Caputo, y asegur\u00f3 que el salto cambiario no solo desmiente la \u00abdesinflaci\u00f3n\u00bb, sino que anticipa un desenlace similar al del colapso de 2018. \u201cEst\u00e1 roto el sistema de producci\u00f3n y consumo\u201d, afirm\u00f3. La pr\u00e9dica&#8230;<\/p>\n","protected":false},"author":9,"featured_media":7168,"comment_status":"open","ping_status":"open","sticky":false,"template":"","format":"standard","meta":{"_monsterinsights_skip_tracking":false,"_monsterinsights_sitenote_active":false,"_monsterinsights_sitenote_note":"","_monsterinsights_sitenote_category":0,"footnotes":"","jetpack_publicize_message":"","jetpack_publicize_feature_enabled":true,"jetpack_social_post_already_shared":true,"jetpack_social_options":{"image_generator_settings":{"template":"highway","default_image_id":0,"font":"","enabled":false},"version":2}},"categories":[2],"tags":[58,184,282,15,2579,90,227,45,1169,101],"class_list":["post-7167","post","type-post","status-publish","format-standard","has-post-thumbnail","hentry","category-politica","tag-ajuste","tag-caputo","tag-dolar","tag-economia","tag-feletti","tag-fmi","tag-inflacion","tag-milei","tag-precios","tag-recesion"],"jetpack_publicize_connections":[],"_links":{"self":[{"href":"https:\/\/www.enorsai.com\/noticias\/wp-json\/wp\/v2\/posts\/7167","targetHints":{"allow":["GET"]}}],"collection":[{"href":"https:\/\/www.enorsai.com\/noticias\/wp-json\/wp\/v2\/posts"}],"about":[{"href":"https:\/\/www.enorsai.com\/noticias\/wp-json\/wp\/v2\/types\/post"}],"author":[{"embeddable":true,"href":"https:\/\/www.enorsai.com\/noticias\/wp-json\/wp\/v2\/users\/9"}],"replies":[{"embeddable":true,"href":"https:\/\/www.enorsai.com\/noticias\/wp-json\/wp\/v2\/comments?post=7167"}],"version-history":[{"count":1,"href":"https:\/\/www.enorsai.com\/noticias\/wp-json\/wp\/v2\/posts\/7167\/revisions"}],"predecessor-version":[{"id":7169,"href":"https:\/\/www.enorsai.com\/noticias\/wp-json\/wp\/v2\/posts\/7167\/revisions\/7169"}],"wp:featuredmedia":[{"embeddable":true,"href":"https:\/\/www.enorsai.com\/noticias\/wp-json\/wp\/v2\/media\/7168"}],"wp:attachment":[{"href":"https:\/\/www.enorsai.com\/noticias\/wp-json\/wp\/v2\/media?parent=7167"}],"wp:term":[{"taxonomy":"category","embeddable":true,"href":"https:\/\/www.enorsai.com\/noticias\/wp-json\/wp\/v2\/categories?post=7167"},{"taxonomy":"post_tag","embeddable":true,"href":"https:\/\/www.enorsai.com\/noticias\/wp-json\/wp\/v2\/tags?post=7167"}],"curies":[{"name":"wp","href":"https:\/\/api.w.org\/{rel}","templated":true}]}}