{"id":716,"date":"2025-02-06T06:30:45","date_gmt":"2025-02-06T09:30:45","guid":{"rendered":"https:\/\/www.enorsai.com\/noticias\/?p=716"},"modified":"2025-02-06T06:20:56","modified_gmt":"2025-02-06T09:20:56","slug":"nicolas-kreplak-ajustar-en-salud-es-poner-en-peligro-la-vida-de-todos-los-argentinos","status":"publish","type":"post","link":"https:\/\/www.enorsai.com\/noticias\/politica\/nicolas-kreplak-ajustar-en-salud-es-poner-en-peligro-la-vida-de-todos-los-argentinos\/","title":{"rendered":"Nicol\u00e1s Kreplak: \u00abAjustar en salud es poner en peligro la vida de todos los argentinos\u00bb"},"content":{"rendered":"\n<p><strong><em>El ministro de Salud de la provincia de Buenos Aires, Nicol\u00e1s Kreplak, expuso en su cuenta de Twitter el brutal recorte en el sistema de salud p\u00fablica ejecutado por el gobierno de Javier Milei en apenas 60 d\u00edas de gesti\u00f3n.  <br><\/em><\/strong><br>\u00abEl Gobierno Nacional cerr\u00f3 el Bonaparte en plena crisis de salud mental, dejando a cientos de personas sin atenci\u00f3n. Ech\u00f3 a 1.400 trabajadores desmantelando \u00e1reas claves, de los cuales el 40% era personal de la Direcci\u00f3n de Respuesta al VIH, Hepatitis y Tuberculosis, donde adem\u00e1s redujo un 76% los fondos destinados, denunci\u00f3 Kreplak.  <br><br>El ajuste tambi\u00e9n impacta en **pol\u00edticas de salud sexual integral**, con la suspensi\u00f3n de la entrega de preservativos, anticonceptivos e insumos esenciales, as\u00ed como en la cobertura de medicamentos para jubilados y la reducci\u00f3n de la provisi\u00f3n de f\u00e1rmacos de alto costo, incluidos tratamientos oncol\u00f3gicos y cr\u00f3nicos para pacientes pedi\u00e1tricos.  <br><br>\u00abAjustar en salud no es una soluci\u00f3n a la econom\u00eda. Es poner en peligro la vida de todos los argentinos\u00bb*, concluy\u00f3 Kreplak, dejando en evidencia que el modelo de Milei no solo recorta derechos, sino que tambi\u00e9n pone en riesgo la salud y la vida de la poblaci\u00f3n.<\/p>\n\n\n\n<figure class=\"wp-block-image size-large is-resized\"><img loading=\"lazy\" decoding=\"async\" width=\"685\" height=\"1024\" src=\"https:\/\/www.enorsai.com\/noticias\/wp-content\/uploads\/2025\/02\/WhatsApp-Image-2025-02-05-at-18.30.25-685x1024.jpeg\" alt=\"\" class=\"wp-image-726\" style=\"width:509px;height:auto\" srcset=\"https:\/\/www.enorsai.com\/noticias\/wp-content\/uploads\/2025\/02\/WhatsApp-Image-2025-02-05-at-18.30.25-685x1024.jpeg 685w, https:\/\/www.enorsai.com\/noticias\/wp-content\/uploads\/2025\/02\/WhatsApp-Image-2025-02-05-at-18.30.25-201x300.jpeg 201w, https:\/\/www.enorsai.com\/noticias\/wp-content\/uploads\/2025\/02\/WhatsApp-Image-2025-02-05-at-18.30.25-768x1148.jpeg 768w, https:\/\/www.enorsai.com\/noticias\/wp-content\/uploads\/2025\/02\/WhatsApp-Image-2025-02-05-at-18.30.25-1027x1536.jpeg 1027w, https:\/\/www.enorsai.com\/noticias\/wp-content\/uploads\/2025\/02\/WhatsApp-Image-2025-02-05-at-18.30.25.jpeg 1070w\" sizes=\"auto, (max-width: 685px) 100vw, 685px\" \/><\/figure>\n\n\n\n<p><\/p>\n\n\n","protected":false},"excerpt":{"rendered":"<p>El ministro de Salud de la provincia de Buenos Aires, Nicol\u00e1s Kreplak, expuso en su cuenta de Twitter el brutal recorte en el sistema de salud p\u00fablica ejecutado por el gobierno de Javier Milei en apenas 60 d\u00edas de gesti\u00f3n.  <\/p>\n","protected":false},"author":1,"featured_media":727,"comment_status":"open","ping_status":"open","sticky":false,"template":"","format":"standard","meta":{"_monsterinsights_skip_tracking":false,"_monsterinsights_sitenote_active":false,"_monsterinsights_sitenote_note":"","_monsterinsights_sitenote_category":0,"footnotes":"","jetpack_publicize_message":"","jetpack_publicize_feature_enabled":true,"jetpack_social_post_already_shared":true,"jetpack_social_options":{"image_generator_settings":{"template":"highway","default_image_id":0,"font":"","enabled":false},"version":2}},"categories":[2,4],"tags":[250,45,249],"class_list":["post-716","post","type-post","status-publish","format-standard","has-post-thumbnail","hentry","category-politica","category-sociedad","tag-kreplak","tag-milei","tag-salud"],"jetpack_publicize_connections":[],"_links":{"self":[{"href":"https:\/\/www.enorsai.com\/noticias\/wp-json\/wp\/v2\/posts\/716","targetHints":{"allow":["GET"]}}],"collection":[{"href":"https:\/\/www.enorsai.com\/noticias\/wp-json\/wp\/v2\/posts"}],"about":[{"href":"https:\/\/www.enorsai.com\/noticias\/wp-json\/wp\/v2\/types\/post"}],"author":[{"embeddable":true,"href":"https:\/\/www.enorsai.com\/noticias\/wp-json\/wp\/v2\/users\/1"}],"replies":[{"embeddable":true,"href":"https:\/\/www.enorsai.com\/noticias\/wp-json\/wp\/v2\/comments?post=716"}],"version-history":[{"count":2,"href":"https:\/\/www.enorsai.com\/noticias\/wp-json\/wp\/v2\/posts\/716\/revisions"}],"predecessor-version":[{"id":728,"href":"https:\/\/www.enorsai.com\/noticias\/wp-json\/wp\/v2\/posts\/716\/revisions\/728"}],"wp:featuredmedia":[{"embeddable":true,"href":"https:\/\/www.enorsai.com\/noticias\/wp-json\/wp\/v2\/media\/727"}],"wp:attachment":[{"href":"https:\/\/www.enorsai.com\/noticias\/wp-json\/wp\/v2\/media?parent=716"}],"wp:term":[{"taxonomy":"category","embeddable":true,"href":"https:\/\/www.enorsai.com\/noticias\/wp-json\/wp\/v2\/categories?post=716"},{"taxonomy":"post_tag","embeddable":true,"href":"https:\/\/www.enorsai.com\/noticias\/wp-json\/wp\/v2\/tags?post=716"}],"curies":[{"name":"wp","href":"https:\/\/api.w.org\/{rel}","templated":true}]}}