{"id":7154,"date":"2025-08-04T22:24:32","date_gmt":"2025-08-05T01:24:32","guid":{"rendered":"https:\/\/www.enorsai.com\/noticias\/?p=7154"},"modified":"2025-08-04T22:24:47","modified_gmt":"2025-08-05T01:24:47","slug":"piden-prision-perpetua-para-dos-exdirectivos-de-acindar-por-crimenes-de-lesa-humanidad-en-1975","status":"publish","type":"post","link":"https:\/\/www.enorsai.com\/noticias\/derechos-humanos\/piden-prision-perpetua-para-dos-exdirectivos-de-acindar-por-crimenes-de-lesa-humanidad-en-1975\/","title":{"rendered":"Piden prisi\u00f3n perpetua para dos exdirectivos de Acindar por cr\u00edmenes de lesa humanidad en 1975"},"content":{"rendered":"\n<p><strong><em>En una audiencia cargada de memoria, verdad y exigencia de justicia, el Ministerio P\u00fablico Fiscal pidi\u00f3 penas ejemplares para empresarios y fuerzas de seguridad involucrados en cr\u00edmenes atroces cometidos antes del golpe militar. El juicio por \u201cEl Villazo\u201d saca a la luz el rol activo del poder econ\u00f3mico en el terrorismo de Estado.<\/em><\/strong><\/p>\n\n\n\n<p>El tiempo no borra los cr\u00edmenes. Apenas los oculta bajo capas de impunidad y silencio institucional. Pero cuando las palabras se convierten en pruebas y las voces de los sobrevivientes resisten al olvido, la historia se abre paso. Eso ocurri\u00f3 recientemente en Rosario, donde la Unidad Fiscal de Lesa Humanidad pidi\u00f3 prisi\u00f3n perpetua para dos exdirectivos de la metal\u00fargica Acindar, una de las empresas emblema del poder econ\u00f3mico en la Argentina de los a\u00f1os setenta. El motivo: su participaci\u00f3n en secuestros, tormentos y asesinatos contra trabajadores metal\u00fargicos y ferroviarios durante la represi\u00f3n desatada en marzo de 1975 en Villa Constituci\u00f3n, en el marco del hist\u00f3rico conflicto conocido como \u201cEl Villazo\u201d.<\/p>\n\n\n\n<p>La acusaci\u00f3n fue contundente. El fiscal general Adolfo Villatte, acompa\u00f1ado por los auxiliares Juan Patricio Murray y \u00c1lvaro Baella, present\u00f3 ante el Tribunal Oral Federal N\u00b01 de Rosario un alegato que no deja margen para la duda: los empresarios Roberto Jos\u00e9 Pellegrini y Ricardo Oscar Torralvo no fueron meros espectadores de la violencia represiva. Fueron parte activa, estrat\u00e9gica y operativa de un entramado represivo que no necesit\u00f3 a\u00fan del golpe militar para comenzar a exterminar opositores.<\/p>\n\n\n\n<p>Pellegrini y Torralvo, jerarcas de Acindar, enfrentan ahora el pedido de prisi\u00f3n perpetua por su presunta responsabilidad en ocho homicidios agravados, 29 casos de privaci\u00f3n ileg\u00edtima de la libertad y tormentos, adem\u00e1s de formar parte de una asociaci\u00f3n il\u00edcita. Esta acusaci\u00f3n, de ser confirmada por el tribunal, marcar\u00eda un hito en la justicia argentina: por primera vez, una c\u00fapula empresarial podr\u00eda recibir condenas equivalentes a las de los represores uniformados. Porque s\u00ed, en la Argentina del &#8217;75, la represi\u00f3n no s\u00f3lo vino de uniforme; tambi\u00e9n se planific\u00f3 desde escritorios corporativos.<\/p>\n\n\n\n<p>El juicio, que abarca los cr\u00edmenes cometidos contra 57 v\u00edctimas, puso en foco la brutal ofensiva contra trabajadores organizados de la UOM, militantes de la lista Marr\u00f3n recientemente electa en la seccional Villa Constituci\u00f3n y otros simpatizantes pol\u00edticos. Fue una cacer\u00eda sistem\u00e1tica, dise\u00f1ada para desarticular el movimiento obrero combativo que cuestionaba privilegios patronales y exig\u00eda condiciones laborales dignas. La represi\u00f3n, como casi siempre, vino disfrazada de \u201corden\u201d y ejecutada con una precisi\u00f3n de relojer\u00eda industrial.<\/p>\n\n\n\n<p>Los secuestros ocurrieron entre el 20 y el 26 de marzo de 1975, y se extendieron incluso hasta junio de ese a\u00f1o. En 1976, ya con la dictadura instalada, continuaron los cr\u00edmenes. Las v\u00edctimas fueron arrancadas de sus casas o lugares de trabajo, torturadas en centros clandestinos, desaparecidas o asesinadas. Algunos de estos lugares siguen hoy sin se\u00f1alizaci\u00f3n, como si el pa\u00eds a\u00fan no se animara a decir su propio nombre frente al espejo de su historia.<\/p>\n\n\n\n<p>Adem\u00e1s de los dos empresarios, la fiscal\u00eda pidi\u00f3 penas de entre 10 y 25 a\u00f1os para 15 expolic\u00edas federales y un expolic\u00eda provincial, entre ellos Roberto \u00c1lvarez, Amadeo Chamorro, Oscar Alberto Vessichio, Carmen Amanda Grosolli De Hellaid, entre otros. Todos ellos acusados por privaciones ileg\u00edtimas de la libertad, tormentos y por integrar una asociaci\u00f3n il\u00edcita. En todos los casos, se exigi\u00f3 que las penas se cumplan en c\u00e1rcel com\u00fan y de forma inmediata. La fiscal\u00eda no quiere m\u00e1s privilegios para criminales de lesa humanidad.<\/p>\n\n\n\n<p>El alegato tambi\u00e9n apunt\u00f3 contra el andamiaje normativo que sirvi\u00f3 de excusa para la represi\u00f3n. Se pidi\u00f3 declarar la insanable inconstitucionalidad de los decretos N\u00b01368\/74 y N\u00b02717\/75, que permitieron poner a las v\u00edctimas a disposici\u00f3n del Poder Ejecutivo Nacional bajo el falso pretexto de formar parte de un complot subversivo. Asimismo, se solicit\u00f3 declarar inconstitucional el decreto 642\/76 y la ley 21.449, que impidieron la opci\u00f3n de salida del pa\u00eds, convirtiendo a los trabajadores en rehenes del Estado.<\/p>\n\n\n\n<p>Pero los fiscales no se detuvieron en las penas. Fueron m\u00e1s all\u00e1. Exigieron medidas simb\u00f3licas de reparaci\u00f3n que van al coraz\u00f3n de la memoria colectiva. Pidieron que se ordene a los medios locales con mayor circulaci\u00f3n de Villa Constituci\u00f3n que publiquen el veredicto en sus versiones impresas y digitales. Que se se\u00f1alicen como centros clandestinos de detenci\u00f3n los edificios de la Jefatura de Polic\u00eda local, la Delegaci\u00f3n Rosario de la PFA y la Prefectura Naval Argentina Rosario. Que se proh\u00edba su modificaci\u00f3n y que se preserve la verdad como un bien p\u00fablico.<\/p>\n\n\n\n<p>Una de las demandas m\u00e1s conmovedoras del alegato fue la que busca restaurar la dignidad laboral de las v\u00edctimas. Se exigi\u00f3 que empresas como Acindar SA, Metcon SA, Wobrom, Villber SA y Marathon SA, o sus continuadoras, dejen constancia en los legajos personales de los trabajadores que fueron desaparecidos o asesinados, aclarando que su ausencia en el puesto laboral no fue voluntaria, sino resultado de la represi\u00f3n. Porque no hay justicia sin verdad, y no hay verdad sin memoria institucional.<\/p>\n\n\n\n<p>Finalmente, la fiscal\u00eda reclam\u00f3 que se declare probada la participaci\u00f3n en los hechos represivos de personal del Ej\u00e9rcito Argentino, de la Prefectura Naval Argentina y de la tristemente c\u00e9lebre Triple A, esa fuerza parapolicial que sembr\u00f3 el terror en nombre de la \u201cseguridad nacional\u201d.<\/p>\n\n\n\n<p>Este juicio, que contin\u00faa con los alegatos del resto de las partes, promete ser un parteaguas. No s\u00f3lo porque pone en el banquillo a represores, sino porque desnuda, una vez m\u00e1s, la complicidad empresaria en los cr\u00edmenes de lesa humanidad. Porque no se trat\u00f3 de manzanas podridas ni excesos individuales. Se trat\u00f3 de un plan sistem\u00e1tico de aniquilamiento, con planificaci\u00f3n corporativa, log\u00edstica estatal y aval judicial.<\/p>\n\n\n\n<p>Y cuando el Estado se convierte en verdugo, y los empresarios en c\u00f3mplices de la masacre, la democracia no puede mirar para otro lado. El veredicto de este juicio, previsto para septiembre, puede sellar no s\u00f3lo la condena de los acusados, sino tambi\u00e9n el reconocimiento de una verdad demasiado tiempo postergada: que el poder econ\u00f3mico tambi\u00e9n tuvo sus manos manchadas de sangre. Y que la justicia, si de verdad quiere ser tal, debe alcanzarlos a todos.<\/p>\n\n\n\n<p><strong>Fuente:<\/strong><br><a>https:\/\/www.fiscales.gob.ar\/lesa-humanidad\/pidieron-prision-perpetua-para-dos-exdirectivos-de-acindar-por-los-secuestros-y-homicidios-de-trabajadores-metalurgicos-y-ferroviarios-en-1975\/<\/a><\/p>\n","protected":false},"excerpt":{"rendered":"<p>La Fiscal\u00eda de Lesa Humanidad de Rosario pidi\u00f3 prisi\u00f3n perpetua para dos exdirectivos de Acindar por su rol en la represi\u00f3n de 1975 en Villa Constituci\u00f3n. Se los acusa de homicidios, secuestros y tormentos contra trabajadores metal\u00fargicos y ferroviarios, en un juicio clave que expone la complicidad empresaria con el terrorismo de Estado.<\/p>\n","protected":false},"author":11,"featured_media":7155,"comment_status":"open","ping_status":"open","sticky":false,"template":"","format":"standard","meta":{"_monsterinsights_skip_tracking":false,"_monsterinsights_sitenote_active":false,"_monsterinsights_sitenote_note":"","_monsterinsights_sitenote_category":0,"footnotes":"","jetpack_publicize_message":"","jetpack_publicize_feature_enabled":true,"jetpack_social_post_already_shared":true,"jetpack_social_options":{"image_generator_settings":{"template":"highway","default_image_id":0,"font":"","enabled":false},"version":2}},"categories":[1908],"tags":[2564],"class_list":["post-7154","post","type-post","status-publish","format-standard","has-post-thumbnail","hentry","category-derechos-humanos","tag-juiciooral"],"jetpack_publicize_connections":[],"_links":{"self":[{"href":"https:\/\/www.enorsai.com\/noticias\/wp-json\/wp\/v2\/posts\/7154","targetHints":{"allow":["GET"]}}],"collection":[{"href":"https:\/\/www.enorsai.com\/noticias\/wp-json\/wp\/v2\/posts"}],"about":[{"href":"https:\/\/www.enorsai.com\/noticias\/wp-json\/wp\/v2\/types\/post"}],"author":[{"embeddable":true,"href":"https:\/\/www.enorsai.com\/noticias\/wp-json\/wp\/v2\/users\/11"}],"replies":[{"embeddable":true,"href":"https:\/\/www.enorsai.com\/noticias\/wp-json\/wp\/v2\/comments?post=7154"}],"version-history":[{"count":2,"href":"https:\/\/www.enorsai.com\/noticias\/wp-json\/wp\/v2\/posts\/7154\/revisions"}],"predecessor-version":[{"id":7157,"href":"https:\/\/www.enorsai.com\/noticias\/wp-json\/wp\/v2\/posts\/7154\/revisions\/7157"}],"wp:featuredmedia":[{"embeddable":true,"href":"https:\/\/www.enorsai.com\/noticias\/wp-json\/wp\/v2\/media\/7155"}],"wp:attachment":[{"href":"https:\/\/www.enorsai.com\/noticias\/wp-json\/wp\/v2\/media?parent=7154"}],"wp:term":[{"taxonomy":"category","embeddable":true,"href":"https:\/\/www.enorsai.com\/noticias\/wp-json\/wp\/v2\/categories?post=7154"},{"taxonomy":"post_tag","embeddable":true,"href":"https:\/\/www.enorsai.com\/noticias\/wp-json\/wp\/v2\/tags?post=7154"}],"curies":[{"name":"wp","href":"https:\/\/api.w.org\/{rel}","templated":true}]}}