{"id":7147,"date":"2025-08-04T21:57:17","date_gmt":"2025-08-05T00:57:17","guid":{"rendered":"https:\/\/www.enorsai.com\/noticias\/?p=7147"},"modified":"2025-08-04T21:57:17","modified_gmt":"2025-08-05T00:57:17","slug":"consumo-en-caida-libre-y-precios-contenidos-la-extrana-receta-de-milei-para-una-economia-que-no-arranca","status":"publish","type":"post","link":"https:\/\/www.enorsai.com\/noticias\/economia\/consumo-en-caida-libre-y-precios-contenidos-la-extrana-receta-de-milei-para-una-economia-que-no-arranca\/","title":{"rendered":"Consumo en ca\u00edda libre y precios contenidos: la extra\u00f1a receta de Milei para una econom\u00eda que no arranca"},"content":{"rendered":"\n<p><strong><em>Aunque desde la Casa Rosada aseguran que no hay convalidaci\u00f3n monetaria y que el proceso de desinflaci\u00f3n es \u201cs\u00f3lido\u201d, la presi\u00f3n del d\u00f3lar, el desconcierto en las empresas y la ca\u00edda del consumo pintan otro escenario. Las listas de precios vuelan por WhatsApp, pero las ventas no acompa\u00f1an. Un modelo que castiga el bolsillo sin encender la econom\u00eda.<\/em><\/strong><\/p>\n\n\n\n<p>Desde el entorno presidencial insisten en un mantra: \u201cla inflaci\u00f3n es un fen\u00f3meno estrictamente monetario\u201d. Bajo esa l\u00f3gica, repiten con convicci\u00f3n casi dogm\u00e1tica que, como la base monetaria est\u00e1 fija desde hace doce meses, los precios deber\u00edan desacelerarse inevitablemente. No importa si el d\u00f3lar pega un salto, si los alimentos suben, si los salarios caen o si el consumo se desploma. Para Milei y su equipo econ\u00f3mico, lo \u00fanico que vale es la matem\u00e1tica de los agregados monetarios. Y si algo no cierra, el problema es del que consume. O peor: del que ya no puede consumir.<\/p>\n\n\n\n<p>Pero mientras el Presidente y sus economistas celebran sus gr\u00e1ficos, en las g\u00f3ndolas se vive una pel\u00edcula muy diferente. Las remarcaciones de precios volvieron a activarse con fuerza tras el \u00faltimo sacud\u00f3n cambiario. Aunque desde algunos supermercados aseguran que est\u00e1n rechazando nuevas listas y que \u201cno se est\u00e1 convalidando nada\u201d, otras fuentes del sector reconocen que hubo aumentos significativos por parte de varias empresas: Unilever con subas del 7 al 8%, Mastellone entre 3 y 4%, Danone con movimientos similares, Arcor entre 3 y 5% y otras marcas que circularon listas con ajustes de hasta 9%. Esas remarcaciones, aunque intentan justificarse con movimientos previos al alza del d\u00f3lar, revelan la fragilidad de un modelo econ\u00f3mico donde cualquier sacudida se traslada \u2014r\u00e1pida o lentamente\u2014 al bolsillo del ciudadano.<\/p>\n\n\n\n<p>La respuesta oficial ante estos incrementos roza el cinismo t\u00e9cnico. \u201c\u00bfTe asustaste y remarcarte? Menger te va a pasar la factura\u201d, dijo una fuente econ\u00f3mica cercana a Milei, en referencia al economista austr\u00edaco Carl Menger, fundador de la escuela marginalista. Una cita acad\u00e9mica que intenta ridiculizar al empresario que ajusta sus precios ante la incertidumbre cambiaria. Pero tambi\u00e9n una frase que desconoce \u2014o desprecia\u2014 la realidad econ\u00f3mica de millones de argentinos: el miedo no est\u00e1 en los m\u00e1rgenes empresariales, sino en el vac\u00edo de las heladeras.<\/p>\n\n\n\n<p>El gobierno asegura que, si sube el precio de un bien, otro bajar\u00e1 porque el dinero circulante es siempre el mismo. Es decir, la inflaci\u00f3n es un juego de suma cero. Pero la calle no responde con f\u00f3rmulas: responde con changuitos vac\u00edos. Las grandes cadenas reconocen que hay una migraci\u00f3n masiva hacia segundas marcas o marcas blancas. El consumo masivo, base fundamental del tejido econ\u00f3mico y social argentino, atraviesa un proceso de contracci\u00f3n tan silencioso como alarmante. Las empresas lo saben, y por eso tantean con aumentos controlados. Pero el margen se agota. No hay volumen. No hay ventas. No hay respiro.<\/p>\n\n\n\n<p>Desde el oficialismo creen que la monta\u00f1a de pesos heredada del \u00abPlan Platita\u00bb de la gesti\u00f3n anterior ten\u00eda un efecto retardado de entre 18 y 24 meses sobre la inflaci\u00f3n. Y que ellos, tras solo doce meses de disciplina monetaria, ya empezaron a torcer el rumbo. Pero incluso si esa interpretaci\u00f3n fuese cierta \u2014y es m\u00e1s una fe que una ciencia\u2014, el da\u00f1o colateral que est\u00e1 generando el ajuste es profundo. La econom\u00eda real no se maneja con gr\u00e1ficos de Excel. No se vive en t\u00e9rminos de agregados monetarios, sino de necesidades insatisfechas.<\/p>\n\n\n\n<p>La industria alimentaria, representada por Copal, intent\u00f3 bajarle el tono a las remarcaciones. En un comunicado sostuvo que \u201cno observamos un aumento generalizado de precios\u201d y que cada empresa define sus ajustes seg\u00fan su estructura de costos. Tambi\u00e9n remarcaron que \u201cla transmisi\u00f3n a precios no es autom\u00e1tica, proporcional ni lineal\u201d, lo cual es t\u00e9cnicamente cierto. Pero las estad\u00edsticas tambi\u00e9n son claras: los alimentos y bebidas han mantenido una inflaci\u00f3n por debajo del nivel general, aunque eso no implica que los precios hayan bajado, sino que han subido m\u00e1s lento. Y para una poblaci\u00f3n empobrecida, incluso esa moderaci\u00f3n es insuficiente.<\/p>\n\n\n\n<p>Las listas de precios que circulan por WhatsApp entre supermercados, distribuidores y funcionarios del Ministerio de Econom\u00eda cuentan una historia distinta. Una historia que no aparece en los comunicados, pero que se percibe en cada compra, en cada ticket, en cada familia que estira lo que no alcanza. Una historia de aumentos silenciosos, de estrategias comerciales que intentan evitar titulares pero que impactan de lleno en la mesa diaria.<\/p>\n\n\n\n<p>La ortodoxia econ\u00f3mica del gobierno no admite excepciones. Ni siquiera frente a la evidencia. Desarmaron las LEFI, liberaron $10 billones, y aunque aseguran que eso no tendr\u00e1 impacto inflacionario porque se reemplaz\u00f3 por encajes no remunerados, lo cierto es que ese mismo movimiento aliment\u00f3 la reciente corrida cambiaria. El mercado respondi\u00f3 con una estampida hacia el d\u00f3lar, y los precios lo reflejaron al instante. La pol\u00edtica monetaria puede estar \u201cfija\u201d, pero los efectos de esas decisiones no se limitan al papel.<\/p>\n\n\n\n<p>Todo este esquema tiene una consecuencia directa: el derrumbe del consumo. Sin recuperaci\u00f3n sustentable a la vista, con salarios pulverizados y empleo informal en aumento, la econom\u00eda argentina se desliza hacia un territorio conocido, pero cada vez m\u00e1s riesgoso: el de la recesi\u00f3n con inflaci\u00f3n reprimida. Una bomba de tiempo que el gobierno se niega a ver mientras se regodea en su gesta monetarista.<\/p>\n\n\n\n<p>La narrativa de la desinflaci\u00f3n se construye sobre un terreno resbaladizo. Puede haber meses como marzo donde los precios bajan. Pero tambi\u00e9n puede haber estallidos, como los que provoc\u00f3 la suba del d\u00f3lar. El propio equipo econ\u00f3mico admite que estas oscilaciones ser\u00e1n \u201ctransitorias\u201d. \u00bfPero qu\u00e9 significa eso para quien tiene que comprar la leche o el pan todos los d\u00edas? Nada. Absolutamente nada. Porque la econom\u00eda real no espera a que cierren las ecuaciones t\u00e9cnicas. Exige respuestas concretas.<\/p>\n\n\n\n<p>El discurso oficial es claro: no habr\u00e1 convalidaci\u00f3n monetaria. Pero lo que no dicen es que tampoco hay plan para reactivar el consumo, ni para frenar la ca\u00edda del poder adquisitivo, ni para proteger a quienes hoy est\u00e1n m\u00e1s expuestos. La estrategia es aguantar. A cualquier costo. Con un desprecio evidente por las consecuencias sociales. Como si la estabilidad de los precios fuera un fin en s\u00ed mismo, aunque se logre a costa de vaciar las mesas, las g\u00f3ndolas y los est\u00f3magos.<\/p>\n\n\n\n<p>Mientras tanto, la pelea por los precios contin\u00faa. Los empresarios tantean, los supermercados negocian, y los consumidores ajustan donde pueden. En este juego desigual, el gobierno juega de \u00e1rbitro ausente. Porque si algo caracteriza al modelo Milei es que no cree en la intervenci\u00f3n del Estado. Ni siquiera para moderar el hambre.<\/p>\n\n\n\n<p><strong>Fuente:<\/strong> <a href=\"https:\/\/www.lanacion.com.ar\/economia\/la-suba-del-dolar-desato-una-pelea-en-las-gondolas-nid04082024\/\">https:\/\/www.lanacion.com.ar\/economia\/la-suba-del-dolar-desato-una-pelea-en-las-gondolas-nid04082024\/<\/a><\/p>\n","protected":false},"excerpt":{"rendered":"<p>El gobierno de Javier Milei sostiene que la inflaci\u00f3n est\u00e1 bajo control gracias a su pol\u00edtica monetaria, pero la realidad del consumo muestra otra cara: g\u00f3ndolas con aumentos, consumidores que migran a segundas marcas y una econom\u00eda que no repunta. El ajuste no se siente en las estad\u00edsticas, se vive en la mesa diaria.<\/p>\n","protected":false},"author":11,"featured_media":7149,"comment_status":"open","ping_status":"open","sticky":false,"template":"","format":"standard","meta":{"_monsterinsights_skip_tracking":false,"_monsterinsights_sitenote_active":false,"_monsterinsights_sitenote_note":"","_monsterinsights_sitenote_category":0,"footnotes":"","jetpack_publicize_message":"","jetpack_publicize_feature_enabled":true,"jetpack_social_post_already_shared":true,"jetpack_social_options":{"image_generator_settings":{"template":"highway","default_image_id":0,"font":"","enabled":false},"version":2}},"categories":[3],"tags":[58,1497,1635,2557,15,2556,227,45,1169,2178],"class_list":["post-7147","post","type-post","status-publish","format-standard","has-post-thumbnail","hentry","category-economia","tag-ajuste","tag-alimentos","tag-consumo","tag-desabastecimiento","tag-economia","tag-gondolas","tag-inflacion","tag-milei","tag-precios","tag-supermercados"],"jetpack_publicize_connections":[],"_links":{"self":[{"href":"https:\/\/www.enorsai.com\/noticias\/wp-json\/wp\/v2\/posts\/7147","targetHints":{"allow":["GET"]}}],"collection":[{"href":"https:\/\/www.enorsai.com\/noticias\/wp-json\/wp\/v2\/posts"}],"about":[{"href":"https:\/\/www.enorsai.com\/noticias\/wp-json\/wp\/v2\/types\/post"}],"author":[{"embeddable":true,"href":"https:\/\/www.enorsai.com\/noticias\/wp-json\/wp\/v2\/users\/11"}],"replies":[{"embeddable":true,"href":"https:\/\/www.enorsai.com\/noticias\/wp-json\/wp\/v2\/comments?post=7147"}],"version-history":[{"count":1,"href":"https:\/\/www.enorsai.com\/noticias\/wp-json\/wp\/v2\/posts\/7147\/revisions"}],"predecessor-version":[{"id":7150,"href":"https:\/\/www.enorsai.com\/noticias\/wp-json\/wp\/v2\/posts\/7147\/revisions\/7150"}],"wp:featuredmedia":[{"embeddable":true,"href":"https:\/\/www.enorsai.com\/noticias\/wp-json\/wp\/v2\/media\/7149"}],"wp:attachment":[{"href":"https:\/\/www.enorsai.com\/noticias\/wp-json\/wp\/v2\/media?parent=7147"}],"wp:term":[{"taxonomy":"category","embeddable":true,"href":"https:\/\/www.enorsai.com\/noticias\/wp-json\/wp\/v2\/categories?post=7147"},{"taxonomy":"post_tag","embeddable":true,"href":"https:\/\/www.enorsai.com\/noticias\/wp-json\/wp\/v2\/tags?post=7147"}],"curies":[{"name":"wp","href":"https:\/\/api.w.org\/{rel}","templated":true}]}}