{"id":7142,"date":"2025-08-04T17:56:24","date_gmt":"2025-08-04T20:56:24","guid":{"rendered":"https:\/\/www.enorsai.com\/noticias\/?p=7142"},"modified":"2025-08-04T17:56:24","modified_gmt":"2025-08-04T20:56:24","slug":"jorge-taiana-lula-y-el-pt-solidarios-con-cristina-y-preocupados-por-la-democracia-argentina","status":"publish","type":"post","link":"https:\/\/www.enorsai.com\/noticias\/politica\/jorge-taiana-lula-y-el-pt-solidarios-con-cristina-y-preocupados-por-la-democracia-argentina\/","title":{"rendered":"Jorge Taiana: \u201cLula y el PT, solidarios con Cristina y preocupados por la democracia argentina\u201d"},"content":{"rendered":"\n<p>4 de agosto de 2025 | Por Redacci\u00f3n Enorsai<\/p>\n\n\n\n<figure class=\"wp-block-image\"><img decoding=\"async\" src=\"https:\/\/tuservidor.com\/imagenes\/taiana-radio10-lula-cristina.jpg\" alt=\"Jorge Taiana Radio 10 Lula PT solidaridad Cristina Kirchner\"\/><figcaption class=\"wp-element-caption\">Jorge Taiana junto a Lula da Silva en Brasilia, tras el apoyo del PT a Cristina Kirchner.<\/figcaption><\/figure>\n\n\n\n<h2 class=\"wp-block-heading\">Lula renovado, Cristina en el centro y la preocupaci\u00f3n por Argentina<\/h2>\n\n\n\n<p>En entrevista con <a href=\"https:\/\/www.radio10.com.ar\/\" rel=\"noreferrer noopener\" target=\"_blank\">Radio 10<\/a>, el ex canciller <strong>Jorge Taiana<\/strong> relat\u00f3 su reciente viaje a Brasilia, donde asisti\u00f3 a un encuentro del <strong>Partido de los Trabajadores (PT)<\/strong> encabezado por <strong>Lula da Silva<\/strong>. Taiana describi\u00f3 a Lula \u201crenovado, con \u00e1nimo de 30 a\u00f1os\u201d y comparti\u00f3 la fuerte <strong>solidaridad del PT con Cristina Kirchner<\/strong>, a quien los asistentes aplaudieron y apoyaron espont\u00e1neamente bajo el lema <em>\u2018Cristina Libre\u2019<\/em>.<\/p>\n\n\n\n<p>El dirigente argentino expuso ante el plenario la situaci\u00f3n de persecuci\u00f3n judicial que atraviesa Cristina Kirchner, lo que dispar\u00f3 muestras inmediatas de respaldo del partido brasile\u00f1o y de la dirigencia latinoamericana.<\/p>\n\n\n\n<h2 class=\"wp-block-heading\">Preocupaci\u00f3n internacional por la democracia argentina<\/h2>\n\n\n\n<p>Taiana remarc\u00f3 la inquietud compartida en el encuentro sobre el deterioro democr\u00e1tico en Argentina. Relat\u00f3 tambi\u00e9n las acciones del <strong>Comit\u00e9 Internacional \u201cCristina Libre\u201d<\/strong> y la importancia de fortalecer el debate en Am\u00e9rica Latina por el respeto a los derechos y la justicia. Se mencion\u00f3 la presi\u00f3n de pol\u00edticas externas y recientes maniobras internacionales que afectan tanto a Argentina como a Brasil.<\/p>\n\n\n\n<p>El ex canciller insisti\u00f3 en que la causa de Cristina Kirchner es entendida en la regi\u00f3n como parte de una ofensiva m\u00e1s amplia contra los liderazgos populares y progresistas.<\/p>\n\n\n\n<h2 class=\"wp-block-heading\">Solidaridad y agenda regional<\/h2>\n\n\n\n<p>El respaldo de Lula y del PT a Cristina Kirchner, seg\u00fan Taiana, fue rotundo y masivo, con referencias concretas de \u201cpreocupaci\u00f3n por la democracia argentina\u201d ante el avance de pol\u00edticas de persecuci\u00f3n y judicializaci\u00f3n de la pol\u00edtica.<br>El entrevistado tambi\u00e9n anticip\u00f3 nuevas acciones y actividades para visibilizar el caso en el plano regional y global, y que a\u00fan no hab\u00eda contado personalmente el detalle de este respaldo a Cristina.<\/p>\n\n\n\n<h3 class=\"wp-block-heading\">Te puede interesar<\/h3>\n\n\n\n<ul class=\"wp-block-list\">\n<li><a href=\"https:\/\/enorsai.com.ar\/actualidad\/2025\/07\/lula-solidaridad-cristina-pt.html\">Lula vuelve a defender a Cristina: agenda pol\u00edtica internacional y debate regional<\/a><\/li>\n\n\n\n<li><a href=\"https:\/\/enorsai.com.ar\/analisis\/2025\/06\/democracia-amenazada-argentina.html\">\u00bfEst\u00e1 en riesgo la democracia argentina? Expertos y referentes analizan el deterioro institucional<\/a><\/li>\n\n\n\n<li><a href=\"https:\/\/enorsai.com.ar\/opinion\/2025\/07\/caso-cristina-lawfare-latinoamericano.html\">Lawfare y persecuci\u00f3n pol\u00edtica en Am\u00e9rica Latina: el caso argentino y regional<\/a><\/li>\n<\/ul>\n\n\n\n<p>Fuente: <a href=\"https:\/\/www.radio10.com.ar\/\" rel=\"noreferrer noopener\" target=\"_blank\">Radio 10 &#8211; El amor es m\u00e1s fuerte<\/a><\/p>\n","protected":false},"excerpt":{"rendered":"<p>4 de agosto de 2025 | Por Redacci\u00f3n Enorsai Lula renovado, Cristina en el centro y la preocupaci\u00f3n por Argentina En entrevista con Radio 10, el ex canciller Jorge Taiana relat\u00f3 su reciente viaje a Brasilia, donde asisti\u00f3 a un encuentro del Partido de los Trabajadores (PT) encabezado por Lula da Silva. Taiana describi\u00f3 a&#8230;<\/p>\n","protected":false},"author":4,"featured_media":7144,"comment_status":"open","ping_status":"open","sticky":false,"template":"","format":"standard","meta":{"_monsterinsights_skip_tracking":false,"_monsterinsights_sitenote_active":false,"_monsterinsights_sitenote_note":"","_monsterinsights_sitenote_category":0,"footnotes":"","jetpack_publicize_message":"Entrevista a Jorge Taiana, ex canciller argentino, quien acaba de regresar de Brasil, donde particip\u00f3 en un encuentro del Partido de los Trabajadores (PT) en Brasilia.","jetpack_publicize_feature_enabled":true,"jetpack_social_post_already_shared":false,"jetpack_social_options":{"image_generator_settings":{"template":"highway","default_image_id":0,"enabled":false},"version":2}},"categories":[7,2],"tags":[235,2532,78,2552,2554,2547,234,2549,2553,2551,2548,2362,2550],"class_list":["post-7142","post","type-post","status-publish","format-standard","has-post-thumbnail","hentry","category-mundo","category-politica","tag-cristina-kirchner","tag-democracia-argentina","tag-derechos-humanos","tag-encuentro-internacional","tag-integracion-latinoamericana","tag-jorge-taiana","tag-lawfare","tag-lula-da-silva","tag-persecucion-politica","tag-politica-regional","tag-pt-brasil","tag-radio-10","tag-solidaridad-internacional"],"jetpack_publicize_connections":[],"_links":{"self":[{"href":"https:\/\/www.enorsai.com\/noticias\/wp-json\/wp\/v2\/posts\/7142","targetHints":{"allow":["GET"]}}],"collection":[{"href":"https:\/\/www.enorsai.com\/noticias\/wp-json\/wp\/v2\/posts"}],"about":[{"href":"https:\/\/www.enorsai.com\/noticias\/wp-json\/wp\/v2\/types\/post"}],"author":[{"embeddable":true,"href":"https:\/\/www.enorsai.com\/noticias\/wp-json\/wp\/v2\/users\/4"}],"replies":[{"embeddable":true,"href":"https:\/\/www.enorsai.com\/noticias\/wp-json\/wp\/v2\/comments?post=7142"}],"version-history":[{"count":1,"href":"https:\/\/www.enorsai.com\/noticias\/wp-json\/wp\/v2\/posts\/7142\/revisions"}],"predecessor-version":[{"id":7145,"href":"https:\/\/www.enorsai.com\/noticias\/wp-json\/wp\/v2\/posts\/7142\/revisions\/7145"}],"wp:featuredmedia":[{"embeddable":true,"href":"https:\/\/www.enorsai.com\/noticias\/wp-json\/wp\/v2\/media\/7144"}],"wp:attachment":[{"href":"https:\/\/www.enorsai.com\/noticias\/wp-json\/wp\/v2\/media?parent=7142"}],"wp:term":[{"taxonomy":"category","embeddable":true,"href":"https:\/\/www.enorsai.com\/noticias\/wp-json\/wp\/v2\/categories?post=7142"},{"taxonomy":"post_tag","embeddable":true,"href":"https:\/\/www.enorsai.com\/noticias\/wp-json\/wp\/v2\/tags?post=7142"}],"curies":[{"name":"wp","href":"https:\/\/api.w.org\/{rel}","templated":true}]}}