{"id":7131,"date":"2025-08-04T16:28:30","date_gmt":"2025-08-04T19:28:30","guid":{"rendered":"https:\/\/www.enorsai.com\/noticias\/?p=7131"},"modified":"2025-08-04T16:28:30","modified_gmt":"2025-08-04T19:28:30","slug":"a-tres-dias-del-cierre-de-listas-el-pro-se-fractura-por-su-acuerdo-con-la-libertad-avanza","status":"publish","type":"post","link":"https:\/\/www.enorsai.com\/noticias\/uncategorized\/a-tres-dias-del-cierre-de-listas-el-pro-se-fractura-por-su-acuerdo-con-la-libertad-avanza\/","title":{"rendered":"A tres d\u00edas del cierre de listas, el PRO se fractura por su acuerdo con La Libertad Avanza"},"content":{"rendered":"\n<p><strong><em>A s\u00f3lo tres d\u00edas del cierre de listas, la tan promocionada confluencia entre el PRO y La Libertad Avanza naufraga entre desconfianzas, vetos cruzados y un feroz debate interno que erosiona al macrismo desde sus propias bases. Ni siquiera el regreso de Mauricio Macri logra aplacar las tensiones que sacuden al partido amarillo.<\/em><\/strong><\/p>\n\n\n\n<p>El experimento pol\u00edtico entre el PRO y La Libertad Avanza est\u00e1 entrando en zona de colisi\u00f3n. A tres d\u00edas del cierre de listas, lo que parec\u00eda una confluencia estrat\u00e9gica entre el partido fundado por Mauricio Macri y la fuerza que llev\u00f3 a Javier Milei a la presidencia, se convierte en una novela de desencuentros, vetos y fuego cruzado. La mesa chica del PRO, encabezada por Macri, convoc\u00f3 a una reuni\u00f3n urgente para intentar ordenar el tablero. Pero lo que se encontr\u00f3 fue una escena fragmentada, donde ni siquiera los halcones pueden coincidir en una hoja de ruta.<\/p>\n\n\n\n<p>En la sede porte\u00f1a de Balcarce 412, una veintena de dirigentes del PRO se reunieron este s\u00e1bado con el objetivo de definir la pol\u00edtica de alianzas de cara a las elecciones legislativas de 2025. En teor\u00eda, la reuni\u00f3n era para ratificar el acercamiento con La Libertad Avanza. En la pr\u00e1ctica, lo que rein\u00f3 fue el desconcierto y la tensi\u00f3n. Hubo acuerdos, s\u00ed, pero tambi\u00e9n profundas diferencias que desnudan el car\u00e1cter inestable de una coalici\u00f3n donde los egos, los rencores y las ambiciones personales pesan m\u00e1s que cualquier programa com\u00fan.<\/p>\n\n\n\n<p>Mauricio Macri intent\u00f3 imponer orden, pero no logr\u00f3 apagar el incendio. Aunque la mayor\u00eda manifest\u00f3 su voluntad de avanzar con un acuerdo con el oficialismo libertario, el debate sobre la integraci\u00f3n de listas comunes y la participaci\u00f3n real del PRO en las candidaturas abri\u00f3 grietas visibles. Una de las m\u00e1s notorias: la resistencia a que La Libertad Avanza imponga condiciones unilaterales. El veto de la Casa Rosada a Mar\u00eda Eugenia Vidal, que ten\u00eda intenciones de encabezar la lista de diputados en CABA, fue una bomba de fragmentaci\u00f3n que desat\u00f3 malestar interno.<\/p>\n\n\n\n<p>No se trata solamente de un conflicto entre dirigentes: lo que est\u00e1 en juego es la identidad misma del PRO. \u00bfPuede una fuerza nacida como alternativa al kirchnerismo transformarse en una fuerza auxiliar del mile\u00edsmo sin perder su raz\u00f3n de ser? \u00bfHasta d\u00f3nde se puede resignar autonom\u00eda pol\u00edtica en nombre de un supuesto pragmatismo electoral? Estas son las preguntas que retumban en los pasillos del partido. Y por ahora, nadie tiene respuestas convincentes.<\/p>\n\n\n\n<p>Las discusiones se tornaron acaloradas. Algunos dirigentes, como la exministra Patricia Bullrich, que no particip\u00f3 del encuentro por estar fuera del pa\u00eds, ya cerraron filas con el oficialismo y son partidarios de una fusi\u00f3n sin matices. Otros, como los diputados Silvia Lospennato y Cristian Ritondo, pidieron explicaciones por la exclusi\u00f3n de figuras propias y denunciaron una subordinaci\u00f3n preocupante al gobierno de Javier Milei. En ese clima de tensi\u00f3n, sobresale la pregunta inc\u00f3moda: \u00bfa qui\u00e9n le sirve realmente este acuerdo?<\/p>\n\n\n\n<p>Lo que parec\u00eda una estrategia de supervivencia para el PRO, se transforma r\u00e1pidamente en una trampa mortal. Lejos de ganar protagonismo, el partido de Macri parece licuarse en la l\u00f3gica libertaria. Los funcionarios PRO que hoy integran el gabinete nacional, como Patricia Bullrich, Luis Petri o Diego Santilli, no s\u00f3lo responden a Milei, sino que act\u00faan con una independencia que alarma a los cuadros hist\u00f3ricos del partido. La imagen del PRO como un socio menor que cede sin negociar, golpea fuerte en las bases del macrismo.<\/p>\n\n\n\n<p>La situaci\u00f3n es particularmente cr\u00edtica en la Ciudad de Buenos Aires, el basti\u00f3n hist\u00f3rico del PRO. All\u00ed, el cierre de listas se transform\u00f3 en una verdadera carnicer\u00eda. La negativa de La Libertad Avanza a incorporar a Vidal \u2013y el silencio del presidente Milei frente a esa decisi\u00f3n\u2013 desat\u00f3 un cortocircuito interno. Macri intent\u00f3 mediar, pero la falta de reciprocidad por parte del oficialismo sembr\u00f3 dudas incluso entre los m\u00e1s leales. Se discute la conveniencia de competir en internas, pero tambi\u00e9n se baraja la posibilidad de romper el acuerdo si las condiciones siguen siendo humillantes.<\/p>\n\n\n\n<p>Lo m\u00e1s inquietante es que, aun en medio de este caos, Macri sigue sin fijar una postura clara. Evita romper, pero tampoco avala abiertamente una fusi\u00f3n total con el mile\u00edsmo. Su liderazgo, otrora indiscutido, ahora parece desgastado por la propia inercia de un partido que no sabe si acompa\u00f1ar el experimento libertario o reinventarse desde la oposici\u00f3n. La sensaci\u00f3n de naufragio se cuela en cada intervenci\u00f3n, en cada reuni\u00f3n, en cada gesto contenido.<\/p>\n\n\n\n<p>La estrategia oficial de La Libertad Avanza, en tanto, es evidente: fagocitar al PRO sin absorberlo del todo. Un modelo que le garantiza al presidente Milei la posibilidad de usar cuadros pol\u00edticos experimentados sin compartir poder real. El veto a Vidal no fue un gesto aislado; fue una demostraci\u00f3n de fuerza. En esa l\u00f3gica, los libertarios no est\u00e1n dispuestos a negociar: quieren subordinaci\u00f3n, no alianzas.<\/p>\n\n\n\n<p>Lo curioso es que, a pesar de este destrato, el PRO sigue intentando acercarse. Algunos lo hacen por convicci\u00f3n; otros por miedo a desaparecer electoralmente. Pero lo que queda claro es que el costo pol\u00edtico de esa decisi\u00f3n puede ser alt\u00edsimo. La alianza con La Libertad Avanza no s\u00f3lo expone las contradicciones internas del PRO, sino que amenaza con diluirlo hasta la irrelevancia.<\/p>\n\n\n\n<p>As\u00ed, el partido que alguna vez gobern\u00f3 la Naci\u00f3n y fue la principal fuerza opositora al kirchnerismo, hoy se encuentra atrapado en una encerrona existencial. Coquetea con un gobierno que lo desprecia, se divide entre halcones obedientes y halcones d\u00edscolos, y no logra consolidar un rumbo claro. Cada d\u00eda que pasa sin definiciones, la fractura se profundiza. Y el cierre de listas, que deber\u00eda ser una instancia de organizaci\u00f3n, se vive como una cuenta regresiva hacia el abismo.<\/p>\n\n\n\n<p>El reloj avanza y el PRO tambalea. La promesa de una alianza estrat\u00e9gica se disuelve entre vetos, silencios y desconfianzas. A tres d\u00edas del cierre de listas, lo que deber\u00eda ser un pacto de poder se parece m\u00e1s a una rendici\u00f3n anticipada. El macrismo, en su versi\u00f3n m\u00e1s desnuda, enfrenta una crisis que no es s\u00f3lo electoral: es una crisis de sentido.<\/p>\n\n\n\n<p><strong>Fuente:<\/strong><br><a href=\"https:\/\/www.pagina12.com.ar\/847119-reunion-del-pro-debaten-las-diferencias-para-llegar-a-un-acu\">https:\/\/www.pagina12.com.ar\/847119-reunion-del-pro-debaten-las-diferencias-para-llegar-a-un-acu<\/a><\/p>\n\n\n\n<p><\/p>\n","protected":false},"excerpt":{"rendered":"<p>A s\u00f3lo tres d\u00edas del cierre de listas, la tan promocionada confluencia entre el PRO y La Libertad Avanza naufraga entre desconfianzas, vetos cruzados y un feroz debate interno que erosiona al macrismo desde sus propias bases. Ni siquiera el regreso de Mauricio Macri logra aplacar las tensiones que sacuden al partido amarillo. El experimento&#8230;<\/p>\n","protected":false},"author":1,"featured_media":7133,"comment_status":"open","ping_status":"open","sticky":false,"template":"","format":"standard","meta":{"_monsterinsights_skip_tracking":false,"_monsterinsights_sitenote_active":false,"_monsterinsights_sitenote_note":"","_monsterinsights_sitenote_category":0,"footnotes":"","jetpack_publicize_message":"","jetpack_publicize_feature_enabled":true,"jetpack_social_post_already_shared":true,"jetpack_social_options":{"image_generator_settings":{"template":"highway","default_image_id":0,"font":"","enabled":false},"version":2}},"categories":[1],"tags":[],"class_list":["post-7131","post","type-post","status-publish","format-standard","has-post-thumbnail","hentry","category-uncategorized"],"jetpack_publicize_connections":[],"_links":{"self":[{"href":"https:\/\/www.enorsai.com\/noticias\/wp-json\/wp\/v2\/posts\/7131","targetHints":{"allow":["GET"]}}],"collection":[{"href":"https:\/\/www.enorsai.com\/noticias\/wp-json\/wp\/v2\/posts"}],"about":[{"href":"https:\/\/www.enorsai.com\/noticias\/wp-json\/wp\/v2\/types\/post"}],"author":[{"embeddable":true,"href":"https:\/\/www.enorsai.com\/noticias\/wp-json\/wp\/v2\/users\/1"}],"replies":[{"embeddable":true,"href":"https:\/\/www.enorsai.com\/noticias\/wp-json\/wp\/v2\/comments?post=7131"}],"version-history":[{"count":1,"href":"https:\/\/www.enorsai.com\/noticias\/wp-json\/wp\/v2\/posts\/7131\/revisions"}],"predecessor-version":[{"id":7134,"href":"https:\/\/www.enorsai.com\/noticias\/wp-json\/wp\/v2\/posts\/7131\/revisions\/7134"}],"wp:featuredmedia":[{"embeddable":true,"href":"https:\/\/www.enorsai.com\/noticias\/wp-json\/wp\/v2\/media\/7133"}],"wp:attachment":[{"href":"https:\/\/www.enorsai.com\/noticias\/wp-json\/wp\/v2\/media?parent=7131"}],"wp:term":[{"taxonomy":"category","embeddable":true,"href":"https:\/\/www.enorsai.com\/noticias\/wp-json\/wp\/v2\/categories?post=7131"},{"taxonomy":"post_tag","embeddable":true,"href":"https:\/\/www.enorsai.com\/noticias\/wp-json\/wp\/v2\/tags?post=7131"}],"curies":[{"name":"wp","href":"https:\/\/api.w.org\/{rel}","templated":true}]}}