{"id":7128,"date":"2025-08-04T12:24:16","date_gmt":"2025-08-04T15:24:16","guid":{"rendered":"https:\/\/www.enorsai.com\/noticias\/sociedad\/milei-paraliza-el-programa-nacional-de-conectividad-y-deja-sin-internet-a-escuelas-y-hospitales\/"},"modified":"2025-08-04T12:24:16","modified_gmt":"2025-08-04T15:24:16","slug":"milei-paraliza-el-programa-nacional-de-conectividad-y-deja-sin-internet-a-escuelas-y-hospitales","status":"publish","type":"post","link":"https:\/\/www.enorsai.com\/noticias\/sociedad\/milei-paraliza-el-programa-nacional-de-conectividad-y-deja-sin-internet-a-escuelas-y-hospitales\/","title":{"rendered":"Milei paraliza el Programa Nacional de Conectividad y deja sin internet a escuelas y hospitales"},"content":{"rendered":"\n<p><br><em><strong>El desfinanciamiento y la inacci\u00f3n del Gobierno Nacional ponen en peligro la continuidad del Programa Nacional de Conectividad. La iniciativa, orientada a garantizar el acceso equitativo a Internet en zonas vulnerables, enfrenta una par\u00e1lisis alarmante. La ret\u00f3rica libertaria choca, una vez m\u00e1s, con la realidad concreta de una Argentina que queda offline.<\/strong><\/em><br><br>En un pa\u00eds donde m\u00e1s del 35% de la poblaci\u00f3n vive en la pobreza y la brecha digital se ensancha con la misma velocidad con que crece la desigualdad, el acceso a internet no es un lujo: es una necesidad b\u00e1sica. Lo que antes era evidente y urgente para cualquier gobierno con algo de sensibilidad social, hoy es ignorado por una administraci\u00f3n que se jacta de derribar \u201cestructuras obsoletas\u201d, aunque eso signifique dejar a miles de ni\u00f1os, j\u00f3venes, docentes, m\u00e9dicos y familias enteras al margen del siglo XXI.<br><br>El Programa Nacional de Conectividad, creado para garantizar acceso a Internet en escuelas rurales, centros de salud, barrios populares y \u00e1reas sin cobertura comercial, est\u00e1 siendo v\u00edctima directa del brutal ajuste impulsado por el gobierno de Javier Milei. La iniciativa, que supo avanzar con inversiones p\u00fablicas concretas en la reducci\u00f3n de la brecha digital y el fortalecimiento de la infraestructura de redes troncales, hoy se encuentra pr\u00e1cticamente desactivada. La par\u00e1lisis no es casual ni t\u00e9cnica: es una decisi\u00f3n pol\u00edtica.<br><br>En el proyecto de ley presentado bajo el n\u00famero 4134-D-2025, se denuncia con claridad meridiana c\u00f3mo el Poder Ejecutivo ha abandonado el financiamiento del Programa Nacional de Conectividad durante el corriente a\u00f1o. El texto alerta sobre el abandono del Plan Conectar y la paralizaci\u00f3n de obras fundamentales para garantizar igualdad de acceso a la informaci\u00f3n y los servicios digitales. Es decir, lo que estaba en marcha con planificaci\u00f3n, inversi\u00f3n y resultados medibles, ha sido deliberadamente abandonado bajo la excusa del \u201cd\u00e9ficit cero\u201d, una muletilla tecnocr\u00e1tica que esconde consecuencias sociales devastadoras.<br><br>La situaci\u00f3n es doblemente alarmante si se considera que el despliegue de redes troncales de fibra \u00f3ptica y la provisi\u00f3n de conectividad en instituciones p\u00fablicas son competencias centrales del Estado nacional, tal como lo establece la ley 27.078 Argentina Digital. En lugar de consolidar estos avances, el gobierno libertario parece empecinado en desmantelar cualquier pol\u00edtica p\u00fablica que no se ajuste a su dogma del mercado autorregulado, ignorando que en buena parte del pa\u00eds no hay negocio posible sin un Estado presente.<br><br>La conectividad no solo es clave para el acceso a la educaci\u00f3n, la salud y la cultura, sino tambi\u00e9n para el desarrollo productivo. Sin internet, las cooperativas, los peque\u00f1os productores y los emprendedores de econom\u00edas regionales quedan aislados, sin herramientas para competir, innovar o simplemente subsistir. \u00bfQu\u00e9 clase de \u201clibertad\u201d se les ofrece a esos sectores cuando se les niega el acceso a una herramienta b\u00e1sica del siglo XXI?<br><br>El documento parlamentario remarca que el gobierno nacional no ha presentado ning\u00fan plan alternativo para sustituir el Programa Nacional de Conectividad ni ha dado explicaciones sobre la suspensi\u00f3n de las obras iniciadas. Es una par\u00e1lisis con aroma a desidia, a desprecio por lo p\u00fablico, por lo com\u00fan, por lo que no se mide en d\u00f3lares ni rinde en una planilla de Excel. Y es, tambi\u00e9n, una muestra m\u00e1s de la profunda contradicci\u00f3n entre el discurso de modernizaci\u00f3n y el accionar regresivo del oficialismo.<br><br>El texto tambi\u00e9n recuerda que el Plan Conectar, lanzado en 2020, permiti\u00f3 la expansi\u00f3n de m\u00e1s de 30.000 kil\u00f3metros de fibra \u00f3ptica, conectando m\u00e1s de 700 localidades y generando un impacto tangible en la vida de miles de personas. Sin embargo, a partir de diciembre de 2023, con la llegada de Milei al poder, esa expansi\u00f3n se detuvo abruptamente. El nuevo gobierno no solo fren\u00f3 las obras, sino que elimin\u00f3 toda partida presupuestaria para su continuidad, desarticulando tambi\u00e9n la sinergia con provincias, municipios y cooperativas que se hab\u00eda tejido en los \u00faltimos a\u00f1os.<br><br>Lejos de impulsar una pol\u00edtica federal de conectividad, el gobierno nacional ha optado por una l\u00f3gica centralista, mercantilista y excluyente. En lugar de ampliar derechos, los recorta. En lugar de conectar, desconecta. En lugar de construir, desmantela. El da\u00f1o no es solo t\u00e9cnico: es humano. Ni\u00f1os que ya no pueden seguir sus clases virtuales. Centros de salud sin sistemas de telemedicina. Pueblos enteros condenados al aislamiento digital por el capricho ideol\u00f3gico de un gobierno que desprecia lo com\u00fan.<br><br>La presentaci\u00f3n legislativa tambi\u00e9n expone un punto crucial: la necesidad de restituir con urgencia los fondos y obras del Programa Nacional de Conectividad, apelando al Congreso para que exija al Poder Ejecutivo la reactivaci\u00f3n inmediata de los proyectos paralizados. Pero con un oficialismo refractario al di\u00e1logo institucional, la incertidumbre reina. Mientras los discursos libertarios se multiplican en foros internacionales, la fibra \u00f3ptica nacional se oxida sin mantenimiento y los puntos de acceso gratuitos caen en el olvido.<br><br>Parad\u00f3jicamente, mientras Javier Milei se pasea por escenarios donde proclama su ambici\u00f3n de convertir a la Argentina en una potencia tecnol\u00f3gica global, su administraci\u00f3n apaga pantallas en los barrios m\u00e1s pobres del pa\u00eds. El contraste no podr\u00eda ser m\u00e1s brutal. Una narrativa de Silicon Valley con pr\u00e1cticas propias de un apag\u00f3n digital planificado.<br><br>Este modelo de exclusi\u00f3n, disfrazado de modernizaci\u00f3n, es el mismo que pregona un Estado ausente, una meritocracia ficticia y un mercado que \u201ctodo lo soluciona\u201d. Pero cuando los privados no llegan, cuando las inversiones no aparecen y cuando los cables no se tienden solos, lo que queda es un pa\u00eds fracturado por la desigualdad. Un pa\u00eds desconectado, literal y simb\u00f3licamente.<br><br>Hoy m\u00e1s que nunca, garantizar el acceso a internet en condiciones de equidad no es una opci\u00f3n, es un imperativo \u00e9tico. Y ese imperativo est\u00e1 siendo violado con total impunidad por un gobierno que prefiere la motosierra a la fibra \u00f3ptica, la especulaci\u00f3n a la planificaci\u00f3n, el ajuste al desarrollo. Argentina no puede resignarse a ser un archipi\u00e9lago de conectividad para pocos en medio de un oc\u00e9ano de exclusi\u00f3n digital.<br><br>Es hora de exigir que el Congreso no mire para otro lado. Que los funcionarios rindan cuentas. Que la conectividad vuelva a ser una pol\u00edtica de Estado. Porque sin acceso a la informaci\u00f3n, sin conexi\u00f3n al conocimiento, no hay democracia plena ni futuro posible. Y ese es, en definitiva, el n\u00facleo m\u00e1s peligroso del experimento libertario en curso: la desconexi\u00f3n como estrategia de gobierno.<br><br>Fuente:<br>https:\/\/www4.hcdn.gob.ar\/dependencias\/dsecretaria\/Periodo2025\/PDF2025\/TP2025\/4134-D-2025.pdf<\/p>\n","protected":false},"excerpt":{"rendered":"<p>El desfinanciamiento y la inacci\u00f3n del Gobierno Nacional ponen en peligro la continuidad del Programa Nacional de Conectividad. La iniciativa, orientada a garantizar el acceso equitativo a Internet en zonas vulnerables, enfrenta una par\u00e1lisis alarmante. La ret\u00f3rica libertaria choca, una vez m\u00e1s, con la realidad concreta de una Argentina que queda offline. En un pa\u00eds&#8230;<\/p>\n","protected":false},"author":1,"featured_media":7127,"comment_status":"open","ping_status":"open","sticky":false,"template":"","format":"standard","meta":{"_monsterinsights_skip_tracking":false,"_monsterinsights_sitenote_active":false,"_monsterinsights_sitenote_note":"","_monsterinsights_sitenote_category":0,"footnotes":"","jetpack_publicize_message":"","jetpack_publicize_feature_enabled":true,"jetpack_social_post_already_shared":true,"jetpack_social_options":{"image_generator_settings":{"template":"highway","default_image_id":0,"font":"","enabled":false},"version":2}},"categories":[4],"tags":[58,1866,69,2443,276,902,2546,2545,45],"class_list":["post-7128","post","type-post","status-publish","format-standard","has-post-thumbnail","hentry","category-sociedad","tag-ajuste","tag-conectividad","tag-derechos","tag-desconexion","tag-educacion","tag-exclusion","tag-fibra","tag-internet","tag-milei"],"jetpack_publicize_connections":[],"_links":{"self":[{"href":"https:\/\/www.enorsai.com\/noticias\/wp-json\/wp\/v2\/posts\/7128","targetHints":{"allow":["GET"]}}],"collection":[{"href":"https:\/\/www.enorsai.com\/noticias\/wp-json\/wp\/v2\/posts"}],"about":[{"href":"https:\/\/www.enorsai.com\/noticias\/wp-json\/wp\/v2\/types\/post"}],"author":[{"embeddable":true,"href":"https:\/\/www.enorsai.com\/noticias\/wp-json\/wp\/v2\/users\/1"}],"replies":[{"embeddable":true,"href":"https:\/\/www.enorsai.com\/noticias\/wp-json\/wp\/v2\/comments?post=7128"}],"version-history":[{"count":0,"href":"https:\/\/www.enorsai.com\/noticias\/wp-json\/wp\/v2\/posts\/7128\/revisions"}],"wp:featuredmedia":[{"embeddable":true,"href":"https:\/\/www.enorsai.com\/noticias\/wp-json\/wp\/v2\/media\/7127"}],"wp:attachment":[{"href":"https:\/\/www.enorsai.com\/noticias\/wp-json\/wp\/v2\/media?parent=7128"}],"wp:term":[{"taxonomy":"category","embeddable":true,"href":"https:\/\/www.enorsai.com\/noticias\/wp-json\/wp\/v2\/categories?post=7128"},{"taxonomy":"post_tag","embeddable":true,"href":"https:\/\/www.enorsai.com\/noticias\/wp-json\/wp\/v2\/tags?post=7128"}],"curies":[{"name":"wp","href":"https:\/\/api.w.org\/{rel}","templated":true}]}}