{"id":7113,"date":"2025-08-04T08:42:54","date_gmt":"2025-08-04T11:42:54","guid":{"rendered":"https:\/\/www.enorsai.com\/noticias\/?p=7113"},"modified":"2025-08-04T08:42:54","modified_gmt":"2025-08-04T11:42:54","slug":"se-prepara-una-multitudinaria-marcha-en-el-dia-de-san-cayetano","status":"publish","type":"post","link":"https:\/\/www.enorsai.com\/noticias\/sociedad\/se-prepara-una-multitudinaria-marcha-en-el-dia-de-san-cayetano\/","title":{"rendered":"Se prepara una multitudinaria marcha en el d\u00eda de San Cayetano"},"content":{"rendered":"\n<p><strong><em>Organizaciones sociales, la CGT y las dos CTA marchan el pr\u00f3ximo 7 de agosto contra el Gobierno Nacional de Javier Milei, en el D\u00eda de San Cayetano. Todos los detalles.<\/em><\/strong><\/p>\n\n\n\n<p>La Confederaci\u00f3n General del Trabajo (CGT), la Central de Trabajadores de la Argentina (CTA) y la CTA \u2013 Aut\u00f3noma junto a organizaciones sociales y de izquierda marchar\u00e1n el pr\u00f3ximo jueves 7 de agosto contra el Gobierno nacional, a cargo de Javier Milei, en el D\u00eda de San Cayetano, desde el barrio de Liniers hasta Plaza de Mayo.<\/p>\n\n\n\n<p>\u201cNo pedimos milagros, exigimos justicia social\u201d, consignaron desde la central obrera con respecto a la marcha que comenzar\u00e1 desde las 13:00 horas y que promete ser masiva, al sumar feligreses y sectores de la pol\u00edtica bajo la consigna de \u201cPan, Techo y Trabajo\u201d.<\/p>\n\n\n\n<p>Sin embargo, desde las dos CTA aclararon que su columna comenzar\u00e1 a marchar desde las 8 de la ma\u00f1ana. \u201cMientras que la estrategia del gobierno es fragmentar, nosotros queremos construir en conjunto este 7 de agosto, cuando conmemoramos a San Cayetano, para unir a toda la clase trabajadora\u201d, afirm\u00f3 el secretario general, Hugo \u201cCachorro\u201d Godoy.<\/p>\n\n\n\n<p>Tambi\u00e9n, dir\u00e1n presente la Uni\u00f3n de Trabajadores de la Econom\u00eda Popular (UTEP) y el Frente Sindical por la Soberan\u00eda, el Trabajo Digno y el Salario Justo, una organizaci\u00f3n que nuclea a gremios de distintas ramas, incluyendo a la Confederaci\u00f3n Argentina de Trabajadores del Transporte (CATT).<\/p>\n\n\n\n<p>\u201cEl frente sindical est\u00e1 en pleno desarrollo, goza de muy buena salud y este 7 de agosto en la calle tenemos que asestarle un nuevo golpe al Gobierno\u201d, afirm\u00f3 el secretario general de la Asociaci\u00f3n Trabajadores del Estado (ATE) a nivel nacional, Rodolfo Aguiar, sindicato que tambi\u00e9n integra el frente sindical.<\/p>\n\n\n\n<p>De esta manera, sindicatos y organizaciones sociales buscar\u00e1n dar una demostraci\u00f3n de fuerza en contra del Gobierno nacional, tras el severo ajuste en los programas sociales, los recortes en la distribuci\u00f3n de alimentos, el cierre de comedores y el crecimiento del desempleo, la pobreza e indigencia.<\/p>\n\n\n\n<p>Los organizadores definen los detalles de la marcha del d\u00eda de San Cayetano, con el objetivo de evitar disturbios y enfrentamientos entre los manifestantes y las fuerzas federales, en el marco del protocolo antipiquietes del Ministerio de Seguridad, de Patricia Bullrich. En ese sentido, varios obispos advirtieron la necesidad de bajar los niveles de conflictividad.<\/p>\n\n\n\n<p>Por Diputados Bonaerenses<\/p>\n","protected":false},"excerpt":{"rendered":"<p>Organizaciones sociales, la CGT y las dos CTA marchan el pr\u00f3ximo 7 de agosto contra el Gobierno Nacional de Javier Milei, en el D\u00eda de San Cayetano. Todos los detalles. La Confederaci\u00f3n General del Trabajo (CGT), la Central de Trabajadores de la Argentina (CTA) y la CTA \u2013 Aut\u00f3noma junto a organizaciones sociales y de&#8230;<\/p>\n","protected":false},"author":5,"featured_media":7114,"comment_status":"open","ping_status":"open","sticky":false,"template":"","format":"standard","meta":{"_monsterinsights_skip_tracking":false,"_monsterinsights_sitenote_active":false,"_monsterinsights_sitenote_note":"","_monsterinsights_sitenote_category":0,"footnotes":"","jetpack_publicize_message":"","jetpack_publicize_feature_enabled":true,"jetpack_social_post_already_shared":true,"jetpack_social_options":{"image_generator_settings":{"template":"highway","default_image_id":0,"font":"","enabled":false},"version":2}},"categories":[4],"tags":[43,15],"class_list":["post-7113","post","type-post","status-publish","format-standard","has-post-thumbnail","hentry","category-sociedad","tag-crisis","tag-economia"],"jetpack_publicize_connections":[],"_links":{"self":[{"href":"https:\/\/www.enorsai.com\/noticias\/wp-json\/wp\/v2\/posts\/7113","targetHints":{"allow":["GET"]}}],"collection":[{"href":"https:\/\/www.enorsai.com\/noticias\/wp-json\/wp\/v2\/posts"}],"about":[{"href":"https:\/\/www.enorsai.com\/noticias\/wp-json\/wp\/v2\/types\/post"}],"author":[{"embeddable":true,"href":"https:\/\/www.enorsai.com\/noticias\/wp-json\/wp\/v2\/users\/5"}],"replies":[{"embeddable":true,"href":"https:\/\/www.enorsai.com\/noticias\/wp-json\/wp\/v2\/comments?post=7113"}],"version-history":[{"count":1,"href":"https:\/\/www.enorsai.com\/noticias\/wp-json\/wp\/v2\/posts\/7113\/revisions"}],"predecessor-version":[{"id":7115,"href":"https:\/\/www.enorsai.com\/noticias\/wp-json\/wp\/v2\/posts\/7113\/revisions\/7115"}],"wp:featuredmedia":[{"embeddable":true,"href":"https:\/\/www.enorsai.com\/noticias\/wp-json\/wp\/v2\/media\/7114"}],"wp:attachment":[{"href":"https:\/\/www.enorsai.com\/noticias\/wp-json\/wp\/v2\/media?parent=7113"}],"wp:term":[{"taxonomy":"category","embeddable":true,"href":"https:\/\/www.enorsai.com\/noticias\/wp-json\/wp\/v2\/categories?post=7113"},{"taxonomy":"post_tag","embeddable":true,"href":"https:\/\/www.enorsai.com\/noticias\/wp-json\/wp\/v2\/tags?post=7113"}],"curies":[{"name":"wp","href":"https:\/\/api.w.org\/{rel}","templated":true}]}}