{"id":7111,"date":"2025-08-04T06:45:02","date_gmt":"2025-08-04T09:45:02","guid":{"rendered":"https:\/\/www.enorsai.com\/noticias\/politica\/milei-veto-leyes-que-beneficiaban-a-jubilados-personas-con-discapacidad-y-trabajadores-sin-aportes\/"},"modified":"2025-08-06T12:37:42","modified_gmt":"2025-08-06T15:37:42","slug":"milei-veto-leyes-que-beneficiaban-a-jubilados-personas-con-discapacidad-y-trabajadores-sin-aportes","status":"publish","type":"post","link":"https:\/\/www.enorsai.com\/noticias\/politica\/milei-veto-leyes-que-beneficiaban-a-jubilados-personas-con-discapacidad-y-trabajadores-sin-aportes\/","title":{"rendered":"Milei vet\u00f3 leyes que beneficiaban a jubilados, personas con discapacidad y trabajadores sin aportes"},"content":{"rendered":"\n<p>En un acto que refuerza su perfil de insensibilidad social, el presidente Javier Milei vet\u00f3 tres leyes clave aprobadas por el Congreso: la movilidad jubilatoria, la moratoria previsional y la declaraci\u00f3n de emergencia en discapacidad.<br><br>Blindado por el poder del veto y sin un gramo de empat\u00eda, Javier Milei tach\u00f3 con su lapicera tres conquistas sociales fundamentales. A contramano del Congreso, el presidente argentino decidi\u00f3 anular aumentos para jubilados, cortar el acceso a jubilaciones para quienes no cumplan con los aportes y desconocer la urgencia de miles de personas con discapacidad. Una se\u00f1al inequ\u00edvoca de que en su Argentina, la austeridad se impone aunque sea a costa del sufrimiento ajeno.<br><br>Con una frialdad quir\u00fargica y sin titubeos, el presidente Javier Milei tom\u00f3 la decisi\u00f3n pol\u00edtica de vetar tres leyes aprobadas por el Congreso Nacional que apuntaban directamente a los sectores m\u00e1s vulnerables de la sociedad argentina. Lejos de dar un paso hacia la justicia social, su gobierno vuelve a aferrarse a una l\u00f3gica de ajuste brutal que, esta vez, apunta contra los jubilados, quienes esperaban una actualizaci\u00f3n de sus haberes; contra quienes no pudieron completar los a\u00f1os de aportes, y contra miles de personas con discapacidad que viven en condiciones de extrema vulnerabilidad.<br><br>La publicaci\u00f3n del Decreto 626\/2025 en el Bolet\u00edn Oficial cristaliz\u00f3 lo que ya era un secreto a voces: Milei considera que cualquier pol\u00edtica que implique redistribuci\u00f3n o contenci\u00f3n social es un gasto innecesario. Su firma, estampada con determinaci\u00f3n ideol\u00f3gica, arras\u00f3 con la nueva f\u00f3rmula de movilidad jubilatoria, bloque\u00f3 la posibilidad de acceder a una jubilaci\u00f3n mediante la moratoria y dej\u00f3 sin efecto la declaraci\u00f3n de emergencia p\u00fablica en materia de discapacidad. En otras palabras, cancel\u00f3 derechos con la misma facilidad con la que repite slogans de ajuste.<\/p>\n\n\n\n<figure class=\"wp-block-embed is-type-video is-provider-youtube wp-block-embed-youtube wp-embed-aspect-16-9 wp-has-aspect-ratio\"><div class=\"wp-block-embed__wrapper\">\n<iframe loading=\"lazy\" title=\"Informe de El PAIS de Espa\u00f1a. As\u00ed nos ven afuera...\" width=\"640\" height=\"360\" src=\"https:\/\/www.youtube.com\/embed\/jS3ejfK_kHM?feature=oembed\" frameborder=\"0\" allow=\"accelerometer; autoplay; clipboard-write; encrypted-media; gyroscope; picture-in-picture; web-share\" referrerpolicy=\"strict-origin-when-cross-origin\" allowfullscreen><\/iframe>\n<\/div><\/figure>\n\n\n\n<p><br><br>El gobierno libertario argumenta, sin sonrojarse, que las normas vetadas son \u201ccontrarias a los objetivos de la Ley de Bases\u201d, especialmente en lo que respecta al equilibrio fiscal. Traducido al castellano simple: no se puede gastar en los que menos tienen. Esta decisi\u00f3n vuelve a confirmar que, para Milei, el \u00fanico d\u00e9ficit que importa es el econ\u00f3mico, aunque eso signifique incrementar el d\u00e9ficit moral de un pa\u00eds que alguna vez se jact\u00f3 de su red de protecci\u00f3n social. Con una l\u00f3gica tan cruda como cruel, el Presidente prioriza los balances contables por encima del drama cotidiano de millones de argentinos.<br><br>Resulta escandaloso que se vete una ley de movilidad que implicaba garantizar que los haberes jubilatorios no pierdan poder adquisitivo frente a la inflaci\u00f3n. Seg\u00fan el propio texto que Milei decidi\u00f3 rechazar, la f\u00f3rmula propon\u00eda aumentos mensuales seg\u00fan la inflaci\u00f3n y un refuerzo adicional del 8,1% para recuperar parte de lo perdido en enero de este a\u00f1o. Lejos de considerarlo un acto de justicia, el Ejecutivo lo tild\u00f3 de \u201cinaplicable\u201d y \u201cfiscalmente irresponsable\u201d. Como si cuidar a los jubilados fuera un capricho ideol\u00f3gico en lugar de un imperativo \u00e9tico y legal.<br><br>No menos grave es la decisi\u00f3n de vetar la pr\u00f3rroga de la moratoria previsional. En un pa\u00eds donde m\u00e1s del 70% de las mujeres en edad de jubilarse no logra completar los a\u00f1os de aportes exigidos, cerrar esta v\u00eda alternativa es lisa y llanamente condenarlas a la indigencia. Pero el gobierno de Milei ni siquiera pesta\u00f1ea ante esta realidad: acusa a la ley de \u201cconvalidar el otorgamiento de beneficios sin sustento\u201d, cuando en realidad lo que hac\u00eda era reconocer las desigualdades estructurales del mercado laboral argentino.<br><br>El tercer veto, referido a la emergencia en discapacidad, expone una dosis alarmante de desapego a la realidad. Quienes conocen el sistema saben que las personas con discapacidad enfrentan una situaci\u00f3n dram\u00e1tica: recortes en prestaciones, falta de pago a transportistas, deudas con instituciones educativas y barreras de todo tipo. La ley buscaba declarar la emergencia p\u00fablica para garantizar el acceso a derechos y servicios, pero el Presidente consider\u00f3 que su sanci\u00f3n era innecesaria. En palabras del Ejecutivo, ya existen \u201cdisposiciones vigentes\u201d que regulan el tema. Una excusa tan c\u00ednica como insultante frente al padecimiento cotidiano de quienes necesitan asistencia urgente y espec\u00edfica.<br><br>Este triple veto no es un hecho aislado. Forma parte de una matriz ideol\u00f3gica que desprecia al Estado como herramienta de justicia y abraza una visi\u00f3n empresarial de la pol\u00edtica, donde los ciudadanos se convierten en costos y los derechos en obst\u00e1culos para el mercado. El discurso del \u201cno hay plata\u201d sirve como paraguas para justificar un desmantelamiento sistem\u00e1tico de la red social, reemplazada por la l\u00f3gica del s\u00e1lvese quien pueda.<br><br>Pero, incluso desde esa mirada tecnocr\u00e1tica y utilitaria, los vetos son un tiro en el pie. Quitar poder de compra a los jubilados es frenar el consumo interno. Impedir el acceso a jubilaciones reduce la seguridad social. Desatender la emergencia en discapacidad implica dejar sin respuesta a un colectivo hist\u00f3ricamente postergado, que adem\u00e1s representa un universo de trabajadores, familias, instituciones y profesionales cuya tarea es imprescindible.<br><br>El Congreso vot\u00f3 con mayor\u00edas claras en favor de estas leyes. Lo hizo reconociendo el reclamo de la calle, las advertencias de los especialistas, y el mandato social de no seguir castigando a los que menos tienen. El veto presidencial no solo desacata esa voluntad pol\u00edtica: la pisotea con desprecio. Milei no est\u00e1 corrigiendo errores del legislativo, est\u00e1 avanzando con una motosierra sobre derechos conquistados.<br><br>La pregunta que queda flotando es hasta cu\u00e1ndo podr\u00e1 sostenerse esta pol\u00edtica de tierra arrasada sin un costo pol\u00edtico irreversible. \u00bfCu\u00e1l es el l\u00edmite de la sociedad ante semejante nivel de crueldad institucionalizada? \u00bfCu\u00e1nto m\u00e1s puede soportar un pa\u00eds que ve c\u00f3mo el ajuste se convierte en doctrina y el sufrimiento en estad\u00edstica?<br><br>La gesti\u00f3n de Javier Milei parece empe\u00f1ada en escribir una nueva historia argentina, pero una escrita en clave de recortes, exclusiones y retrocesos. Con cada veto, se borra un art\u00edculo m\u00e1s del contrato social. Con cada decreto, se endurece un modelo que mira al pueblo con desprecio y al poder con veneraci\u00f3n. Lo que se juega, entonces, no es solo una disputa legislativa, sino la propia dignidad del pa\u00eds. Porque vetar a los jubilados, a quienes no llegaron con sus aportes, y a las personas con discapacidad, no es solo una medida econ\u00f3mica: es una declaraci\u00f3n de principios. Y esos principios, bajo este gobierno, parecen tener un solo destinatario: el mercado.<br><br>Fuente:<br>https:\/\/noticiasargentinas.com\/politica\/es-oficial&#8211;javier-milei-veto-leyes-de-aumento-a-jubilados&#8211;moratoria-previsional-y-emergencia-en-discapacidad_a68902c396069bf01925cd648<br><\/p>\n","protected":false},"excerpt":{"rendered":"<p>En un acto que refuerza su perfil de insensibilidad social, el presidente Javier Milei vet\u00f3 tres leyes clave aprobadas por el Congreso: la movilidad jubilatoria, la moratoria previsional y la declaraci\u00f3n de emergencia en discapacidad. Blindado por el poder del veto y sin un gramo de empat\u00eda, Javier Milei tach\u00f3 con su lapicera tres conquistas&#8230;<\/p>\n","protected":false},"author":13,"featured_media":7110,"comment_status":"open","ping_status":"open","sticky":false,"template":"","format":"standard","meta":{"_monsterinsights_skip_tracking":false,"_monsterinsights_sitenote_active":false,"_monsterinsights_sitenote_note":"","_monsterinsights_sitenote_category":0,"footnotes":"","jetpack_publicize_message":"","jetpack_publicize_feature_enabled":true,"jetpack_social_post_already_shared":true,"jetpack_social_options":{"image_generator_settings":{"template":"highway","default_image_id":0,"font":"","enabled":false},"version":2}},"categories":[2],"tags":[58,257,69,900,854,1284,45,1982,1487,1978],"class_list":["post-7111","post","type-post","status-publish","format-standard","has-post-thumbnail","hentry","category-politica","tag-ajuste","tag-congreso","tag-derechos","tag-discapacidad","tag-emergencia","tag-jubilaciones","tag-milei","tag-moratoria","tag-veto","tag-vetos"],"jetpack_publicize_connections":[],"_links":{"self":[{"href":"https:\/\/www.enorsai.com\/noticias\/wp-json\/wp\/v2\/posts\/7111","targetHints":{"allow":["GET"]}}],"collection":[{"href":"https:\/\/www.enorsai.com\/noticias\/wp-json\/wp\/v2\/posts"}],"about":[{"href":"https:\/\/www.enorsai.com\/noticias\/wp-json\/wp\/v2\/types\/post"}],"author":[{"embeddable":true,"href":"https:\/\/www.enorsai.com\/noticias\/wp-json\/wp\/v2\/users\/13"}],"replies":[{"embeddable":true,"href":"https:\/\/www.enorsai.com\/noticias\/wp-json\/wp\/v2\/comments?post=7111"}],"version-history":[{"count":1,"href":"https:\/\/www.enorsai.com\/noticias\/wp-json\/wp\/v2\/posts\/7111\/revisions"}],"predecessor-version":[{"id":7244,"href":"https:\/\/www.enorsai.com\/noticias\/wp-json\/wp\/v2\/posts\/7111\/revisions\/7244"}],"wp:featuredmedia":[{"embeddable":true,"href":"https:\/\/www.enorsai.com\/noticias\/wp-json\/wp\/v2\/media\/7110"}],"wp:attachment":[{"href":"https:\/\/www.enorsai.com\/noticias\/wp-json\/wp\/v2\/media?parent=7111"}],"wp:term":[{"taxonomy":"category","embeddable":true,"href":"https:\/\/www.enorsai.com\/noticias\/wp-json\/wp\/v2\/categories?post=7111"},{"taxonomy":"post_tag","embeddable":true,"href":"https:\/\/www.enorsai.com\/noticias\/wp-json\/wp\/v2\/tags?post=7111"}],"curies":[{"name":"wp","href":"https:\/\/api.w.org\/{rel}","templated":true}]}}