{"id":7101,"date":"2025-08-03T22:52:34","date_gmt":"2025-08-04T01:52:34","guid":{"rendered":"https:\/\/www.enorsai.com\/noticias\/?p=7101"},"modified":"2025-08-03T23:00:41","modified_gmt":"2025-08-04T02:00:41","slug":"laura-la-vega-sin-apoyo-estatal-las-personas-con-discapacidad","status":"publish","type":"post","link":"https:\/\/www.enorsai.com\/noticias\/politica\/laura-la-vega-sin-apoyo-estatal-las-personas-con-discapacidad\/","title":{"rendered":"Laura La Vega: \u201cSin apoyo estatal, las personas con discapacidad quedan sin futuro ni hogar\u201d"},"content":{"rendered":"\n<p>3 de agosto de 2025 | Por Redacci\u00f3n Enorsai<\/p>\n\n\n\n<figure class=\"wp-block-image\"><img decoding=\"async\" src=\"https:\/\/tuservidor.com\/imagenes\/la-vega-discapacidad-radio-con-vos.jpg\" alt=\"Laura La Vega reclamo discapacidad Radio Con Vos\"\/><figcaption class=\"wp-element-caption\">Laura La Vega, referente bonaerense, alerta sobre el abandono a personas con discapacidad tras el veto presidencial.<\/figcaption><\/figure>\n\n\n\n<h2 class=\"wp-block-heading\">Emergencia ignorada: el impacto del veto presidencial en la discapacidad<\/h2>\n\n\n\n<p>En di\u00e1logo con <a href=\"https:\/\/radioconvos.com.ar\/\" rel=\"noreferrer noopener\" target=\"_blank\">Radio Con Vos<\/a>, <strong>Laura La Vega<\/strong>, representante de la Red de Prestadores de Discapacidad Agrupados bonaerense, describi\u00f3 la situaci\u00f3n cr\u00edtica luego del <strong>veto de Javier Milei a la Ley de Emergencia en Discapacidad<\/strong>.<\/p>\n\n\n\n<p>\u201cNosotros llevamos ocho meses de atraso en pagos y ajustes, mientras los costos y la inflaci\u00f3n se disparan. Facturamos lo mismo que en diciembre de 2024. Es insostenible\u201d, denunci\u00f3 La Vega, a cargo de un hogar de internaci\u00f3n permanente.<\/p>\n\n\n\n<p>Explic\u00f3 que la medida reduce prestaciones y pone en riesgo la comida, terapias y hasta la contenci\u00f3n b\u00e1sica de los residentes con discapacidad: \u201cSi bajo la persiana, \u00bfd\u00f3nde van mis 18 residentes? La mitad no tiene familia. \u00bfQui\u00e9n los recibe, qui\u00e9n les da un abrazo?\u201d<\/p>\n\n\n\n<h2 class=\"wp-block-heading\">Falta de di\u00e1logo estatal y \u201cfalta de empat\u00eda\u201d legislativa<\/h2>\n\n\n\n<p>La Vega denunci\u00f3 la ausencia total de interlocuci\u00f3n estatal: \u201cNo tenemos di\u00e1logo con el gobierno. Solo hay mon\u00f3logos de nuestra parte: del otro lado, la respuesta es \u2018no hay plata\u2019\u201d. Se\u00f1al\u00f3 la actitud de funcionarios y legisladores que no escuchan ni miran a la cara a quienes exponen la emergencia, y la falta de empat\u00eda con los sectores m\u00e1s vulnerables.<\/p>\n\n\n\n<p>Ejemplific\u00f3 la contradicci\u00f3n de diputados como Diego Santilli: \u201cPromocionaba barbijos inclusivos por tener un hijo con hipoacusia, pero despu\u00e9s vota en contra de la ley que protege a quienes no tienen otra asistencia posible\u201d.<\/p>\n\n\n\n<figure class=\"wp-block-image size-full\"><img loading=\"lazy\" decoding=\"async\" width=\"400\" height=\"600\" src=\"https:\/\/www.enorsai.com\/noticias\/wp-content\/uploads\/2025\/08\/infografia-discapacidad.png\" alt=\"\" class=\"wp-image-7105\"\/><\/figure>\n\n\n\n<h2 class=\"wp-block-heading\">\u00bfCamino al cierre de hogares?: la amenaza concreta y el rol del Estado<\/h2>\n\n\n\n<p>La Vega aclar\u00f3: \u201cEsto va camino a desaparecer, que es justamente lo que quieren: achicar el Estado y que las familias lo resuelvan solas\u201d. Asegura que como pyme familiar ya no puede sostener el hogar sin recursos, pero advierte que si estos espacios cierran, cientos de personas con discapacidad quedar\u00e1n literalmente en la calle, sin atenci\u00f3n, alimento ni abrigo.<\/p>\n\n\n\n<p>\u201cNo puede vetar nuestra dignidad ni el amor por lo que hacemos. Pero s\u00ed puede dejar gente sin comer. Y eso es responsabilidad del Estado\u201d, sentenci\u00f3.<\/p>\n\n\n\n<figure class=\"wp-block-embed is-type-wp-embed is-provider-incrustado wp-block-embed-incrustado\"><div class=\"wp-block-embed__wrapper\">\n<blockquote class=\"wp-embedded-content\" data-secret=\"DV9b9ARA36\"><a href=\"https:\/\/www.enorsai.com\/noticias\/politica\/el-emporio-millonario-del-hijo-de-bullrich-70-bares-una-denuncia-congelada-y-muchas-sospechas\/\">El emporio millonario del hijo de Bullrich: 70 bares, una denuncia congelada y muchas sospechas<\/a><\/blockquote><iframe loading=\"lazy\" class=\"wp-embedded-content\" sandbox=\"allow-scripts\" security=\"restricted\" style=\"position: absolute; visibility: hidden;\" title=\"\u00abEl emporio millonario del hijo de Bullrich: 70 bares, una denuncia congelada y muchas sospechas\u00bb \u2014 \" src=\"https:\/\/www.enorsai.com\/noticias\/politica\/el-emporio-millonario-del-hijo-de-bullrich-70-bares-una-denuncia-congelada-y-muchas-sospechas\/embed\/#?secret=MovlzWt8EG#?secret=DV9b9ARA36\" data-secret=\"DV9b9ARA36\" width=\"600\" height=\"338\" frameborder=\"0\" marginwidth=\"0\" marginheight=\"0\" scrolling=\"no\"><\/iframe>\n<\/div><\/figure>\n\n\n\n<h2 class=\"wp-block-heading\">Legisladores a examen: abstenciones y candidaturas<\/h2>\n\n\n\n<p>La referente bonaerense interpel\u00f3 directamente a los legisladores que hoy buscan revalidar cargos \u201cde cara a sus propios distritos\u201d: \u201cSi dec\u00eds que am\u00e1s Quilmes, como la diputada Maru Sotolano, ten\u00e9s que pensar en los cientos de personas con discapacidad que todos los d\u00edas la pasan mal ac\u00e1. Pedimos que est\u00e9n a la altura\u201d.<\/p>\n\n\n\n<h3 class=\"wp-block-heading\">Te puede interesar<\/h3>\n\n\n\n<ul class=\"wp-block-list\">\n<li><a href=\"\/recorte-discapacidad-milei\">El recorte a discapacidad, radiograf\u00eda de una urgencia<\/a><\/li>\n\n\n\n<li><a href=\"\/ajuste-social-gobierno-actual\">Ajustes sociales: los sectores m\u00e1s golpeados<\/a><\/li>\n\n\n\n<li><a href=\"\/prestadores-en-crisis-argentina\">Prestadores en crisis: testimonios y reclamos<\/a><\/li>\n<\/ul>\n\n\n\n<p>Fuente radial: <a href=\"https:\/\/radioconvos.com.ar\/\" rel=\"noreferrer noopener\" target=\"_blank\">Radio Con Vos<\/a><\/p>\n","protected":false},"excerpt":{"rendered":"<p>3 de agosto de 2025 | Por Redacci\u00f3n Enorsai Emergencia ignorada: el impacto del veto presidencial en la discapacidad En di\u00e1logo con Radio Con Vos, Laura La Vega, representante de la Red de Prestadores de Discapacidad Agrupados bonaerense, describi\u00f3 la situaci\u00f3n cr\u00edtica luego del veto de Javier Milei a la Ley de Emergencia en Discapacidad&#8230;.<\/p>\n","protected":false},"author":4,"featured_media":7102,"comment_status":"open","ping_status":"open","sticky":false,"template":"","format":"standard","meta":{"_monsterinsights_skip_tracking":false,"_monsterinsights_sitenote_active":false,"_monsterinsights_sitenote_note":"","_monsterinsights_sitenote_category":0,"footnotes":"","jetpack_publicize_message":"Brutal abandono a personas con discapacidad tras el veto presidencial.","jetpack_publicize_feature_enabled":true,"jetpack_social_post_already_shared":false,"jetpack_social_options":{"image_generator_settings":{"template":"highway","default_image_id":0,"enabled":false},"version":2}},"categories":[2,4],"tags":[],"class_list":["post-7101","post","type-post","status-publish","format-standard","has-post-thumbnail","hentry","category-politica","category-sociedad"],"jetpack_publicize_connections":[],"_links":{"self":[{"href":"https:\/\/www.enorsai.com\/noticias\/wp-json\/wp\/v2\/posts\/7101","targetHints":{"allow":["GET"]}}],"collection":[{"href":"https:\/\/www.enorsai.com\/noticias\/wp-json\/wp\/v2\/posts"}],"about":[{"href":"https:\/\/www.enorsai.com\/noticias\/wp-json\/wp\/v2\/types\/post"}],"author":[{"embeddable":true,"href":"https:\/\/www.enorsai.com\/noticias\/wp-json\/wp\/v2\/users\/4"}],"replies":[{"embeddable":true,"href":"https:\/\/www.enorsai.com\/noticias\/wp-json\/wp\/v2\/comments?post=7101"}],"version-history":[{"count":3,"href":"https:\/\/www.enorsai.com\/noticias\/wp-json\/wp\/v2\/posts\/7101\/revisions"}],"predecessor-version":[{"id":7106,"href":"https:\/\/www.enorsai.com\/noticias\/wp-json\/wp\/v2\/posts\/7101\/revisions\/7106"}],"wp:featuredmedia":[{"embeddable":true,"href":"https:\/\/www.enorsai.com\/noticias\/wp-json\/wp\/v2\/media\/7102"}],"wp:attachment":[{"href":"https:\/\/www.enorsai.com\/noticias\/wp-json\/wp\/v2\/media?parent=7101"}],"wp:term":[{"taxonomy":"category","embeddable":true,"href":"https:\/\/www.enorsai.com\/noticias\/wp-json\/wp\/v2\/categories?post=7101"},{"taxonomy":"post_tag","embeddable":true,"href":"https:\/\/www.enorsai.com\/noticias\/wp-json\/wp\/v2\/tags?post=7101"}],"curies":[{"name":"wp","href":"https:\/\/api.w.org\/{rel}","templated":true}]}}