{"id":7090,"date":"2025-08-03T19:49:16","date_gmt":"2025-08-03T22:49:16","guid":{"rendered":"https:\/\/www.enorsai.com\/noticias\/?p=7090"},"modified":"2025-08-03T20:17:55","modified_gmt":"2025-08-03T23:17:55","slug":"fernanda-raverta-no-hay-pais-posible-con-jubilados-como-variable-de-ajuste","status":"publish","type":"post","link":"https:\/\/www.enorsai.com\/noticias\/politica\/fernanda-raverta-no-hay-pais-posible-con-jubilados-como-variable-de-ajuste\/","title":{"rendered":"Fernanda Raverta: \u201cNo hay pa\u00eds posible con jubilados como variable de ajuste\u201d"},"content":{"rendered":"\n<p><\/p>\n\n\n\n<p>3 de agosto de 2025 | Por Redacci\u00f3n Enorsai<\/p>\n\n\n\n<figure class=\"wp-block-image\"><img decoding=\"async\" src=\"https:\/\/tuservidor.com\/imagenes\/raverta-milenium-jubilados-discusion-politica.jpg\" alt=\"Fernanda Raverta en Radio Milenium: debate jubilados, peronismo y derechos humanos\"\/><figcaption class=\"wp-element-caption\">Fernanda Raverta en Radio Milenium: poder pol\u00edtico, derechos humanos y la urgencia de defender a los jubilados.<\/figcaption><\/figure>\n\n\n\n<h2 class=\"wp-block-heading\">Interna peronista y oposici\u00f3n: \u201cMilei corre solo porque no resolvimos nuestras diferencias\u201d<\/h2>\n\n\n\n<p>En entrevista con <strong>Radio Milenium<\/strong>, la candidata de Fuerza Patria para la V Secci\u00f3n Electoral, <strong>Fernanda Raverta<\/strong>, analiz\u00f3 el clima pol\u00edtico nacional tras los recientes debates internos en el peronismo.<br>Raverta reconoci\u00f3 la intensidad de la discusi\u00f3n entre referentes como <strong>Cristina Kirchner, M\u00e1ximo Kirchner y Axel Kicillof<\/strong>, se\u00f1alando que <em>\u201cla oposici\u00f3n est\u00e1 desorientada y Milei avanza casi sin rivales claros\u201d<\/em>.<\/p>\n\n\n\n<p>\u201cNo hay que enga\u00f1arse: si discutimos mucho es porque queremos mayor\u00edas, no por debilidad. Lo importante es garantizar unidad y sentido democr\u00e1tico, no ocultar nuestras diferencias\u201d, subray\u00f3.<\/p>\n\n\n\n<figure class=\"wp-block-embed is-type-wp-embed is-provider-incrustado wp-block-embed-incrustado\"><div class=\"wp-block-embed__wrapper\">\n<blockquote class=\"wp-embedded-content\" data-secret=\"fJXrX77Ixf\"><a href=\"https:\/\/www.enorsai.com\/noticias\/politica\/el-ministro-de-economia-de-javier-milei-declaro-tener-casi-la-totalidad-de-su-patrimonio-fuera-del-pais\/\">El ministro de Econom\u00eda de Javier Milei declar\u00f3 tener casi la totalidad de su patrimonio fuera del pa\u00eds<\/a><\/blockquote><iframe loading=\"lazy\" class=\"wp-embedded-content\" sandbox=\"allow-scripts\" security=\"restricted\" style=\"position: absolute; visibility: hidden;\" title=\"\u00abEl ministro de Econom\u00eda de Javier Milei declar\u00f3 tener casi la totalidad de su patrimonio fuera del pa\u00eds\u00bb \u2014 \" src=\"https:\/\/www.enorsai.com\/noticias\/politica\/el-ministro-de-economia-de-javier-milei-declaro-tener-casi-la-totalidad-de-su-patrimonio-fuera-del-pais\/embed\/#?secret=QW4zKW5tyH#?secret=fJXrX77Ixf\" data-secret=\"fJXrX77Ixf\" width=\"600\" height=\"338\" frameborder=\"0\" marginwidth=\"0\" marginheight=\"0\" scrolling=\"no\"><\/iframe>\n<\/div><\/figure>\n\n\n\n<h2 class=\"wp-block-heading\">Discusi\u00f3n pol\u00edtica y memoria: \u201cLa democracia se fortalece debatiendo, no callando el pasado\u201d<\/h2>\n\n\n\n<p>Raverta defendi\u00f3 el debate interno como parte esencial del proceso democr\u00e1tico:<\/p>\n\n\n\n<blockquote class=\"wp-block-quote is-layout-flow wp-block-quote-is-layout-flow\">\n<p>\u201cSi no discutimos de frente en el peronismo, terminamos decepcionando a la gente como pas\u00f3 con Alberto Fern\u00e1ndez y abrimos puertas a derrotas electorales\u201d.<\/p>\n<\/blockquote>\n\n\n\n<p>Para ella, <strong>la memoria hist\u00f3rica y la justicia siguen siendo banderas insoslayables en Argentina<\/strong>:<br><em>\u201cLa pol\u00edtica de derechos humanos no es pasado, es presente y futuro\u201d<\/em>, afirm\u00f3, recordando sus or\u00edgenes en la agrupaci\u00f3n <a href=\"https:\/\/es.wikipedia.org\/wiki\/HIJOS_(agrupaci%C3%B3n)\">H.I.J.O.S. Mar del Plata <\/a>y la lucha colectiva contra la impunidad.<\/p>\n\n\n\n<figure class=\"wp-block-image\"><img decoding=\"async\" src=\"https:\/\/tuservidor.com\/imagenes\/infografia-memoria-argentina-2025.png\" alt=\"Infograf\u00eda: Memoria y derechos humanos en la democracia argentina\"\/><figcaption class=\"wp-element-caption\"><strong>Infograf\u00eda<\/strong>: Evoluci\u00f3n de la pol\u00edtica de derechos humanos en democracia argentina. <a href=\"\/memoria-y-justicia-historia-argentina\">Ver nota especial<\/a>.<\/figcaption><\/figure>\n\n\n\n<figure class=\"wp-block-image size-full\"><img loading=\"lazy\" decoding=\"async\" width=\"2400\" height=\"1600\" src=\"https:\/\/www.enorsai.com\/noticias\/wp-content\/uploads\/2025\/08\/image-2.png\" alt=\"Infograf\u00eda: Evoluci\u00f3n de la pol\u00edtica de derechos humanos en democracia argentina. \" class=\"wp-image-7095\"\/><\/figure>\n\n\n\n<p><strong>Hitos principales del timeline:<\/strong><\/p>\n\n\n\n<ul class=\"wp-block-list\">\n<li><strong>1983:<\/strong>&nbsp;Retorno de la democracia y Juicio a las Juntas.<\/li>\n\n\n\n<li><strong>1987-1990:<\/strong>&nbsp;Leyes de Obediencia Debida, Punto Final e indultos presidenciales a militares.<\/li>\n\n\n\n<li><strong>1995-1996:<\/strong>&nbsp;Nacimiento de H.I.J.O.S. y consolidaci\u00f3n de Memoria, Verdad y Justicia.<\/li>\n\n\n\n<li><strong>2001-2003:<\/strong>&nbsp;Derogaci\u00f3n de las leyes de impunidad y reapertura de juicios.<\/li>\n\n\n\n<li><strong>2004-2015:<\/strong>&nbsp;Juicios masivos por delitos de lesa humanidad y pol\u00edticas de Estado en derechos humanos.<\/li>\n\n\n\n<li><strong>2016-2019:<\/strong>&nbsp;Retrocesos y debate social sobre memoria, pol\u00e9micas (caso 2&#215;1, etc).<\/li>\n\n\n\n<li><strong>2020-2025:<\/strong>&nbsp;Polarizaci\u00f3n y defensa de derechos humanos desde la educaci\u00f3n, con transmisi\u00f3n generacional y resistencia al negacionismo.<\/li>\n<\/ul>\n\n\n\n<h2 class=\"wp-block-heading\">Jubilados y ajuste: \u201cSe la agarran con los jubilados por volumen, no por justicia\u201d<\/h2>\n\n\n\n<p>Raverta fue contundente: <strong>\u201cSe la agarran con los jubilados porque es un recorte f\u00e1cil, pero ning\u00fan pa\u00eds que avanza ajustando sobre ellos puede construir un futuro digno\u201d<\/strong>.<br>En pleno contexto de crisis, critic\u00f3 las pol\u00edticas de ajuste y el uso electoral del sector pasivo:<\/p>\n\n\n\n<blockquote class=\"wp-block-quote is-layout-flow wp-block-quote-is-layout-flow\">\n<p>\u201cNo hay margen para dividirnos mientras el gobierno utiliza el ajuste sobre los m\u00e1s vulnerables para sostener sus n\u00fameros\u201d.<\/p>\n<\/blockquote>\n\n\n\n<p><strong>Convoc\u00f3 a la militancia y a la ciudadan\u00eda a rechazar la resignaci\u00f3n<\/strong>: \u201cLa discusi\u00f3n interna del peronismo tiene sentido si logramos mayor\u00eda y defendemos derechos. No hay espacio para superingenier\u00edas electorales ni para dejarse llevar por la desilusi\u00f3n\u201d.<\/p>\n\n\n\n<figure class=\"wp-block-embed is-type-wp-embed is-provider-incrustado wp-block-embed-incrustado\"><div class=\"wp-block-embed__wrapper\">\n<blockquote class=\"wp-embedded-content\" data-secret=\"BuCaTZU9gE\"><a href=\"https:\/\/www.enorsai.com\/noticias\/politica\/enclave-economico-violencia-y-el-mito-de-la-inmigracion-el-futuro-argentino-bajo-la-lupa-de-alejandro-katz\/\">Enclave econ\u00f3mico, violencia y el mito de la inmigraci\u00f3n: el futuro argentino bajo la lupa de Alejandro Katz<\/a><\/blockquote><iframe loading=\"lazy\" class=\"wp-embedded-content\" sandbox=\"allow-scripts\" security=\"restricted\" style=\"position: absolute; visibility: hidden;\" title=\"\u00abEnclave econ\u00f3mico, violencia y el mito de la inmigraci\u00f3n: el futuro argentino bajo la lupa de Alejandro Katz\u00bb \u2014 \" src=\"https:\/\/www.enorsai.com\/noticias\/politica\/enclave-economico-violencia-y-el-mito-de-la-inmigracion-el-futuro-argentino-bajo-la-lupa-de-alejandro-katz\/embed\/#?secret=poF6oS7438#?secret=BuCaTZU9gE\" data-secret=\"BuCaTZU9gE\" width=\"600\" height=\"338\" frameborder=\"0\" marginwidth=\"0\" marginheight=\"0\" scrolling=\"no\"><\/iframe>\n<\/div><\/figure>\n\n\n\n<h2 class=\"wp-block-heading\">Defensa de la memoria colectiva y repudio al negacionismo<\/h2>\n\n\n\n<p>Raverta reivindic\u00f3 la <strong>construcci\u00f3n colectiva de la memoria y la justicia<\/strong> y rechaz\u00f3 los discursos negacionistas impulsados desde sectores oficialistas y de la vicepresidencia:<\/p>\n\n\n\n<blockquote class=\"wp-block-quote is-layout-flow wp-block-quote-is-layout-flow\">\n<p>\u201cEn la Argentina la impunidad se termin\u00f3 con los juicios por delitos de lesa humanidad; ning\u00fan retroceso podr\u00e1 borrar ese avance, aunque el gobierno legitime a negacionistas\u201d.<\/p>\n<\/blockquote>\n\n\n\n<p>Alert\u00f3 sobre la necesidad de mantener el tema en la agenda educativa y social para que <strong>\u201clas pr\u00f3ximas generaciones no caigan en el olvido ni el silencio\u201d<\/strong>.<\/p>\n\n\n\n<h3 class=\"wp-block-heading\">Te puede interesar<\/h3>\n\n\n\n<ul class=\"wp-block-list\">\n<li><a href=\"https:\/\/www.lanacion.com.ar\/politica\/variable-de-ajuste-el-poder-de-compra-de-los-jubilados-cayo-un-30-real-en-el-primer-semestre-nid08072024\/\">\u00bfPor qu\u00e9 el ajuste siempre cae sobre los jubilados?<\/a><\/li>\n\n\n\n<li><a href=\"https:\/\/es.wikipedia.org\/wiki\/D%C3%ADa_Nacional_de_la_Memoria_por_la_Verdad_y_la_Justicia\">Memoria, verdad y justicia en tiempos de retroceso<\/a><\/li>\n\n\n\n<li><a href=\"https:\/\/www.pagina12.com.ar\/846848-veronica-magario-estamos-todos-unidos-para-enfrentar-a-milei\">El desaf\u00edo de la unidad en el peronismo actual<\/a><\/li>\n<\/ul>\n\n\n\n<p><\/p>\n","protected":false},"excerpt":{"rendered":"<p>3 de agosto de 2025 | Por Redacci\u00f3n Enorsai Interna peronista y oposici\u00f3n: \u201cMilei corre solo porque no resolvimos nuestras diferencias\u201d En entrevista con Radio Milenium, la candidata de Fuerza Patria para la V Secci\u00f3n Electoral, Fernanda Raverta, analiz\u00f3 el clima pol\u00edtico nacional tras los recientes debates internos en el peronismo.Raverta reconoci\u00f3 la intensidad de&#8230;<\/p>\n","protected":false},"author":4,"featured_media":7091,"comment_status":"open","ping_status":"open","sticky":false,"template":"","format":"standard","meta":{"_monsterinsights_skip_tracking":false,"_monsterinsights_sitenote_active":false,"_monsterinsights_sitenote_note":"","_monsterinsights_sitenote_category":0,"footnotes":"","jetpack_publicize_message":"Raverta, firme: \u201cNo hay pa\u00eds posible ajustando siempre a los jubilados\u201d","jetpack_publicize_feature_enabled":true,"jetpack_social_post_already_shared":false,"jetpack_social_options":{"image_generator_settings":{"template":"highway","default_image_id":0,"enabled":false},"version":2}},"categories":[3,2],"tags":[58,2531,238,235,2532,78,207,1411,2526,2529,2525,509,70,97,2530,45,1601,801,363,196,2527,365,2528],"class_list":["post-7090","post","type-post","status-publish","format-standard","has-post-thumbnail","hentry","category-economia","category-politica","tag-ajuste","tag-ajuste-jubilados","tag-axel-kicillof","tag-cristina-kirchner","tag-democracia-argentina","tag-derechos-humanos","tag-dictadura","tag-elecciones-2025","tag-fernanda-raverta","tag-fuerza-patria","tag-interna-peronista","tag-jubilados","tag-justicia","tag-memoria","tag-memoria-colectiva","tag-milei","tag-militancia","tag-negacionismo","tag-peronismo","tag-politica-argentina","tag-radio-milenium","tag-represion","tag-unidad-politica"],"jetpack_publicize_connections":[],"_links":{"self":[{"href":"https:\/\/www.enorsai.com\/noticias\/wp-json\/wp\/v2\/posts\/7090","targetHints":{"allow":["GET"]}}],"collection":[{"href":"https:\/\/www.enorsai.com\/noticias\/wp-json\/wp\/v2\/posts"}],"about":[{"href":"https:\/\/www.enorsai.com\/noticias\/wp-json\/wp\/v2\/types\/post"}],"author":[{"embeddable":true,"href":"https:\/\/www.enorsai.com\/noticias\/wp-json\/wp\/v2\/users\/4"}],"replies":[{"embeddable":true,"href":"https:\/\/www.enorsai.com\/noticias\/wp-json\/wp\/v2\/comments?post=7090"}],"version-history":[{"count":4,"href":"https:\/\/www.enorsai.com\/noticias\/wp-json\/wp\/v2\/posts\/7090\/revisions"}],"predecessor-version":[{"id":7098,"href":"https:\/\/www.enorsai.com\/noticias\/wp-json\/wp\/v2\/posts\/7090\/revisions\/7098"}],"wp:featuredmedia":[{"embeddable":true,"href":"https:\/\/www.enorsai.com\/noticias\/wp-json\/wp\/v2\/media\/7091"}],"wp:attachment":[{"href":"https:\/\/www.enorsai.com\/noticias\/wp-json\/wp\/v2\/media?parent=7090"}],"wp:term":[{"taxonomy":"category","embeddable":true,"href":"https:\/\/www.enorsai.com\/noticias\/wp-json\/wp\/v2\/categories?post=7090"},{"taxonomy":"post_tag","embeddable":true,"href":"https:\/\/www.enorsai.com\/noticias\/wp-json\/wp\/v2\/tags?post=7090"}],"curies":[{"name":"wp","href":"https:\/\/api.w.org\/{rel}","templated":true}]}}