{"id":7075,"date":"2025-08-03T09:58:16","date_gmt":"2025-08-03T12:58:16","guid":{"rendered":"https:\/\/www.enorsai.com\/noticias\/?p=7075"},"modified":"2025-08-03T09:59:29","modified_gmt":"2025-08-03T12:59:29","slug":"la-ilusion-de-milei-de-controlar-los-precios-con-un-ecosistema-comercial-parece-derrumbarse","status":"publish","type":"post","link":"https:\/\/www.enorsai.com\/noticias\/economia\/la-ilusion-de-milei-de-controlar-los-precios-con-un-ecosistema-comercial-parece-derrumbarse\/","title":{"rendered":"La ilusi\u00f3n de Milei de controlar los precios con un ecosistema comercial tipo \u00abAmazon\u00bb criollo parece derrumbarse"},"content":{"rendered":"\n<p><strong><em>En un contexto donde la econom\u00eda argentina vuelve a mostrar se\u00f1ales preocupantes, el Gobierno conf\u00eda en que el ecosistema comercial que ha armado pueda funcionar como una barrera parcial frente a la escalada del tipo de cambio. La idea es clara: si se logra cierto control sobre los precios mediante una red comercial nacional, se podr\u00e1 amortiguar el impacto negativo del d\u00f3lar. Sin embargo, esta apuesta parece quedarse corta frente a la realidad que impone el mercado y los organismos internacionales. El Fondo Monetario Internacional (FMI) acaba de empeorar las expectativas sobre el d\u00e9ficit en la cuenta corriente, una se\u00f1al contundente de que el d\u00f3lar seguir\u00e1 siendo una piedra en el zapato dif\u00edcil de remover.<\/em><\/strong><\/p>\n\n\n\n<p>Este entramado comercial es visto por el Gobierno como una posible defensa ante la amenaza de una inflaci\u00f3n disparada por la suba constante del d\u00f3lar. El sue\u00f1o de un mercado interno fortalecido y digitalizado, que funcione casi como un \u201cAmazon local\u201d, busca sostener el consumo y evitar que la volatilidad cambiaria se traduzca en aumentos generalizados de precios. Pero la dura advertencia del FMI pone en evidencia que el desaf\u00edo no solo es mantener precios, sino tambi\u00e9n enfrentar un desequilibrio externo que no da tregua.<\/p>\n\n\n\n<p>El informe del FMI no se limita a cifras t\u00e9cnicas: anticipa que el d\u00e9ficit en la cuenta corriente se agrandar\u00e1, lo que implica una mayor salida de divisas y, por ende, una presi\u00f3n creciente sobre las reservas y el tipo de cambio. Esta realidad mina la confianza en que el ecosistema comercial pueda actuar como un escudo s\u00f3lido. La volatilidad del d\u00f3lar, lejos de ser controlada, se mantiene como el gran \u201ccisne negro\u201d que puede derribar cualquier intento de estabilizaci\u00f3n.<\/p>\n\n\n\n<p>El desaf\u00edo es enorme y la pelea constante. Los comerciantes y productores se encuentran en una situaci\u00f3n donde deben sostener precios para no perder clientes, a la vez que enfrentan costos que dependen del d\u00f3lar y no dejan de crecer. La tensi\u00f3n se traslada finalmente a los consumidores, que sufren mes a mes la p\u00e9rdida de poder adquisitivo. En este escenario, la esperanza en un mercado digitalizado capaz de frenar la inflaci\u00f3n se ve cada vez m\u00e1s lejos de concretarse.<\/p>\n\n\n\n<p>El d\u00f3lar no solo es una variable financiera, sino un factor estructural que atraviesa todas las \u00e1reas de la econom\u00eda argentina. La dependencia de divisas para importar insumos y productos genera una presi\u00f3n constante sobre la balanza comercial, la cual el FMI espera que se profundice. Por lo tanto, el problema cambiario no es coyuntural ni pasajero: es un mal cr\u00f3nico que el Gobierno no ha logrado ni siquiera comenzar a resolver.<\/p>\n\n\n\n<p>El contraste entre el discurso oficial y la realidad del mercado es cada vez m\u00e1s marcado. El entramado comercial con que el Ejecutivo quiere blindar los precios parece un parche fr\u00e1gil frente a un sistema que demanda medidas de fondo. El sue\u00f1o de un \u201cAmazon local\u201d o de un ecosistema digital robusto no puede ocultar que el verdadero problema sigue siendo la falta de reservas, la fuga constante de divisas y la incertidumbre cambiaria.<\/p>\n\n\n\n<p>Esta situaci\u00f3n expone una realidad inc\u00f3moda para el Gobierno de Javier Milei. La pol\u00edtica econ\u00f3mica se muestra cortoplacista, con estrategias que parecen m\u00e1s paliativas que estructurales. La presi\u00f3n sobre el d\u00f3lar se mantiene intacta, y con ella, el da\u00f1o directo al poder adquisitivo de millones de argentinos. En lugar de un blindaje efectivo, lo que se observa es una constante postergaci\u00f3n del problema, que parece crecer cada d\u00eda m\u00e1s.<\/p>\n\n\n\n<p>El FMI no deja lugar a dudas: la expectativa de d\u00e9ficit en la cuenta corriente es un llamado de atenci\u00f3n para todos. La econom\u00eda argentina no tiene margen para errores, y el d\u00f3lar, como el gran \u201ccisne negro\u201d, sigue siendo el factor que puede desencadenar nuevas crisis. La ilusi\u00f3n de contener precios mediante un ecosistema comercial robusto se desdibuja ante la contundencia de los n\u00fameros y las proyecciones.<\/p>\n\n\n\n<p>En definitiva, la apuesta oficial por controlar precios a trav\u00e9s de una red comercial digital y local es insuficiente. La crisis cambiaria es profunda, estructural y la administraci\u00f3n de Milei todav\u00eda no ha mostrado una soluci\u00f3n real ni sostenible. Mientras el d\u00f3lar siga siendo un problema, la econom\u00eda argentina seguir\u00e1 en la cuerda floja, y los argentinos pagando el precio m\u00e1s alto.<\/p>\n\n\n\n<p>Fuente: <a class=\"\" href=\"https:\/\/www.lanacion.com.ar\/economia\/el-sueno-de-un-amazon-local-y-una-pelea-sin-tregua-contra-el-cisne-negro-nid03082025\/\">https:\/\/www.lanacion.com.ar\/economia\/el-sueno-de-un-amazon-local-y-una-pelea-sin-tregua-contra-el-cisne-negro-nid03082025\/<\/a><\/p>\n","protected":false},"excerpt":{"rendered":"<p>El Gobierno conf\u00eda en un ecosistema comercial para contener la suba del d\u00f3lar y estabilizar precios, pero el FMI advierte un d\u00e9ficit creciente en la cuenta corriente que anticipa nuevos problemas cambiarios, mostrando la fragilidad de la estrategia oficial ante una crisis estructural.<\/p>\n","protected":false},"author":12,"featured_media":6493,"comment_status":"open","ping_status":"open","sticky":false,"template":"","format":"standard","meta":{"_monsterinsights_skip_tracking":false,"_monsterinsights_sitenote_active":false,"_monsterinsights_sitenote_note":"","_monsterinsights_sitenote_category":0,"footnotes":"","jetpack_publicize_message":"","jetpack_publicize_feature_enabled":true,"jetpack_social_post_already_shared":true,"jetpack_social_options":{"image_generator_settings":{"template":"highway","default_image_id":0,"font":"","enabled":false},"version":2}},"categories":[3],"tags":[93,1072,2182,282,15,90,227,45,1169],"class_list":["post-7075","post","type-post","status-publish","format-standard","has-post-thumbnail","hentry","category-economia","tag-argentina","tag-comercio","tag-cuenta-corriente","tag-dolar","tag-economia","tag-fmi","tag-inflacion","tag-milei","tag-precios"],"jetpack_publicize_connections":[],"_links":{"self":[{"href":"https:\/\/www.enorsai.com\/noticias\/wp-json\/wp\/v2\/posts\/7075","targetHints":{"allow":["GET"]}}],"collection":[{"href":"https:\/\/www.enorsai.com\/noticias\/wp-json\/wp\/v2\/posts"}],"about":[{"href":"https:\/\/www.enorsai.com\/noticias\/wp-json\/wp\/v2\/types\/post"}],"author":[{"embeddable":true,"href":"https:\/\/www.enorsai.com\/noticias\/wp-json\/wp\/v2\/users\/12"}],"replies":[{"embeddable":true,"href":"https:\/\/www.enorsai.com\/noticias\/wp-json\/wp\/v2\/comments?post=7075"}],"version-history":[{"count":2,"href":"https:\/\/www.enorsai.com\/noticias\/wp-json\/wp\/v2\/posts\/7075\/revisions"}],"predecessor-version":[{"id":7077,"href":"https:\/\/www.enorsai.com\/noticias\/wp-json\/wp\/v2\/posts\/7075\/revisions\/7077"}],"wp:featuredmedia":[{"embeddable":true,"href":"https:\/\/www.enorsai.com\/noticias\/wp-json\/wp\/v2\/media\/6493"}],"wp:attachment":[{"href":"https:\/\/www.enorsai.com\/noticias\/wp-json\/wp\/v2\/media?parent=7075"}],"wp:term":[{"taxonomy":"category","embeddable":true,"href":"https:\/\/www.enorsai.com\/noticias\/wp-json\/wp\/v2\/categories?post=7075"},{"taxonomy":"post_tag","embeddable":true,"href":"https:\/\/www.enorsai.com\/noticias\/wp-json\/wp\/v2\/tags?post=7075"}],"curies":[{"name":"wp","href":"https:\/\/api.w.org\/{rel}","templated":true}]}}