{"id":7065,"date":"2025-08-03T09:10:30","date_gmt":"2025-08-03T12:10:30","guid":{"rendered":"https:\/\/www.enorsai.com\/noticias\/?p=7065"},"modified":"2025-08-03T09:10:30","modified_gmt":"2025-08-03T12:10:30","slug":"maximiliano-bondarenko-el-candidato-libertario-que-vive-en-un-predio-usurpado-al-estado-y-comparte-lote-con-un-expolicia-golpista","status":"publish","type":"post","link":"https:\/\/www.enorsai.com\/noticias\/politica\/maximiliano-bondarenko-el-candidato-libertario-que-vive-en-un-predio-usurpado-al-estado-y-comparte-lote-con-un-expolicia-golpista\/","title":{"rendered":"Maximiliano Bondarenko: el candidato libertario que vive en un predio usurpado al Estado y comparte lote con un expolic\u00eda golpista"},"content":{"rendered":"\n<p><strong><em>Mientras Javier Milei agita el discurso contra los \u00abplaneros\u00bb, los \u00abusurpadores\u00bb y los movimientos sociales, uno de sus candidatos m\u00e1s cercanos en el conurbano sur ocupa ilegalmente un terreno en Glew. La historia de Maximiliano Bondarenko desnuda la hipocres\u00eda estructural del mile\u00edsmo: quienes dicen venir a poner orden se nutren del caos que simulan combatir.<\/em><\/strong><\/p>\n\n\n\n<p>Maximiliano Bondarenko se presenta como un abanderado del cambio, como tantos libertarios que repiten de memoria el libreto de la casta, el m\u00e9rito y la rep\u00fablica mancillada. Desde su tribuna partidaria de La Libertad Avanza promete limpieza institucional, mano dura y fin del desorden. Sin embargo, la realidad que habita dice exactamente lo contrario. Bondarenko, candidato libertario en Almirante Brown, vive como okupa en una parcela tomada dentro de un predio estatal usurpado en Glew, en el sur del conurbano bonaerense.<\/p>\n\n\n\n<p>En un predio de 40 hect\u00e1reas que pertenece a la Administraci\u00f3n de Infraestructuras Ferroviarias (ADIF) y cuya posesi\u00f3n est\u00e1 ilegalmente fraccionada desde 2020, Bondarenko no solo reside, sino que adem\u00e1s comparte lote con el expolic\u00eda Manuel Ort\u00edz Valenzuela. Este \u00faltimo fue noticia nacional por haber convocado a trav\u00e9s de redes sociales un intento de \u00abalzamiento patri\u00f3tico\u00bb contra el gobierno de Axel Kicillof, con una narrativa que rozaba la sedici\u00f3n. Lejos de rechazar ese llamado o tomar distancia, Bondarenko comparti\u00f3 publicaciones de Valenzuela en sus redes sociales y difundi\u00f3 sin tapujos sus videos con proclamas golpistas.<\/p>\n\n\n\n<p>No se trata de una an\u00e9cdota aislada. Es el s\u00edntoma de una patolog\u00eda pol\u00edtica cada vez m\u00e1s evidente: la doble vara del mile\u00edsmo. Mientras Milei y sus funcionarios atacan a quienes ocupan tierras por necesidad, criminalizan a los movimientos sociales y repiten hasta el hartazgo que el orden es un valor supremo, sus propios referentes usufruct\u00faan parcelas tomadas sin titulaci\u00f3n, sin autorizaci\u00f3n y en abierta contradicci\u00f3n con el discurso que agitan frente a las c\u00e1maras.<\/p>\n\n\n\n<p>Bondarenko no vive solo en ese lugar. Su familia \u2014padres, hermanos, pareja, hijos\u2014 ocupa otras parcelas dentro del mismo predio, donde se montaron construcciones precarias. La toma en Glew, ubicada entre el arroyo San Francisco y el barrio Santa Ana, creci\u00f3 de manera acelerada durante la pandemia. Aunque se levantaron denuncias judiciales, los loteos continuaron sin freno. All\u00ed, el candidato libertario construy\u00f3 su casa, sin servicios esenciales, pero con la bandera de La Libertad Avanza flameando en la entrada.<\/p>\n\n\n\n<p>\u00bfQu\u00e9 dice este hecho sobre el proyecto pol\u00edtico que encarna Milei? \u00bfQu\u00e9 clase de rep\u00fablica propone el mile\u00edsmo si sus dirigentes no respetan ni el m\u00e1s elemental derecho de propiedad que ellos mismos elevan a dogma? La respuesta no es solo te\u00f3rica. Es brutalmente concreta. Mientras se criminaliza la pobreza y se estigmatiza a quienes ocupan tierras por fuera del mercado inmobiliario formal, se naturaliza que los propios punteros libertarios hagan lo mismo, amparados en su cercan\u00eda al poder.<\/p>\n\n\n\n<p>El caso de Bondarenko es particularmente revelador porque no es un dirigente cualquiera. Fue candidato a concejal, apoderado de listas y vocero informal de Javier Milei en medios locales. Su exposici\u00f3n p\u00fablica no es nueva ni casual. Sin embargo, hasta ahora ha logrado evitar la rendici\u00f3n de cuentas. En su versi\u00f3n del mundo, \u00e9l no es un usurpador, sino un \u201cciudadano libre\u201d que desaf\u00eda al Estado opresor. La t\u00edpica narrativa del nuevo reaccionarismo de derecha, que justifica su anomia con ropaje ideol\u00f3gico.<\/p>\n\n\n\n<p>Pero el Estado al que Bondarenko desprecia es el mismo del que ocupa terrenos. Y la legalidad que invoca en cada discurso es la misma que viola cada d\u00eda al habitar un predio sin papeles, sin habilitaci\u00f3n ni registro. No es un accidente ni un caso de necesidad: es una toma ideol\u00f3gica, sostenida por el cinismo de quien se sabe impune. Lo que en un humilde vecino ser\u00eda objeto de persecuci\u00f3n judicial y medi\u00e1tica, en \u00e9l se transforma en acto de rebeld\u00eda libertaria.<\/p>\n\n\n\n<p>M\u00e1s inquietante a\u00fan es su asociaci\u00f3n con Ort\u00edz Valenzuela, el exagente de la Polic\u00eda bonaerense retirado que llam\u00f3 en abril a tomar comisar\u00edas, cerrar rutas y desconocer al gobierno provincial. Valenzuela, seg\u00fan revelan sus propios videos, propon\u00eda un alzamiento c\u00edvico-militar para destituir al gobierno elegido democr\u00e1ticamente. Lo hizo con un tono mesi\u00e1nico, vestido con uniforme policial y acompa\u00f1ado de un discurso que rozaba lo delirante. Y sin embargo, no fue un loco suelto: fue un actor pol\u00edtico promovido, difundido y compartido por dirigentes de La Libertad Avanza como Bondarenko.<\/p>\n\n\n\n<p>El silencio del mile\u00edsmo sobre este tema es atronador. No hay repudio, no hay sanci\u00f3n, no hay expulsi\u00f3n del espacio. Solo complicidad. \u00bfQu\u00e9 dir\u00eda Milei si un referente de Uni\u00f3n por la Patria viviera en una toma y compartiera lote con un polic\u00eda golpista? \u00bfCu\u00e1ntas horas de cadena nacional libertaria se emitir\u00edan para denunciarlo? Pero si el protagonista es de su ri\u00f1\u00f3n, el caso desaparece del radar. Y con \u00e9l, cualquier atisbo de coherencia ideol\u00f3gica.<\/p>\n\n\n\n<p>La trama de Glew es una radiograf\u00eda inc\u00f3moda del presente argentino. Nos muestra que detr\u00e1s del ruido libertario, hay negocios, hay ocupaciones, hay toma de tierras. Que los que claman por el orden no vienen a ordenar nada, sino a usufructuar el desorden que les conviene. Y que el discurso moralizante de la derecha no resiste ni cinco minutos de investigaci\u00f3n seria.<\/p>\n\n\n\n<p>Lo de Bondarenko no es un hecho menor ni un caso aislado. Es una muestra de c\u00f3mo el mile\u00edsmo ha logrado capturar la bronca social con promesas de limpieza mientras opera con las mismas l\u00f3gicas que dice combatir. En la Argentina de Milei, el orden es para los otros, la ley es para los d\u00e9biles, y la toma de tierras, si es de los propios, no solo se tolera, sino que se celebra.<\/p>\n\n\n\n<p>El futuro que se nos propone no es de libertad, sino de arbitrariedad. Un pa\u00eds en el que los poderosos pueden vivir como okupas mientras le exigen sacrificios a los que nada tienen. Un pa\u00eds en el que un candidato puede violar la ley mientras predica con la Constituci\u00f3n bajo el brazo. Y un pa\u00eds en el que los discursos de cambio son apenas una coartada para legitimar la misma miseria que se dice combatir.<\/p>\n\n\n\n<p><strong>Fuente:<\/strong><br><a href=\"https:\/\/www.pagina12.com.ar\/846830-maximiliano-bondarenko-el-candidato-libertario-que-vive-como\">https:\/\/www.pagina12.com.ar\/846830-maximiliano-bondarenko-el-candidato-libertario-que-vive-como<\/a><\/p>\n","protected":false},"excerpt":{"rendered":"<p>Maximiliano Bondarenko, dirigente de La Libertad Avanza, vive como okupa en un terreno estatal tomado en Glew, donde comparte lote con un expolic\u00eda que promovi\u00f3 un complot contra el gobierno bonaerense. Su historia revela la doble vara del mile\u00edsmo, que criminaliza lo que, en sus filas, practica sin pudor.<\/p>\n","protected":false},"author":1,"featured_media":7066,"comment_status":"open","ping_status":"open","sticky":false,"template":"","format":"standard","meta":{"_monsterinsights_skip_tracking":false,"_monsterinsights_sitenote_active":false,"_monsterinsights_sitenote_note":"","_monsterinsights_sitenote_category":0,"footnotes":"","jetpack_publicize_message":"","jetpack_publicize_feature_enabled":true,"jetpack_social_post_already_shared":true,"jetpack_social_options":{"image_generator_settings":{"template":"highway","default_image_id":0,"font":"","enabled":false},"version":2}},"categories":[2],"tags":[2509,2507,2242,1592,190,2508,104,605,45,126],"class_list":["post-7065","post","type-post","status-publish","format-standard","has-post-thumbnail","hentry","category-politica","tag-adif","tag-bondarenko","tag-complot","tag-derecha","tag-elecciones","tag-glew","tag-kicillof","tag-libertarios","tag-milei","tag-usurpacion"],"jetpack_publicize_connections":[],"_links":{"self":[{"href":"https:\/\/www.enorsai.com\/noticias\/wp-json\/wp\/v2\/posts\/7065","targetHints":{"allow":["GET"]}}],"collection":[{"href":"https:\/\/www.enorsai.com\/noticias\/wp-json\/wp\/v2\/posts"}],"about":[{"href":"https:\/\/www.enorsai.com\/noticias\/wp-json\/wp\/v2\/types\/post"}],"author":[{"embeddable":true,"href":"https:\/\/www.enorsai.com\/noticias\/wp-json\/wp\/v2\/users\/1"}],"replies":[{"embeddable":true,"href":"https:\/\/www.enorsai.com\/noticias\/wp-json\/wp\/v2\/comments?post=7065"}],"version-history":[{"count":1,"href":"https:\/\/www.enorsai.com\/noticias\/wp-json\/wp\/v2\/posts\/7065\/revisions"}],"predecessor-version":[{"id":7067,"href":"https:\/\/www.enorsai.com\/noticias\/wp-json\/wp\/v2\/posts\/7065\/revisions\/7067"}],"wp:featuredmedia":[{"embeddable":true,"href":"https:\/\/www.enorsai.com\/noticias\/wp-json\/wp\/v2\/media\/7066"}],"wp:attachment":[{"href":"https:\/\/www.enorsai.com\/noticias\/wp-json\/wp\/v2\/media?parent=7065"}],"wp:term":[{"taxonomy":"category","embeddable":true,"href":"https:\/\/www.enorsai.com\/noticias\/wp-json\/wp\/v2\/categories?post=7065"},{"taxonomy":"post_tag","embeddable":true,"href":"https:\/\/www.enorsai.com\/noticias\/wp-json\/wp\/v2\/tags?post=7065"}],"curies":[{"name":"wp","href":"https:\/\/api.w.org\/{rel}","templated":true}]}}