{"id":7057,"date":"2025-08-02T19:52:16","date_gmt":"2025-08-02T22:52:16","guid":{"rendered":"https:\/\/www.enorsai.com\/noticias\/?p=7057"},"modified":"2025-08-02T19:52:16","modified_gmt":"2025-08-02T22:52:16","slug":"video-prohibido-redes-de-poder-y-delitos-al-descubierto-la-explosiva-denuncia-que-puede-tumbar-al-ministro-de-justicia-de-milei","status":"publish","type":"post","link":"https:\/\/www.enorsai.com\/noticias\/politica\/video-prohibido-redes-de-poder-y-delitos-al-descubierto-la-explosiva-denuncia-que-puede-tumbar-al-ministro-de-justicia-de-milei\/","title":{"rendered":"Video prohibido, redes de poder y delitos al descubierto: la explosiva denuncia que puede tumbar al ministro de Justicia de Milei"},"content":{"rendered":"\n<p>El video \u2014emitido por el programa Argenzuela\u2014 muestra a C\u00faneo Libarona con un exagente de la CIA <strong>acusado de pedofilia y trata<\/strong>, ofreci\u00e9ndole <strong>favores pol\u00edticos y judiciales<\/strong>: gestionar medios, reuniones con jueces, legisladores y universidades, todo para blanquear su imagen. Para Rozanski, la <strong>flagrancia<\/strong> de las conductas queda registrada en tiempo real: ofrecimientos expl\u00edcitos, v\u00ednculos directos y abuso de la estructura estatal. La denuncia penal abarca <a href=\"\/etiquetas\/abuso-de-autoridad\">abuso de autoridad<\/a>, <a href=\"\/etiquetas\/negociacion-incompatible\">negociaciones incompatibles<\/a>, violaci\u00f3n de los deberes y la <a href=\"\/etiquetas\/Convencion-Palermo\">Convenci\u00f3n de Palermo<\/a> contra la trata y el lavado. <strong>Enlace relacionado:<\/strong><a href=\"\/notas\/video-escandalo-cuneo-libarona\">Reviv\u00ed el video esc\u00e1ndalo que sacude al Ministerio de Justicia<\/a> | <a href=\"\/etiquetas\/justicia\">Justicia argentina<\/a><\/p>\n\n\n\n<h3 class=\"wp-block-heading\">Encubrimiento y cinismo: entre la pol\u00edtica y la impunidad<\/h3>\n\n\n\n<p>La reacci\u00f3n pol\u00edtica fue inmediata: <strong>figuras del oficialismo<\/strong> salieron a defender al ministro, seg\u00fan Rozanski, con \u201ccinismo y brutalidad\u201d, en lo que describe como parte de \u201cla gran estafa\u201d de la gesti\u00f3n actual, una estrategia de saqueo y distracci\u00f3n. Para el exjuez, el caso refleja un <strong>modus operandi de impunidad<\/strong> y perversidad, donde derechos humanos y garant\u00edas son dilapidados para proteger intereses y mafias, incluso mediante la legislaci\u00f3n actual (ley bases y RIGI).<\/p>\n\n\n\n<p><a href=\"https:\/\/www.enorsai.com.ar\/politica\/41877-el-ministro-de-justicia-de-milei-y-su-oscuro-pasado-en-la-causa-amia.html\"><strong>El Ministro de Justicia de Milei y su Oscuro Pasado en la Causa AMIA<\/strong><\/a><\/p>\n\n\n\n<h3 class=\"wp-block-heading\">Cr\u00edmenes de fondo y la operaci\u00f3n internacional<\/h3>\n\n\n\n<p>Rozanski conecta el esc\u00e1ndalo con delitos de alcance <strong>internacional<\/strong>: trata de personas, lavado de dinero y protecci\u00f3n pol\u00edtica a redes de explotaci\u00f3n sexual infantil. \u201cEl video no es solo una c\u00e1mara oculta: es una operaci\u00f3n mucho mayor\u201d, advierte, vinculando el caso a reformas legales que abren las puertas al crimen global con billeteras an\u00f3nimas y fueros garantizados.<\/p>\n\n\n\n<p><strong>Dato clave:<\/strong> La denuncia fue impulsada junto a <strong>m\u00e1s de 40 organismos y personalidades<\/strong> del \u00e1mbito de los derechos humanos, adem\u00e1s de legisladores como <strong>Hugo Ayersky<\/strong>. Reclaman el <strong>juicio pol\u00edtico inmediato<\/strong> y el avance de la causa penal.<\/p>\n\n\n\n<figure class=\"wp-block-embed is-type-wp-embed is-provider-incrustado wp-block-embed-incrustado\"><div class=\"wp-block-embed__wrapper\">\n<blockquote class=\"wp-embedded-content\" data-secret=\"ntpTmmfs03\"><a href=\"https:\/\/www.enorsai.com\/noticias\/politica\/ministro-bajo-fuego-el-video-secreto-que-tumba-al-poder-y-destapa-la-trama-de-corrupcion-en-justicia\/\">Ministro bajo fuego: el video secreto que tumba al poder y destapa la trama de corrupci\u00f3n en Justicia<\/a><\/blockquote><iframe loading=\"lazy\" class=\"wp-embedded-content\" sandbox=\"allow-scripts\" security=\"restricted\" style=\"position: absolute; visibility: hidden;\" title=\"\u00abMinistro bajo fuego: el video secreto que tumba al poder y destapa la trama de corrupci\u00f3n en Justicia\u00bb \u2014 \" src=\"https:\/\/www.enorsai.com\/noticias\/politica\/ministro-bajo-fuego-el-video-secreto-que-tumba-al-poder-y-destapa-la-trama-de-corrupcion-en-justicia\/embed\/#?secret=I3Onb5kWDC#?secret=ntpTmmfs03\" data-secret=\"ntpTmmfs03\" width=\"600\" height=\"338\" frameborder=\"0\" marginwidth=\"0\" marginheight=\"0\" scrolling=\"no\"><\/iframe>\n<\/div><\/figure>\n\n\n\n<h3 class=\"wp-block-heading\">Ataques a la ni\u00f1ez y reformas a medida del delito<\/h3>\n\n\n\n<p>El exjuez explica tambi\u00e9n el contexto de nuevos <strong>proyectos de ley impulsados para proteger a los ped\u00f3filos<\/strong> y atacar a v\u00edctimas y denunciantes, como los proyectos de Lilia Lemoine y Carolina Losada. Seg\u00fan Rozanski, buscan crear \u201cherramientas para descalificar a mam\u00e1s protectoras, psic\u00f3logas y fiscales honestos\u201d, desmontando d\u00e9cadas de protecci\u00f3n al derecho de la infancia.<\/p>\n\n\n\n<h3 class=\"wp-block-heading\">\u00bfY ahora? \u00bfJuicio pol\u00edtico y causa penal?<\/h3>\n\n\n\n<p>Rozanski y los firmantes insisten: la <strong>causa penal y el juicio pol\u00edtico pueden y deben coexistir<\/strong>, porque la gravedad amerita el m\u00e1ximo rigor institucional y judicial. \u201cNo es un lobista, es un engranaje principal del saqueo organizado\u201d, recalca, llamando a no subestimar el alcance ni frenar la presi\u00f3n de la opini\u00f3n p\u00fablica.<\/p>\n\n\n\n<blockquote class=\"wp-block-quote is-layout-flow wp-block-quote-is-layout-flow\">\n<p>\u201cCuando los delitos quedan grabados en tiempo real, estamos ante flagrancia. Es imperativo que la sociedad y la justicia respondan sin demora ante semejante gravedad.\u201d \u2013 Carlos Rozanski<\/p>\n<\/blockquote>\n\n\n\n<h4 class=\"wp-block-heading\">Para saber m\u00e1s<\/h4>\n\n\n\n<ul class=\"wp-block-list\">\n<li><a href=\"\/notas\/denuncia-penal-ministro-justicia\">La denuncia penal completa contra C\u00faneo Libarona<\/a><\/li>\n\n\n\n<li><a href=\"\/notas\/ley-bases-trata-personas\">C\u00f3mo la ley bases puede facilitar el crimen internacional<\/a><\/li>\n\n\n\n<li><a href=\"\/tags\/derechos-humanos\">Derechos humanos en agenda: causas, debates y retrocesos<\/a><\/li>\n<\/ul>\n\n\n\n<p><strong>Suscribite a nuestro newsletter y recib\u00ed todas las novedades sobre justicia, derechos humanos y anticorrupci\u00f3n en tu mail.<\/strong> enorsaionline@gmail.com<\/p>\n\n\n\n<p><\/p>\n","protected":false},"excerpt":{"rendered":"<p>El video \u2014emitido por el programa Argenzuela\u2014 muestra a C\u00faneo Libarona con un exagente de la CIA acusado de pedofilia y trata, ofreci\u00e9ndole favores pol\u00edticos y judiciales: gestionar medios, reuniones con jueces, legisladores y universidades, todo para blanquear su imagen. Para Rozanski, la flagrancia de las conductas queda registrada en tiempo real: ofrecimientos expl\u00edcitos, v\u00ednculos&#8230;<\/p>\n","protected":false},"author":4,"featured_media":7058,"comment_status":"open","ping_status":"open","sticky":false,"template":"","format":"standard","meta":{"_monsterinsights_skip_tracking":false,"_monsterinsights_sitenote_active":false,"_monsterinsights_sitenote_note":"","_monsterinsights_sitenote_category":0,"footnotes":"","jetpack_publicize_message":"C\u00faneo Libarona con un exagente de la CIA acusado de pedofilia y trata, ofreci\u00e9ndole favores pol\u00edticos y judiciales: gestionar medios, reuniones con jueces, legisladores y universidades","jetpack_publicize_feature_enabled":true,"jetpack_social_post_already_shared":false,"jetpack_social_options":{"image_generator_settings":{"template":"highway","default_image_id":0,"enabled":false},"version":2}},"categories":[17,2,4],"tags":[2500,2484,2496,2485,78,1303,2499,2498,77,2497],"class_list":["post-7057","post","type-post","status-publish","format-standard","has-post-thumbnail","hentry","category-opinion","category-politica","category-sociedad","tag-crimen-internacional","tag-cuneo-libarona-2","tag-delincuencia-organizada","tag-denuncia-penal","tag-derechos-humanos","tag-encubrimiento","tag-escandalo-judicial","tag-flagrancia","tag-juicio-politico","tag-trata-de-personas"],"jetpack_publicize_connections":[],"_links":{"self":[{"href":"https:\/\/www.enorsai.com\/noticias\/wp-json\/wp\/v2\/posts\/7057","targetHints":{"allow":["GET"]}}],"collection":[{"href":"https:\/\/www.enorsai.com\/noticias\/wp-json\/wp\/v2\/posts"}],"about":[{"href":"https:\/\/www.enorsai.com\/noticias\/wp-json\/wp\/v2\/types\/post"}],"author":[{"embeddable":true,"href":"https:\/\/www.enorsai.com\/noticias\/wp-json\/wp\/v2\/users\/4"}],"replies":[{"embeddable":true,"href":"https:\/\/www.enorsai.com\/noticias\/wp-json\/wp\/v2\/comments?post=7057"}],"version-history":[{"count":1,"href":"https:\/\/www.enorsai.com\/noticias\/wp-json\/wp\/v2\/posts\/7057\/revisions"}],"predecessor-version":[{"id":7059,"href":"https:\/\/www.enorsai.com\/noticias\/wp-json\/wp\/v2\/posts\/7057\/revisions\/7059"}],"wp:featuredmedia":[{"embeddable":true,"href":"https:\/\/www.enorsai.com\/noticias\/wp-json\/wp\/v2\/media\/7058"}],"wp:attachment":[{"href":"https:\/\/www.enorsai.com\/noticias\/wp-json\/wp\/v2\/media?parent=7057"}],"wp:term":[{"taxonomy":"category","embeddable":true,"href":"https:\/\/www.enorsai.com\/noticias\/wp-json\/wp\/v2\/categories?post=7057"},{"taxonomy":"post_tag","embeddable":true,"href":"https:\/\/www.enorsai.com\/noticias\/wp-json\/wp\/v2\/tags?post=7057"}],"curies":[{"name":"wp","href":"https:\/\/api.w.org\/{rel}","templated":true}]}}