{"id":7047,"date":"2025-08-02T11:51:34","date_gmt":"2025-08-02T14:51:34","guid":{"rendered":"https:\/\/www.enorsai.com\/noticias\/?p=7047"},"modified":"2025-08-02T12:00:47","modified_gmt":"2025-08-02T15:00:47","slug":"ministro-bajo-fuego-el-video-secreto-que-tumba-al-poder-y-destapa-la-trama-de-corrupcion-en-justicia","status":"publish","type":"post","link":"https:\/\/www.enorsai.com\/noticias\/politica\/ministro-bajo-fuego-el-video-secreto-que-tumba-al-poder-y-destapa-la-trama-de-corrupcion-en-justicia\/","title":{"rendered":"Ministro bajo fuego: el video secreto que tumba al poder y destapa la trama de corrupci\u00f3n en Justicia"},"content":{"rendered":"\n<h3 class=\"wp-block-heading\">Un \u00abdelivery de tr\u00e1fico de influencias\u00bb desde el Estado<\/h3>\n\n\n\n<p>Como desenmascar\u00f3 <strong>F\u00e9lix Crous<\/strong> (ex titular de la Oficina Anticorrupci\u00f3n) en Radio 10, las im\u00e1genes muestran <strong>lobby inverso<\/strong>: es el propio Estado, a trav\u00e9s de uno de sus m\u00e1ximos funcionarios, quien se ofrece a operar en favor de intereses privados y oscuros. Lejos de tratarse de un simple coqueteo con el poder medi\u00e1tico, lo que se exhibe es el <strong>uso personal de la estructura estatal<\/strong> para garantizar favores \u2013 \u201cdelivery de tr\u00e1fico de influencias\u201d, seg\u00fan define Crous.<\/p>\n\n\n\n<h3 class=\"wp-block-heading\">Bullrich le suelta la mano y amenaza de juicio pol\u00edtico<\/h3>\n\n\n\n<p>La reacci\u00f3n oficial no tard\u00f3 en abrir grietas dentro del gabinete: <strong>Patricia Bullrich<\/strong>, ministra de Seguridad, acus\u00f3 p\u00fablicamente a Ballard de <strong>abusador serial<\/strong> y se neg\u00f3 a recibirlo, desmarcando as\u00ed su sector del esc\u00e1ndalo. El conflicto de intereses expuesto desnuda una feroz <strong>interna pol\u00edtica<\/strong> al tiempo que <strong>diputados de la oposici\u00f3n exigen la renuncia y promueven el juicio pol\u00edtico contra C\u00faneo Libarona<\/strong>[1][2].<\/p>\n\n\n\n<h3 class=\"wp-block-heading\">Corrupci\u00f3n, complicidades y modus operandi<\/h3>\n\n\n\n<p>En la entrevista, Crous enfatiz\u00f3 que lo grave no es solo el hecho puntual, sino la <strong>radiograf\u00eda de corrupci\u00f3n estructural<\/strong> que sale a la luz: funcionarios que ofrecen \u201carreglar\u201d ante jueces y periodistas amigos, utilizaci\u00f3n de reformas legales como moneda de cambio y pactos de impunidad que trascienden gobiernos.<\/p>\n\n\n\n<p>La denuncia penal presentada contra C\u00faneo Libarona lo acusa de <strong>abuso de autoridad y tr\u00e1fico de influencias<\/strong>, con sospechas de fondo sobre la protecci\u00f3n pol\u00edtica de la Casa Rosada que, hasta ahora, lo mantiene en su cargo[3][4][5].<\/p>\n\n\n\n<h3 class=\"wp-block-heading\">Reacciones, antecedentes y la sombra de la impunidad<\/h3>\n\n\n\n<p>El repudio es transversal: desde el <strong>Congreso<\/strong> hasta organismos sociales y referentes judiciales, todos reclaman la renuncia inmediata de C\u00faneo Libarona y el inicio del juicio pol\u00edtico. Se recuerda tambi\u00e9n su <strong>precedente penal<\/strong> por la causa AMIA, donde fue procesado por extorsi\u00f3n, y su rol como defensor de personajes vinculados a esc\u00e1ndalos judiciales mayores[2][6].<\/p>\n\n\n\n<p>Las acusaciones contra Mariano C\u00faneo Libarona, ministro de Justicia de Argentina, por ofrecer protecci\u00f3n a Tim Ballard est\u00e1n respaldadas por diversos elementos de peso:<\/p>\n\n\n\n<h2 class=\"wp-block-heading\">1. Grabaciones clandestinas y videos<\/h2>\n\n\n\n<p>Se difundieron videos y audios secretos \u2014obtenidos en reuniones con Ballard\u2014 donde C\u00faneo Libarona le propone expl\u00edcitamente gestionar su protecci\u00f3n, mejorar su imagen p\u00fablica en el pa\u00eds y conseguirle apoyo medi\u00e1tico mediante contactos directos con periodistas y jueces. Estos materiales muestran al ministro sugiriendo su capacidad de influir en medios y hasta en reformas legales, lo que constituye una clara evidencia de lobby y uso personal de la estructura estatal.<\/p>\n\n\n\n<h2 class=\"wp-block-heading\">2. Denuncias penales<\/h2>\n\n\n\n<p>A ra\u00edz de la exposici\u00f3n de estos audios y videos, distintos sectores pol\u00edticos y sociales presentaron denuncias penales contra C\u00faneo Libarona por presunto abuso de autoridad y tr\u00e1fico de influencias. Las causas est\u00e1n radicadas en la Justicia Federal y cuentan como prueba principal el contenido audiovisual difundido p\u00fablicamente.<\/p>\n\n\n\n<h2 class=\"wp-block-heading\">3. Reacci\u00f3n pol\u00edtica y amenazas de juicio pol\u00edtico<\/h2>\n\n\n\n<p>El esc\u00e1ndalo gener\u00f3 una fuerte reacci\u00f3n en el Congreso y en otras \u00e1reas del gobierno. Diputados oficiales y de la oposici\u00f3n iniciaron tr\u00e1mites para impulsar el juicio pol\u00edtico contra el ministro por sus declaraciones y acciones en el caso Ballard, se\u00f1alando la gravedad de operar en favor de un extranjero acusado de delitos graves mediante el aparato estatal.<\/p>\n\n\n\n<h2 class=\"wp-block-heading\">4. Admisi\u00f3n en entrevistas y repercusiones p\u00fablicas<\/h2>\n\n\n\n<p>Tanto los propios protagonistas como analistas y ex funcionarios, como F\u00e9lix Crous (ex titular de la Oficina Anticorrupci\u00f3n), confirmaron que los videos reflejan una din\u00e1mica de tr\u00e1fico de influencias y lobby inverso, es decir, la oferta de protecci\u00f3n y favores estatales a privados con pasado delictivo.<\/p>\n\n\n\n<h2 class=\"wp-block-heading\">5. Contexto y antecedentes<\/h2>\n\n\n\n<p>La situaci\u00f3n de Ballard es conocida internacionalmente (acumulando m\u00faltiples denuncias de abuso y trata de personas) y las filmaciones muestran a C\u00faneo Libarona interactuando activamente en pos de su \u201climpieza de imagen\u201d, reforzando la verosimilitud de las acusaciones.<\/p>\n\n\n\n<p>En conclusi\u00f3n, la evidencia clave que avala las acusaciones contra C\u00faneo Libarona consiste en:<\/p>\n\n\n\n<ul class=\"wp-block-list\">\n<li>Material audiovisual irrefutable donde hace las ofertas.<\/li>\n\n\n\n<li>Presentaci\u00f3n formal de denuncias judiciales.<\/li>\n\n\n\n<li>Constancia y aceptaci\u00f3n p\u00fablica de los hechos por parte de testigos y analistas.<\/li>\n\n\n\n<li>Acciones pol\u00edticas en marcha para forzar su salida y sanci\u00f3n.<\/li>\n<\/ul>\n\n\n\n<p>Estas pruebas han generado una crisis pol\u00edtica y judicial sin precedentes en torno al Ministerio de Justicia argentino.<\/p>\n\n\n\n<blockquote class=\"wp-block-quote is-layout-flow wp-block-quote-is-layout-flow\">\n<p>\u201cEs un delivery de tr\u00e1fico de influencias. No sorprende el desparpajo, sino la naturalidad con que se despliega el poder en beneficio de privados con prontuario. El Estado aparece como gestor del delito.\u201d \u2013 F\u00e9lix Crous<\/p>\n<\/blockquote>\n\n\n\n<h3 class=\"wp-block-heading\">\u00bfJusticia atada a la supervivencia pol\u00edtica?<\/h3>\n\n\n\n<p>Para Crous, el verdadero interrogante es si la <strong>justicia argentina<\/strong> avanzar\u00e1 sobre el esc\u00e1ndalo o esperar\u00e1 un cambio en el ciclo pol\u00edtico. Mientras el gobierno de Javier Milei conserve poder y siga siendo el \u201crepresentante de los intereses estadounidenses\u201d, la impunidad estar\u00e1 garantizada, advierte el ex funcionario.<\/p>\n\n\n\n<p>El caso evidencia la profunda crisis de \u00e9tica y legalidad del oficialismo y reaviva el debate sobre la necesidad de <strong>transparencia<\/strong>, <strong>control institucional<\/strong> y <strong>divisi\u00f3n real de poderes<\/strong> en la Argentina contempor\u00e1nea.<\/p>\n\n\n\n<h2 class=\"wp-block-heading\"><\/h2>\n","protected":false},"excerpt":{"rendered":"<p>Un \u00abdelivery de tr\u00e1fico de influencias\u00bb desde el Estado Como desenmascar\u00f3 F\u00e9lix Crous (ex titular de la Oficina Anticorrupci\u00f3n) en Radio 10, las im\u00e1genes muestran lobby inverso: es el propio Estado, a trav\u00e9s de uno de sus m\u00e1ximos funcionarios, quien se ofrece a operar en favor de intereses privados y oscuros. Lejos de tratarse de&#8230;<\/p>\n","protected":false},"author":4,"featured_media":7048,"comment_status":"open","ping_status":"open","sticky":false,"template":"","format":"standard","meta":{"_monsterinsights_skip_tracking":false,"_monsterinsights_sitenote_active":false,"_monsterinsights_sitenote_note":"","_monsterinsights_sitenote_category":0,"footnotes":"","jetpack_publicize_message":"Esc\u00e1ndalo pol\u00edtico: Mariano C\u00faneo Libarona, ministro de Justicia, denunciado por lobby y protecci\u00f3n al exagente Tim Ballard, acusado de abuso sexual.","jetpack_publicize_feature_enabled":true,"jetpack_social_post_already_shared":false,"jetpack_social_options":{"image_generator_settings":{"template":"highway","default_image_id":0,"enabled":false},"version":2}},"categories":[2,4],"tags":[2488,75,2484,2485,622,895,77,1991,2486,2487],"class_list":["post-7047","post","type-post","status-publish","format-standard","has-post-thumbnail","hentry","category-politica","category-sociedad","tag-bullrich-cuneo-libarona-tim-ballard-lobby-politico-escandalo-judicial-trafico-de-influencias","tag-corrupcion","tag-cuneo-libarona-2","tag-denuncia-penal","tag-escandalo-politico","tag-gobierno-milei","tag-juicio-politico","tag-lobby","tag-tim-ballard","tag-trafico-de-influencias"],"jetpack_publicize_connections":[],"_links":{"self":[{"href":"https:\/\/www.enorsai.com\/noticias\/wp-json\/wp\/v2\/posts\/7047","targetHints":{"allow":["GET"]}}],"collection":[{"href":"https:\/\/www.enorsai.com\/noticias\/wp-json\/wp\/v2\/posts"}],"about":[{"href":"https:\/\/www.enorsai.com\/noticias\/wp-json\/wp\/v2\/types\/post"}],"author":[{"embeddable":true,"href":"https:\/\/www.enorsai.com\/noticias\/wp-json\/wp\/v2\/users\/4"}],"replies":[{"embeddable":true,"href":"https:\/\/www.enorsai.com\/noticias\/wp-json\/wp\/v2\/comments?post=7047"}],"version-history":[{"count":4,"href":"https:\/\/www.enorsai.com\/noticias\/wp-json\/wp\/v2\/posts\/7047\/revisions"}],"predecessor-version":[{"id":7052,"href":"https:\/\/www.enorsai.com\/noticias\/wp-json\/wp\/v2\/posts\/7047\/revisions\/7052"}],"wp:featuredmedia":[{"embeddable":true,"href":"https:\/\/www.enorsai.com\/noticias\/wp-json\/wp\/v2\/media\/7048"}],"wp:attachment":[{"href":"https:\/\/www.enorsai.com\/noticias\/wp-json\/wp\/v2\/media?parent=7047"}],"wp:term":[{"taxonomy":"category","embeddable":true,"href":"https:\/\/www.enorsai.com\/noticias\/wp-json\/wp\/v2\/categories?post=7047"},{"taxonomy":"post_tag","embeddable":true,"href":"https:\/\/www.enorsai.com\/noticias\/wp-json\/wp\/v2\/tags?post=7047"}],"curies":[{"name":"wp","href":"https:\/\/api.w.org\/{rel}","templated":true}]}}