{"id":7044,"date":"2025-08-01T18:52:35","date_gmt":"2025-08-01T21:52:35","guid":{"rendered":"https:\/\/www.enorsai.com\/noticias\/?p=7044"},"modified":"2025-08-01T18:52:35","modified_gmt":"2025-08-01T21:52:35","slug":"melconian-tramadol-plan-milei","status":"publish","type":"post","link":"https:\/\/www.enorsai.com\/noticias\/politica\/melconian-tramadol-plan-milei\/","title":{"rendered":"\u201cSubir la tasa de inter\u00e9s es tramadol\u201d: Melconian suelta la bomba sobre el plan econ\u00f3mico de Milei"},"content":{"rendered":"\n<p><\/p>\n\n\n\n<p><em>Por Enorsai.com.ar<\/em><\/p>\n\n\n\n<p>En una entrevista contundente, <strong>Carlos Melconian<\/strong>, economista, ex presidente del Banco Naci\u00f3n y una de las voces m\u00e1s respetadas del sector, lanz\u00f3 una cr\u00edtica frontal al modelo econ\u00f3mico de Javier Milei. Sin tapujos, calific\u00f3 como <strong>\u201cmala praxis\u201d<\/strong> la gesti\u00f3n del cepo, el tipo de cambio y la pol\u00edtica monetaria, y sentenci\u00f3: <strong>\u201cSubir la tasa de inter\u00e9s es tramadol\u201d<\/strong>.<\/p>\n\n\n\n<h2 class=\"wp-block-heading\">\u201cEl d\u00f3lar tiene un n\u00famero inconsistente\u201d<\/h2>\n\n\n\n<p>Melconian fue claro: el tipo de cambio actual no refleja la realidad de la oferta y demanda. \u201cClaramente ten\u00eda y tiene un n\u00famero inconsistente para la oferta y demanda que tiene por delante\u201d, dijo. Y advirti\u00f3: Argentina necesita un tipo de cambio m\u00e1s alto para equilibrar la balanza, pero el gobierno insiste en un esquema que no cierra.<\/p>\n\n\n\n<h2 class=\"wp-block-heading\">El cepo se abri\u00f3 \u201ccomo un papel\u00f3n\u201d<\/h2>\n\n\n\n<p>Uno de los momentos m\u00e1s explosivos de la entrevista fue cuando Melconian critic\u00f3 la forma en que se flexibiliz\u00f3 el cepo cambiario: \u201cEl desarme del cepo en abril tuvo la mala praxis de permitir que la 12 vaya a Miami barato\u201d. Y agreg\u00f3: \u201cHabr\u00eda que haber comprado reservas, no abrir todo de golpe\u201d.<\/p>\n\n\n\n<p>Para \u00e9l, abrir el mercado sin condiciones fue un error estrat\u00e9gico: \u201cEstamos en un r\u00e9gimen cambiario que requiere un tipo de cambio cuyo precio es superior al de hoy. Si quer\u00e9s tener ese auto, te la tienen que bancar\u201d.<\/p>\n\n\n\n<figure class=\"wp-block-embed is-type-wp-embed is-provider-incrustado wp-block-embed-incrustado\"><div class=\"wp-block-embed__wrapper\">\n<blockquote class=\"wp-embedded-content\" data-secret=\"jyEBzrzI6p\"><a href=\"https:\/\/www.enorsai.com\/noticias\/economia\/la-gestion-milei-destruyo-13-000-empresas-ayerra-admite-el-colapso-y-evalua-su-salida-del-gobierno\/\">La gesti\u00f3n Milei destruy\u00f3 13.000 empresas: Ayerra admite el colapso y eval\u00faa su salida del Gobierno<\/a><\/blockquote><iframe loading=\"lazy\" class=\"wp-embedded-content\" sandbox=\"allow-scripts\" security=\"restricted\" style=\"position: absolute; visibility: hidden;\" title=\"\u00abLa gesti\u00f3n Milei destruy\u00f3 13.000 empresas: Ayerra admite el colapso y eval\u00faa su salida del Gobierno\u00bb \u2014 \" src=\"https:\/\/www.enorsai.com\/noticias\/economia\/la-gestion-milei-destruyo-13-000-empresas-ayerra-admite-el-colapso-y-evalua-su-salida-del-gobierno\/embed\/#?secret=qX1YUISq7E#?secret=jyEBzrzI6p\" data-secret=\"jyEBzrzI6p\" width=\"600\" height=\"338\" frameborder=\"0\" marginwidth=\"0\" marginheight=\"0\" scrolling=\"no\"><\/iframe>\n<\/div><\/figure>\n\n\n\n<h2 class=\"wp-block-heading\">\u201cSubir la tasa de inter\u00e9s es tramadol\u201d<\/h2>\n\n\n\n<p>La frase que ya circula en los pasillos econ\u00f3micos: <strong>\u201cSubir la tasa de inter\u00e9s es tramadol\u201d<\/strong>. Melconian explic\u00f3 que aumentar la tasa no resuelve el problema de fondo, solo adormece el dolor por un rato. Es una medida de emergencia, no de fondo.<\/p>\n\n\n\n<p>Y advirti\u00f3 sobre el impacto en la econom\u00eda real: \u201cProbablemente se aten\u00fae el cr\u00e9dito, porque no hay cr\u00e9dito a esta tasa de inter\u00e9s. Y se quiebra el r\u00e9cord brasile\u00f1o de tasa de inter\u00e9s real\u201d.<\/p>\n\n\n\n<h2 class=\"wp-block-heading\">\u00bfY despu\u00e9s de las elecciones? \u201cVa a tener que encontrar un equilibrio\u201d<\/h2>\n\n\n\n<p>Respecto al futuro post-octubre, Melconian fue contundente: \u201cVa a tener que encontrar un equilibrio. Ahora que para no pasar un papel\u00f3n de volver para atr\u00e1s ser\u00e1 otro precio\u201d.<\/p>\n\n\n\n<p>Para \u00e9l, el modelo actual no es sostenible: \u201cSe arranc\u00f3 en Harvard y termin\u00f3 en salita roja. Lo l\u00f3gico era arrancar en salita roja para terminar en Harvard. Pero quisieron dar cuatro material libre y disonaste\u201d.<\/p>\n\n\n\n<figure class=\"wp-block-embed is-type-wp-embed is-provider-incrustado wp-block-embed-incrustado\"><div class=\"wp-block-embed__wrapper\">\nhttps:\/\/www.enorsai.com\/noticias\/politica\/un-noqui-de-juntos-por-el-cambio-a-juicio-por-corrupcion-en-el-senado-bonaerense\/\n<\/div><\/figure>\n\n\n\n<h2 class=\"wp-block-heading\">El FMI tambi\u00e9n est\u00e1 \u201cengrampado\u201d<\/h2>\n\n\n\n<p>Melconian no se guard\u00f3 nada para el Fondo Monetario: \u201cEl FMI est\u00e1 engrampado. Tiene un doble discurso: en los informes t\u00e9cnicos dice que est\u00e1 preocupado por Argentina, por las reservas, por el tipo de cambio, por la competitividad\u2026 y en los comunicados de prensa dice que todo est\u00e1 fen\u00f3meno\u201d.<\/p>\n\n\n\n<p>Y us\u00f3 una met\u00e1fora contundente: \u201cYo vend\u00eda zapatos. Mi cliente m\u00e1s jodido era el que me deb\u00eda mucha guita. Ten\u00eda que seguir vendi\u00e9ndole, entonces le dec\u00eda que era un campe\u00f3n del mundo, que era el mejor\u2026 hasta que quebr\u00f3. El FMI hoy le est\u00e1 diciendo a Milei que es un campe\u00f3n\u2026 pero cuidado, que despu\u00e9s no consiga m\u00e1s zapatos\u201d.<\/p>\n\n\n\n<p><a href=\"https:\/\/www.enorsai.com.ar\/economia\/42705-fmi-ministro-economia-argentina-milei.html\">El FMI ya gobierna: la motosierra de Milei ejecuta \u00f3rdenes de Washington<\/a><\/p>\n\n\n\n<h2 class=\"wp-block-heading\">\u00bfLa inflaci\u00f3n se trasladar\u00e1 a los precios?<\/h2>\n\n\n\n<p>Sobre la inflaci\u00f3n de agosto, Melconian fue realista: \u201cTarde o temprano s\u00ed, algo se va a trasladar\u201d. Aunque reconoci\u00f3 que la desinflaci\u00f3n es un logro, advirti\u00f3 que sin un plan de estabilizaci\u00f3n claro, cualquier avance puede revertirse.<\/p>\n\n\n\n<p>\u201cHay que tener paciencia \u00e1rabe infinita, much\u00edsima frialdad y una heladera en la cabeza. La calentura del coraz\u00f3n es con la gente, pero para el resto hay que tener una ladera en la cabeza\u201d.<\/p>\n\n\n\n<p>Las palabras de Melconian no son un pron\u00f3stico: son una advertencia. Y mientras el gobierno sigue festejando \u201c\u00e9xitos\u201d que no existen, la econom\u00eda se mueve hacia un equilibrio que nadie quiere ver\u2026 pero que tarde o temprano llegar\u00e1.<\/p>\n\n\n\n<p>\u00bfQuieres publicitar en un medio cr\u00edtico, independiente y con alcance internacional? Cont\u00e1ctanos: <a href=\"mailto:enorsaionline@gmail.com\">enorsaionline@gmail.com<\/a><\/p>\n","protected":false},"excerpt":{"rendered":"<p>Por Enorsai.com.ar En una entrevista contundente, Carlos Melconian, economista, ex presidente del Banco Naci\u00f3n y una de las voces m\u00e1s respetadas del sector, lanz\u00f3 una cr\u00edtica frontal al modelo econ\u00f3mico de Javier Milei. Sin tapujos, calific\u00f3 como \u201cmala praxis\u201d la gesti\u00f3n del cepo, el tipo de cambio y la pol\u00edtica monetaria, y sentenci\u00f3: \u201cSubir la&#8230;<\/p>\n","protected":false},"author":4,"featured_media":7045,"comment_status":"open","ping_status":"open","sticky":false,"template":"","format":"standard","meta":{"_monsterinsights_skip_tracking":false,"_monsterinsights_sitenote_active":false,"_monsterinsights_sitenote_note":"","_monsterinsights_sitenote_category":0,"footnotes":"","jetpack_publicize_message":"Melconian desarma el modelo de Milei: \u201cSubir la tasa es tramadol\u201d, \u201cel cepo fue un papel\u00f3n\u201d y advierte sobre el equilibrio cambiario. An\u00e1lisis exclusivo.","jetpack_publicize_feature_enabled":true,"jetpack_social_post_already_shared":false,"jetpack_social_options":{"image_generator_settings":{"template":"highway","default_image_id":0,"enabled":false},"version":2}},"categories":[3,17,2],"tags":[1491,2473,2478,334,2479,2476,1816,2477,407,2483,2474,2481,2482,2475,2480],"class_list":["post-7044","post","type-post","status-publish","format-standard","has-post-thumbnail","hentry","category-economia","category-opinion","category-politica","tag-ajuste-economico","tag-carlos-melconian","tag-cepo-cambiario","tag-crisis-economica-argentina","tag-desinflacion-argentina","tag-dolar-hoy","tag-economia-argentina-2025","tag-equilibrio-cambiario","tag-fmi-y-argentina","tag-inflacion-y-dolar","tag-modelo-economico-milei","tag-politica-monetaria-2","tag-reservas-del-bcra","tag-tasa-de-interes-alta","tag-tipo-de-cambio-real"],"jetpack_publicize_connections":[],"_links":{"self":[{"href":"https:\/\/www.enorsai.com\/noticias\/wp-json\/wp\/v2\/posts\/7044","targetHints":{"allow":["GET"]}}],"collection":[{"href":"https:\/\/www.enorsai.com\/noticias\/wp-json\/wp\/v2\/posts"}],"about":[{"href":"https:\/\/www.enorsai.com\/noticias\/wp-json\/wp\/v2\/types\/post"}],"author":[{"embeddable":true,"href":"https:\/\/www.enorsai.com\/noticias\/wp-json\/wp\/v2\/users\/4"}],"replies":[{"embeddable":true,"href":"https:\/\/www.enorsai.com\/noticias\/wp-json\/wp\/v2\/comments?post=7044"}],"version-history":[{"count":1,"href":"https:\/\/www.enorsai.com\/noticias\/wp-json\/wp\/v2\/posts\/7044\/revisions"}],"predecessor-version":[{"id":7046,"href":"https:\/\/www.enorsai.com\/noticias\/wp-json\/wp\/v2\/posts\/7044\/revisions\/7046"}],"wp:featuredmedia":[{"embeddable":true,"href":"https:\/\/www.enorsai.com\/noticias\/wp-json\/wp\/v2\/media\/7045"}],"wp:attachment":[{"href":"https:\/\/www.enorsai.com\/noticias\/wp-json\/wp\/v2\/media?parent=7044"}],"wp:term":[{"taxonomy":"category","embeddable":true,"href":"https:\/\/www.enorsai.com\/noticias\/wp-json\/wp\/v2\/categories?post=7044"},{"taxonomy":"post_tag","embeddable":true,"href":"https:\/\/www.enorsai.com\/noticias\/wp-json\/wp\/v2\/tags?post=7044"}],"curies":[{"name":"wp","href":"https:\/\/api.w.org\/{rel}","templated":true}]}}