{"id":7041,"date":"2025-08-01T16:51:02","date_gmt":"2025-08-01T19:51:02","guid":{"rendered":"https:\/\/www.enorsai.com\/noticias\/?p=7041"},"modified":"2025-08-01T16:51:02","modified_gmt":"2025-08-01T19:51:02","slug":"la-gestion-milei-destruyo-13-000-empresas-ayerra-admite-el-colapso-y-evalua-su-salida-del-gobierno","status":"publish","type":"post","link":"https:\/\/www.enorsai.com\/noticias\/economia\/la-gestion-milei-destruyo-13-000-empresas-ayerra-admite-el-colapso-y-evalua-su-salida-del-gobierno\/","title":{"rendered":"La gesti\u00f3n Milei destruy\u00f3 13.000 empresas: Ayerra admite el colapso y eval\u00faa su salida del Gobierno"},"content":{"rendered":"\n<p><strong><em>El supuesto \u201cmilagro econ\u00f3mico\u201d del gobierno libertario muestra sus grietas: mientras el Presidente celebra supuestos logros financieros, las pymes mueren en silencio. Ayerra, el funcionario designado para fortalecerlas, admite el colapso. La gesti\u00f3n Milei vuelve a exponer su fracaso con una posible renuncia que delata el costo humano del ajuste.<\/em><\/strong><\/p>\n\n\n\n<p>La narrativa oficialista se deshace ante la cruda realidad: 13.000 peque\u00f1as y medianas empresas cerraron sus puertas durante los primeros seis meses del gobierno de Javier Milei. Esta cifra, escalofriante en s\u00ed misma, no la difundi\u00f3 un opositor, ni un sindicalista, ni un economista cr\u00edtico. La confirm\u00f3 el propio secretario de la Peque\u00f1a y Mediana Empresa, Tom\u00e1s Ayerra, quien \u2014seg\u00fan trascendi\u00f3\u2014 eval\u00faa abandonar su cargo. La devastaci\u00f3n del entramado productivo nacional ya no puede disimularse ni siquiera desde el interior del propio gobierno.<\/p>\n\n\n\n<p>La supuesta \u00e9pica del \u201cajuste necesario\u201d cae hecha trizas frente a esta cifra. Cada pyme que cierra no es solo un n\u00famero. Son familias en la calle, sue\u00f1os destruidos, historias truncadas. Es producci\u00f3n nacional que se pierde, empleos que se esfuman, industrias que quedan a merced de importaciones sin control o de un mercado interno devastado por la recesi\u00f3n y el consumo desplomado. Y si Ayerra, el funcionario encargado de asistir y sostener a ese universo clave para la econom\u00eda argentina, est\u00e1 a punto de irse, el mensaje es claro: ni siquiera desde adentro creen en el plan libertario.<\/p>\n\n\n\n<p>Seg\u00fan el portal <em>Mundo Empresarial<\/em>, la salida de Ayerra a\u00fan no es oficial, pero se da en un contexto de fuerte deterioro del aparato productivo y en medio de una ola de versiones que hablan de su inminente reemplazo. El dato m\u00e1s contundente \u2014que el propio Ayerra reconoci\u00f3 en declaraciones radiales\u2014 es que desde la asunci\u00f3n de Milei ya bajaron la persiana 13.000 empresas. Un sinceramiento brutal, una confesi\u00f3n que desarma cualquier relato optimista.<\/p>\n\n\n\n<p>La situaci\u00f3n no es menor. Tom\u00e1s Ayerra no es un t\u00e9cnico cualquiera. Lleg\u00f3 al cargo de la mano del secretario de Industria, Juan Pazo, y su figura hab\u00eda sido presentada como parte del nuevo equipo econ\u00f3mico \u201cpro mercado\u201d, con promesas de desburocratizaci\u00f3n, est\u00edmulo a la inversi\u00f3n privada y eliminaci\u00f3n de trabas estatales. Sin embargo, la gesti\u00f3n libertaria, lejos de dinamizar el sector pyme, parece haber sido su sentencia de muerte.<\/p>\n\n\n\n<p>La l\u00f3gica de Milei \u2014ese ajuste quir\u00fargico que supuestamente solo afectar\u00eda a la casta\u2014 est\u00e1 demostrando su rostro m\u00e1s crudo: el cuchillo no va contra la corrupci\u00f3n, sino contra la producci\u00f3n. Contra quienes dan empleo real, generan valor agregado y sostienen las econom\u00edas regionales. El cierre de 13.000 pymes no es un da\u00f1o colateral. Es un crimen econ\u00f3mico.<\/p>\n\n\n\n<p>Este panorama confirma lo que muchas c\u00e1maras empresarias vienen advirtiendo, aunque con temor a represalias. La motosierra no distingue entre gastos superfluos y sectores productivos. Se lleva puesto todo. Subsidios eliminados sin transici\u00f3n, acceso al cr\u00e9dito congelado, tarifas dolarizadas, ca\u00edda estrepitosa de la demanda y una apertura comercial que amenaza con destruir lo que a\u00fan queda de industria nacional. Esa es la tormenta perfecta que arrasa con las pymes.<\/p>\n\n\n\n<p>No sorprende que Ayerra est\u00e9 pensando en dar un paso al costado. En las \u00faltimas semanas, distintas fuentes indican que se encuentra desgastado, sin poder real de decisi\u00f3n y cada vez m\u00e1s aislado dentro de la estructura oficial. La Secretar\u00eda que encabeza parece hoy una oficina vaciada, sin herramientas ni recursos. Una c\u00e1scara vac\u00eda que ya no puede hacer frente a la magnitud del desastre. Su posible renuncia es la expresi\u00f3n m\u00e1s clara del fracaso de la pol\u00edtica industrial de Milei, si es que alguna vez existi\u00f3 una.<\/p>\n\n\n\n<p>Resulta casi c\u00ednico que mientras el Presidente se jacta de sus supuestos \u201csuper\u00e1vits gemelos\u201d y festeja frente a CEOs y financistas en conferencias internacionales, el tejido pyme \u2014que emplea al 70% de los trabajadores privados del pa\u00eds\u2014 agoniza sin ayuda. La desconexi\u00f3n entre la macro que dibujan desde el Ministerio de Econom\u00eda y la micro que se vive en las calles es abismal. Mientras Milei le habla a los mercados, las f\u00e1bricas apagan sus m\u00e1quinas.<\/p>\n\n\n\n<p>El colapso del entramado pyme no es solo una cuesti\u00f3n econ\u00f3mica. Tiene consecuencias sociales profundas. El cierre de cada empresa arrastra consigo despidos, p\u00e9rdida de ingresos, aumento de la informalidad y desintegraci\u00f3n del entramado comunitario. Las pymes no solo producen bienes y servicios; tambi\u00e9n son nodos de contenci\u00f3n social, generadoras de identidad local y dinamizadoras de la econom\u00eda popular. Su desaparici\u00f3n masiva representa un drama de dimensiones hist\u00f3ricas.<\/p>\n\n\n\n<p>En este contexto, el sincericidio de Ayerra resulta revelador. La cifra de 13.000 cierres no fue impuesta por la oposici\u00f3n ni inflada por los medios cr\u00edticos. Fue admitida por el propio secretario Pyme. Un dato oficial que tira abajo el relato del \u00e9xito. Y si encima ese mismo funcionario est\u00e1 pensando en renunciar, el mensaje es claro: ni desde adentro del gobierno pueden seguir sosteniendo la farsa.<\/p>\n\n\n\n<p>Pero la renuncia de Ayerra \u2014si finalmente se concreta\u2014 no resuelve nada. Su salida ser\u00eda apenas un s\u00edntoma, no una soluci\u00f3n. El problema no es un funcionario, sino el modelo econ\u00f3mico que encarna Javier Milei. Un modelo que desprecia el Estado, fetichiza el mercado y abandona a su suerte a quienes no encajan en el Excel de la eficiencia monetaria.<\/p>\n\n\n\n<p>Estamos ante una tragedia anunciada. La destrucci\u00f3n del aparato productivo no es una consecuencia inesperada del plan econ\u00f3mico libertario. Es su resultado natural. Cuando se reduce el Estado a la m\u00ednima expresi\u00f3n, se eliminan pol\u00edticas activas y se consagra el darwinismo econ\u00f3mico como doctrina, lo que sobreviene es esto: cierres, despidos, exclusi\u00f3n.<\/p>\n\n\n\n<p>Si el gobierno insiste en su rumbo, la renuncia de Ayerra ser\u00e1 apenas la primera ficha de un domin\u00f3 que ya empez\u00f3 a caer. Porque no hay \u00e9pica posible en un pa\u00eds sin pymes, sin producci\u00f3n y sin trabajo. Y porque ning\u00fan relato de libertad puede sostenerse sobre las ruinas de 13.000 empresas.<\/p>\n\n\n\n<p><strong>Fuente:<\/strong><br><a class=\"\" href=\"https:\/\/mundoempresarial.ar\/ayerra-se-iria-de-la-secretaria-pyme-tras-reconocer-que-cerraron-13-000-empresas\/\">https:\/\/mundoempresarial.ar\/ayerra-se-iria-de-la-secretaria-pyme-tras-reconocer-que-cerraron-13-000-empresas\/<\/a><\/p>\n","protected":false},"excerpt":{"rendered":"<p>El secretario Pyme, Tom\u00e1s Ayerra, reconoci\u00f3 el cierre de 13.000 empresas en lo que va del gobierno de Javier Milei y estar\u00eda por abandonar su cargo. La cifra desmiente el relato oficial de recuperaci\u00f3n econ\u00f3mica y confirma la brutalidad del ajuste que arrasa con el coraz\u00f3n productivo del pa\u00eds.<\/p>\n","protected":false},"author":13,"featured_media":7042,"comment_status":"open","ping_status":"open","sticky":false,"template":"","format":"standard","meta":{"_monsterinsights_skip_tracking":false,"_monsterinsights_sitenote_active":false,"_monsterinsights_sitenote_note":"","_monsterinsights_sitenote_category":0,"footnotes":"","jetpack_publicize_message":"","jetpack_publicize_feature_enabled":true,"jetpack_social_post_already_shared":true,"jetpack_social_options":{"image_generator_settings":{"template":"highway","default_image_id":0,"font":"","enabled":false},"version":2}},"categories":[3],"tags":[58,2472,765,43,15,223,27,45,14,301],"class_list":["post-7041","post","type-post","status-publish","format-standard","has-post-thumbnail","hentry","category-economia","tag-ajuste","tag-ayerra","tag-cierre","tag-crisis","tag-economia","tag-empresas","tag-gobierno","tag-milei","tag-produccion","tag-pymes"],"jetpack_publicize_connections":[],"_links":{"self":[{"href":"https:\/\/www.enorsai.com\/noticias\/wp-json\/wp\/v2\/posts\/7041","targetHints":{"allow":["GET"]}}],"collection":[{"href":"https:\/\/www.enorsai.com\/noticias\/wp-json\/wp\/v2\/posts"}],"about":[{"href":"https:\/\/www.enorsai.com\/noticias\/wp-json\/wp\/v2\/types\/post"}],"author":[{"embeddable":true,"href":"https:\/\/www.enorsai.com\/noticias\/wp-json\/wp\/v2\/users\/13"}],"replies":[{"embeddable":true,"href":"https:\/\/www.enorsai.com\/noticias\/wp-json\/wp\/v2\/comments?post=7041"}],"version-history":[{"count":1,"href":"https:\/\/www.enorsai.com\/noticias\/wp-json\/wp\/v2\/posts\/7041\/revisions"}],"predecessor-version":[{"id":7043,"href":"https:\/\/www.enorsai.com\/noticias\/wp-json\/wp\/v2\/posts\/7041\/revisions\/7043"}],"wp:featuredmedia":[{"embeddable":true,"href":"https:\/\/www.enorsai.com\/noticias\/wp-json\/wp\/v2\/media\/7042"}],"wp:attachment":[{"href":"https:\/\/www.enorsai.com\/noticias\/wp-json\/wp\/v2\/media?parent=7041"}],"wp:term":[{"taxonomy":"category","embeddable":true,"href":"https:\/\/www.enorsai.com\/noticias\/wp-json\/wp\/v2\/categories?post=7041"},{"taxonomy":"post_tag","embeddable":true,"href":"https:\/\/www.enorsai.com\/noticias\/wp-json\/wp\/v2\/tags?post=7041"}],"curies":[{"name":"wp","href":"https:\/\/api.w.org\/{rel}","templated":true}]}}