{"id":7037,"date":"2025-08-01T16:02:40","date_gmt":"2025-08-01T19:02:40","guid":{"rendered":"https:\/\/www.enorsai.com\/noticias\/?p=7037"},"modified":"2025-08-01T16:05:30","modified_gmt":"2025-08-01T19:05:30","slug":"y-el-derrame-mas-de-7-000-empleadores-dados-de-baja-en-lo-que-va-del-ano-el-ajuste-libertario-arrasa","status":"publish","type":"post","link":"https:\/\/www.enorsai.com\/noticias\/economia\/y-el-derrame-mas-de-7-000-empleadores-dados-de-baja-en-lo-que-va-del-ano-el-ajuste-libertario-arrasa\/","title":{"rendered":"\u00bfY el derrame? M\u00e1s de 7.000 empleadores dados de baja en lo que va del a\u00f1o: el ajuste libertario arrasa"},"content":{"rendered":"\n<p><strong><em>Mientras el Gobierno celebra supuestos logros macroecon\u00f3micos, la econom\u00eda real se desangra. Leo Bilanski, presidente de ENAC, advirti\u00f3 que las peque\u00f1as y medianas empresas est\u00e1n desapareciendo a un ritmo alarmante: m\u00e1s de 1200 cierres por mes. En una entrevista con C5N, el referente de las pymes denunci\u00f3 con cifras precisas el devastador impacto de las pol\u00edticas del gobierno libertario. La motosierra no recort\u00f3 privilegios, sino el entramado productivo nacional. El ajuste no es gratuito: lo pagan con quiebras los que trabajan, invierten y producen.<\/em><\/strong><\/p>\n\n\n\n<p>La Argentina que promete prosperidad mientras ahoga a su propio tejido productivo est\u00e1 en marcha. Detr\u00e1s del relato grandilocuente de \u201csuper\u00e1vit gemelo\u201d y la fantas\u00eda monetarista de Javier Milei, se esconde una realidad lacerante: cierran 40 pymes por d\u00eda. Lo dijo con claridad y n\u00fameros en la mano Leo Bilanski, presidente de la Asociaci\u00f3n de Empresarios y Empresarias Nacionales para el Desarrollo Argentino (ENAC), en una entrevista con C5N.<\/p>\n\n\n\n<p>Bilanski no se qued\u00f3 en generalidades. Fue al hueso, con crudeza, con la certeza que da el dolor de quienes ven sus sue\u00f1os y sus negocios desmoronarse. Desde enero hasta mediados de julio, la Secretar\u00eda de Trabajo dio de baja 7.000 registros de empleadores en el sistema. Eso no significa que esas empresas simplemente se hayan \u201cdado de baja\u201d, como se prefiere decir desde las usinas oficiales: implica que cerraron, que no existen m\u00e1s, que no producen, que no pagan salarios. Significa tambi\u00e9n que miles de trabajadores y trabajadoras quedaron en la calle. Un pa\u00eds que destruye 1.200 pymes por mes no tiene ning\u00fan futuro, por m\u00e1s que la planilla de Excel marque equilibrio fiscal.<\/p>\n\n\n\n<p>\u00bfD\u00f3nde est\u00e1 el milagro libertario? \u00bfQui\u00e9n se beneficia de esta econom\u00eda que ajusta sin anestesia al coraz\u00f3n productivo del pa\u00eds? La motosierra no corta gasto improductivo: destruye puestos de trabajo, aniquila mercados internos, arrasa con la industria nacional. En lugar de un Estado m\u00e1s eficiente, tenemos un pa\u00eds m\u00e1s desierto. Y no es casualidad: es una decisi\u00f3n pol\u00edtica. \u201cLas pymes est\u00e1n siendo v\u00edctimas del programa econ\u00f3mico del Gobierno\u201d, afirm\u00f3 Bilanski sin vueltas.<\/p>\n\n\n\n<figure class=\"wp-block-embed is-type-video is-provider-youtube wp-block-embed-youtube wp-embed-aspect-4-3 wp-has-aspect-ratio\"><div class=\"wp-block-embed__wrapper\">\n<iframe loading=\"lazy\" title=\"&quot;Cierran 40 pymes por d\u00eda en la Argentina del Gobierno de Milei&quot; Leo Bilanski de ENAC en C5N\" width=\"640\" height=\"480\" src=\"https:\/\/www.youtube.com\/embed\/cyjkJnmUA8Y?feature=oembed\" frameborder=\"0\" allow=\"accelerometer; autoplay; clipboard-write; encrypted-media; gyroscope; picture-in-picture; web-share\" referrerpolicy=\"strict-origin-when-cross-origin\" allowfullscreen><\/iframe>\n<\/div><\/figure>\n\n\n\n<p>El discurso oficial repite hasta el cansancio que todo es culpa de \u201cla herencia\u201d. Pero ya pasaron m\u00e1s de siete meses desde que asumi\u00f3 Milei y los n\u00fameros hablan por s\u00ed solos. \u201cEsto no es producto de la pandemia ni de la guerra en Ucrania ni de factores ex\u00f3genos. Es producto del programa econ\u00f3mico libertario. Es un dato in\u00e9dito\u201d, denunci\u00f3 el dirigente empresario. Nunca antes, en tan poco tiempo, se destruy\u00f3 tanto entramado productivo en democracia. Es una sangr\u00eda sin precedentes.<\/p>\n\n\n\n<p>Y el golpe es profundo porque afecta al eslab\u00f3n m\u00e1s din\u00e1mico y resiliente de la econom\u00eda argentina: las pymes. Son las que generan el 70% del empleo privado, las que est\u00e1n en cada barrio, en cada pueblo, en cada parque industrial. No son grandes corporaciones con espalda financiera para sobrevivir un temporal. Son emprendimientos familiares, cooperativas, talleres, f\u00e1bricas, peque\u00f1os comercios. Son gente que se levanta temprano, que apuesta por su pa\u00eds, que paga impuestos, que emplea a sus vecinos. Y que hoy est\u00e1 cerrando las persianas.<\/p>\n\n\n\n<p>Bilanski habl\u00f3 tambi\u00e9n del drama social que esto implica. \u00abCuando una pyme cierra, no s\u00f3lo se destruye empleo. Se destruye comunidad, se destruyen redes. Se afecta al entramado social completo\u00bb, subray\u00f3. Cada cierre arrastra un drama humano: proveedores que pierden a su cliente, empleados que no cobran su sueldo, familias que se quedan sin sustento. Pero al Gobierno de Milei eso parece no importarle. Total, en la l\u00f3gica libertaria, si una empresa no sobrevive, es porque el mercado lo quiso as\u00ed. Como si el mercado fuera una divinidad incuestionable y no un dispositivo manipulado por quienes concentran poder econ\u00f3mico.<\/p>\n\n\n\n<p>La econom\u00eda real est\u00e1 en coma, pero el relato libertario se encarga de mostrar una Argentina que supuestamente \u201cva bien\u201d. El espejismo de la estabilidad cambiaria y del super\u00e1vit primario se construy\u00f3 sobre los escombros de miles de empresas, con recesi\u00f3n profunda, ca\u00edda estrepitosa del consumo y destrucci\u00f3n masiva de empleo. No hay plan productivo, no hay impulso al desarrollo. S\u00f3lo hay tijera y l\u00e1tigo.<\/p>\n\n\n\n<p>Y mientras el Gobierno ajusta y destruye, se niega a dialogar. Bilanski se\u00f1al\u00f3 que ENAC a\u00fan no ha sido recibida por ning\u00fan funcionario del gabinete econ\u00f3mico. \u201cNo hay escucha. No hay voluntad de modificar nada. Es un ajuste permanente. Si no hay una modificaci\u00f3n del rumbo econ\u00f3mico, a fin de a\u00f1o pueden cerrar entre 12.000 y 14.000 pymes\u201d, advirti\u00f3. \u00bfEscuch\u00f3 bien, se\u00f1or lector? Hasta 14.000 pymes podr\u00edan desaparecer este a\u00f1o. Eso no es un error de pol\u00edtica p\u00fablica: es un crimen econ\u00f3mico.<\/p>\n\n\n\n<p>El colmo de la perversidad es que, ante este panorama dantesco, el Presidente celebre sus supuestos logros en redes sociales con frases vac\u00edas como \u201ctodo marcha de acuerdo al plan\u201d. \u00bfA qu\u00e9 plan se refiere Milei? \u00bfAl de una Argentina sin industria, sin mercado interno, sin clase media? Porque si ese es el plan, entonces s\u00ed: todo marcha de acuerdo a \u00e9l.<\/p>\n\n\n\n<p>Los empresarios nacionales, a pesar de todo, siguen resistiendo. Porque no tienen otra. Porque no van a rendirse tan f\u00e1cil. Pero no hay hero\u00edsmo que aguante un pa\u00eds gobernado con el dogma del odio al Estado y el desprecio por la producci\u00f3n. Lo que se est\u00e1 destruyendo hoy no se recupera de un d\u00eda para el otro. Una pyme que cierra no se recompone con un tuit. Se pierde conocimiento, experiencia, inversi\u00f3n, comunidad.<\/p>\n\n\n\n<p>Este modelo no derrama. Este modelo arrasa. Y lo hace con sa\u00f1a.<\/p>\n\n\n\n<p><strong>Fuente:<\/strong><br><a href=\"https:\/\/enac.org.ar\/contenido\/4218\/cierran-40-pymes-por-dia-en-argentina-leo-bilanski-de-enac-en-c5n\">https:\/\/enac.org.ar\/contenido\/4218\/cierran-40-pymes-por-dia-en-argentina-leo-bilanski-de-enac-en-c5n<\/a><\/p>\n","protected":false},"excerpt":{"rendered":"<p>Cada d\u00eda cierran 40 pymes en Argentina, seg\u00fan datos de ENAC. El programa econ\u00f3mico de Javier Milei est\u00e1 destruyendo el coraz\u00f3n productivo del pa\u00eds. M\u00e1s de 7.000 empleadores se dieron de baja este a\u00f1o. Las peque\u00f1as y medianas empresas son las principales v\u00edctimas del ajuste sin contemplaciones del Gobierno.<\/p>\n","protected":false},"author":9,"featured_media":7040,"comment_status":"open","ping_status":"open","sticky":false,"template":"","format":"standard","meta":{"_monsterinsights_skip_tracking":false,"_monsterinsights_sitenote_active":false,"_monsterinsights_sitenote_note":"","_monsterinsights_sitenote_category":0,"footnotes":"","jetpack_publicize_message":"","jetpack_publicize_feature_enabled":true,"jetpack_social_post_already_shared":true,"jetpack_social_options":{"image_generator_settings":{"template":"highway","default_image_id":0,"font":"","enabled":false},"version":2}},"categories":[3],"tags":[58,765,43,15,32,223,2471,45,14,301],"class_list":["post-7037","post","type-post","status-publish","format-standard","has-post-thumbnail","hentry","category-economia","tag-ajuste","tag-cierre","tag-crisis","tag-economia","tag-empleo","tag-empresas","tag-enac","tag-milei","tag-produccion","tag-pymes"],"jetpack_publicize_connections":[],"_links":{"self":[{"href":"https:\/\/www.enorsai.com\/noticias\/wp-json\/wp\/v2\/posts\/7037","targetHints":{"allow":["GET"]}}],"collection":[{"href":"https:\/\/www.enorsai.com\/noticias\/wp-json\/wp\/v2\/posts"}],"about":[{"href":"https:\/\/www.enorsai.com\/noticias\/wp-json\/wp\/v2\/types\/post"}],"author":[{"embeddable":true,"href":"https:\/\/www.enorsai.com\/noticias\/wp-json\/wp\/v2\/users\/9"}],"replies":[{"embeddable":true,"href":"https:\/\/www.enorsai.com\/noticias\/wp-json\/wp\/v2\/comments?post=7037"}],"version-history":[{"count":1,"href":"https:\/\/www.enorsai.com\/noticias\/wp-json\/wp\/v2\/posts\/7037\/revisions"}],"predecessor-version":[{"id":7038,"href":"https:\/\/www.enorsai.com\/noticias\/wp-json\/wp\/v2\/posts\/7037\/revisions\/7038"}],"wp:featuredmedia":[{"embeddable":true,"href":"https:\/\/www.enorsai.com\/noticias\/wp-json\/wp\/v2\/media\/7040"}],"wp:attachment":[{"href":"https:\/\/www.enorsai.com\/noticias\/wp-json\/wp\/v2\/media?parent=7037"}],"wp:term":[{"taxonomy":"category","embeddable":true,"href":"https:\/\/www.enorsai.com\/noticias\/wp-json\/wp\/v2\/categories?post=7037"},{"taxonomy":"post_tag","embeddable":true,"href":"https:\/\/www.enorsai.com\/noticias\/wp-json\/wp\/v2\/tags?post=7037"}],"curies":[{"name":"wp","href":"https:\/\/api.w.org\/{rel}","templated":true}]}}