{"id":7028,"date":"2025-08-01T11:27:02","date_gmt":"2025-08-01T14:27:02","guid":{"rendered":"https:\/\/www.enorsai.com\/noticias\/?p=7028"},"modified":"2025-08-01T11:27:02","modified_gmt":"2025-08-01T14:27:02","slug":"renuncio-un-candidato-de-la-libertad-avanza-en-lobos-tras-ser-denunciado-por-golpear-brutalmente-a-su-esposa","status":"publish","type":"post","link":"https:\/\/www.enorsai.com\/noticias\/politica\/renuncio-un-candidato-de-la-libertad-avanza-en-lobos-tras-ser-denunciado-por-golpear-brutalmente-a-su-esposa\/","title":{"rendered":"Renunci\u00f3 un candidato de La Libertad Avanza en Lobos tras ser denunciado por golpear brutalmente a su esposa"},"content":{"rendered":"\n<p><strong><em>Un video estremecedor revela la agresi\u00f3n de un aspirante libertario a concejal contra su pareja y su familia. La viralizaci\u00f3n del material, el repudio social y el proceso judicial lo forzaron a abandonar su candidatura. Lo que Javier Milei llama \u201clibertad\u201d vuelve a mostrar su costado m\u00e1s siniestro: la impunidad de los violentos, el desprecio por los derechos humanos y la indiferencia frente a la violencia de g\u00e9nero. Esta vez, el esc\u00e1ndalo estall\u00f3 en Lobos, donde un candidato local de LLA protagoniz\u00f3 un hecho repudiable.<\/em><\/strong><\/p>\n\n\n\n<p>La ideolog\u00eda de la libertad total, cuando se lleva al extremo, siempre termina chocando con el l\u00edmite m\u00e1s humano y elemental: la dignidad del otro. La noticia que sacudi\u00f3 en las \u00faltimas horas a la ciudad bonaerense de Lobos no es una excepci\u00f3n, sino una consecuencia l\u00f3gica del perfil que ha venido cultivando La Libertad Avanza a lo largo de estos meses de gobierno y campa\u00f1a. Un esc\u00e1ndalo de violencia machista, brutal y expl\u00edcito acaba de sacudir al espacio libertario, y esta vez no se trata de un funcionario nacional ni de una declaraci\u00f3n desafortunada, sino de algo mucho m\u00e1s grave: un video que registra a un candidato a concejal propin\u00e1ndole una golpiza feroz a su esposa, delante de su propia hija.<\/p>\n\n\n\n<p>La secuencia no deja margen a la duda ni a la interpretaci\u00f3n. El hombre, identificado como Claudio Sebasti\u00e1n Servidio, golpea salvajemente a su pareja, que grita desesperada, mientras una adolescente \u2013su hija\u2013 presencia la escena con angustia y horror. La grabaci\u00f3n se viraliz\u00f3 primero en redes sociales y luego lleg\u00f3 a los portales, encendiendo todas las alarmas y obligando a una reacci\u00f3n inmediata de la justicia y del partido.<\/p>\n\n\n\n<p>Seg\u00fan informaron fuentes judiciales y policiales, el hecho ocurri\u00f3 el 26 de julio pasado en el domicilio de la pareja. Fue la propia v\u00edctima quien radic\u00f3 la denuncia en la Comisar\u00eda de la Mujer, aportando no s\u00f3lo su testimonio sino tambi\u00e9n el video como prueba central del caso. La contundencia del material motiv\u00f3 que el Juzgado de Garant\u00edas N\u00b01 de Ca\u00f1uelas decidiera procesar al agresor, quien fue imputado por \u201clesiones leves agravadas por el v\u00ednculo y por mediar violencia de g\u00e9nero\u201d.<\/p>\n\n\n\n<figure class=\"wp-block-embed is-type-rich is-provider-twitter wp-block-embed-twitter\"><div class=\"wp-block-embed__wrapper\">\n<blockquote class=\"twitter-tweet\" data-width=\"550\" data-dnt=\"true\"><p lang=\"es\" dir=\"ltr\">MIREN  QUE LINDO CANDIDATO TIENE LLA<br><br>Maximiliano Cobas, candidato de La Libertad Avanza, golpe\u00f3 brutalmente a la madre de sus hijos anoche. S\u00ed, el mismo espacio pol\u00edtico que se llena la boca hablando de moral y familia. Hip\u00f3critas y VIOLENTOS DE MIERDA. <a href=\"https:\/\/t.co\/OJzbsDlVay\">pic.twitter.com\/OJzbsDlVay<\/a><\/p>&mdash; PAMPA \ud83d\udc99\ud83d\udc9b\ud83d\udc99 (@Pampa139) <a href=\"https:\/\/twitter.com\/Pampa139\/status\/1951022648169046049?ref_src=twsrc%5Etfw\">July 31, 2025<\/a><\/blockquote><script async src=\"https:\/\/platform.twitter.com\/widgets.js\" charset=\"utf-8\"><\/script>\n<\/div><\/figure>\n\n\n\n<p>En paralelo, y como si el caso no tuviera ya suficiente gravedad, se supo que Servidio contaba con antecedentes de violencia familiar previos. La decisi\u00f3n judicial incluy\u00f3 una medida de exclusi\u00f3n del hogar y una restricci\u00f3n de acercamiento a la v\u00edctima, pero para la opini\u00f3n p\u00fablica ya no hab\u00eda nada m\u00e1s que discutir: el hecho era inaceptable desde todo punto de vista.<\/p>\n\n\n\n<p>En este contexto, el espacio de La Libertad Avanza en Lobos se vio obligado a reaccionar. Rodeado por el repudio social y el esc\u00e1ndalo medi\u00e1tico, Claudio Servidio present\u00f3 su renuncia a la precandidatura a concejal, lo que fue confirmado por las propias autoridades del partido a nivel local. \u201cLa situaci\u00f3n es grav\u00edsima y no hay margen para mirar hacia otro lado\u201d, expres\u00f3 un referente libertario, buscando despegarse del caso y evitar da\u00f1os mayores a la imagen del partido. Pero el gesto, aunque necesario, no alcanza para borrar el trasfondo de esta historia.<\/p>\n\n\n\n<p>Porque no se trata de un hecho aislado. No es una excepci\u00f3n. Es una expresi\u00f3n de una cultura pol\u00edtica que ha coqueteado demasiadas veces con el desprecio por las mujeres, los derechos humanos y la vida democr\u00e1tica. Un partido que ha defendido p\u00fablicamente a genocidas, que ha relativizado la violencia machista y que tiene entre sus referentes a personajes con discursos abiertamente mis\u00f3ginos, no puede hacerse el desentendido cuando uno de sus candidatos se transforma en un s\u00edmbolo de aquello que, seg\u00fan ellos, \u201cno existe m\u00e1s\u201d.<\/p>\n\n\n\n<p>El caso Servidio es una mancha dif\u00edcil de borrar. No s\u00f3lo por lo atroz del episodio, sino porque pone en evidencia una vez m\u00e1s la hipocres\u00eda de un espacio pol\u00edtico que se presenta como adalid de la moral y la libertad, mientras tolera \u2013cuando no alienta\u2013 conductas absolutamente inaceptables en cualquier sociedad civilizada. \u00bfQu\u00e9 significa \u201clibertad\u201d para esta gente? \u00bfLa libertad de golpear a una mujer y seguir como si nada? \u00bfLa libertad de negar el sistema judicial y victimizarse cuando la justicia act\u00faa? \u00bfLa libertad de hacer campa\u00f1a con discursos de odio y luego lavarse las manos ante las consecuencias?<\/p>\n\n\n\n<p>No es menor el contexto en el que ocurre este hecho. Mientras el gobierno de Javier Milei recorta presupuestos para pol\u00edticas de g\u00e9nero, elimina ministerios dedicados a la protecci\u00f3n de las mujeres y desprecia abiertamente el lenguaje de los derechos humanos, casos como el de Claudio Servidio se vuelven a\u00fan m\u00e1s alarmantes. Porque no son s\u00f3lo reflejo de una violencia individual, sino de un clima de \u00e9poca donde el machismo se siente respaldado, impune y legitimado desde las m\u00e1s altas esferas del poder.<\/p>\n\n\n\n<p>Y no, no alcanza con que Servidio renuncie a su candidatura. No es suficiente. El repudio debe ser integral, sistem\u00e1tico y pol\u00edtico. No basta con deslindarse a posteriori. La Libertad Avanza deber\u00eda preguntarse qu\u00e9 tipo de personas convoca y por qu\u00e9. Deber\u00eda asumir la responsabilidad de haber habilitado \u2013con sus discursos, sus silencios y sus c\u00f3mplices\u2013 este tipo de pr\u00e1cticas y personajes.<\/p>\n\n\n\n<p>Mientras tanto, la v\u00edctima \u2013esa mujer golpeada frente a su hija\u2013 intenta recuperar la paz y reconstruir lo que el horror destroz\u00f3. Lo hace con el cuerpo lastimado, el alma en vilo y la esperanza de que, tal vez, la justicia esta vez no mire para otro lado. Porque si algo queda claro despu\u00e9s de ver ese video es que la violencia no es s\u00f3lo un problema personal. Es un problema pol\u00edtico. Y m\u00e1s a\u00fan cuando el agresor quiere representar al pueblo desde una banca.<\/p>\n\n\n\n<p>El caso Servidio deber\u00eda ser un punto de inflexi\u00f3n, una alerta roja para quienes a\u00fan creen que la violencia de g\u00e9nero es un tema menor o una exageraci\u00f3n del feminismo. No lo es. Es una tragedia cotidiana que exige respuestas concretas y voluntad pol\u00edtica real. Algo que, por ahora, el gobierno libertario no parece estar dispuesto a ofrecer.<\/p>\n\n\n\n<p><strong>Fuente:<\/strong><br><a href=\"https:\/\/www.minutouno.com\/sociedad\/imagenes-sensibles-asi-violenta-candidato-libertario-su-esposa-y-familia-n6173492\">https:\/\/www.minutouno.com\/sociedad\/imagenes-sensibles-asi-violenta-candidato-libertario-su-esposa-y-familia-n6173492<\/a><br><a href=\"https:\/\/infolobos.com.ar\/se-viralizo-video-de-violencia-de-genero-y-cantidato-a-concejal-de-lla-fue-procesado-y-renuncio-a-su-postulacion\/\">https:\/\/infolobos.com.ar\/se-viralizo-video-de-violencia-de-genero-y-cantidato-a-concejal-de-lla-fue-procesado-y-renuncio-a-su-postulacion\/<\/a><br><a href=\"https:\/\/www.infobae.com\/politica\/2025\/08\/01\/renuncio-un-candidato-a-concejal-de-lla-en-lobos-tras-ser-denunciado-por-violencia-de-genero-y-la-difusion-de-un-video-del-ataque\/\">https:\/\/www.infobae.com\/politica\/2025\/08\/01\/renuncio-un-candidato-a-concejal-de-lla-en-lobos-tras-ser-denunciado-por-violencia-de-genero-y-la-difusion-de-un-video-del-ataque\/<\/a><\/p>\n\n\n\n<p><\/p>\n","protected":false},"excerpt":{"rendered":"<p>Claudio Servidio, candidato de La Libertad Avanza en Lobos, renunci\u00f3 tras la difusi\u00f3n de un video donde agrede brutalmente a su esposa frente a su hija. El hecho desat\u00f3 un fuerte repudio social y judicial. El episodio expone la tolerancia del espacio libertario hacia la violencia de g\u00e9nero y el desprecio por los derechos humanos.<\/p>\n","protected":false},"author":1,"featured_media":7029,"comment_status":"open","ping_status":"open","sticky":false,"template":"","format":"standard","meta":{"_monsterinsights_skip_tracking":false,"_monsterinsights_sitenote_active":false,"_monsterinsights_sitenote_note":"","_monsterinsights_sitenote_category":0,"footnotes":"","jetpack_publicize_message":"","jetpack_publicize_feature_enabled":true,"jetpack_social_post_already_shared":true,"jetpack_social_options":{"image_generator_settings":{"template":"highway","default_image_id":0,"font":"","enabled":false},"version":2}},"categories":[2],"tags":[2465,819,69,748,70,605,2464,45,72,711],"class_list":["post-7028","post","type-post","status-publish","format-standard","has-post-thumbnail","hentry","category-politica","tag-concejal","tag-denuncia","tag-derechos","tag-genero","tag-justicia","tag-libertarios","tag-lobos","tag-milei","tag-politica","tag-violencia"],"jetpack_publicize_connections":[],"_links":{"self":[{"href":"https:\/\/www.enorsai.com\/noticias\/wp-json\/wp\/v2\/posts\/7028","targetHints":{"allow":["GET"]}}],"collection":[{"href":"https:\/\/www.enorsai.com\/noticias\/wp-json\/wp\/v2\/posts"}],"about":[{"href":"https:\/\/www.enorsai.com\/noticias\/wp-json\/wp\/v2\/types\/post"}],"author":[{"embeddable":true,"href":"https:\/\/www.enorsai.com\/noticias\/wp-json\/wp\/v2\/users\/1"}],"replies":[{"embeddable":true,"href":"https:\/\/www.enorsai.com\/noticias\/wp-json\/wp\/v2\/comments?post=7028"}],"version-history":[{"count":1,"href":"https:\/\/www.enorsai.com\/noticias\/wp-json\/wp\/v2\/posts\/7028\/revisions"}],"predecessor-version":[{"id":7030,"href":"https:\/\/www.enorsai.com\/noticias\/wp-json\/wp\/v2\/posts\/7028\/revisions\/7030"}],"wp:featuredmedia":[{"embeddable":true,"href":"https:\/\/www.enorsai.com\/noticias\/wp-json\/wp\/v2\/media\/7029"}],"wp:attachment":[{"href":"https:\/\/www.enorsai.com\/noticias\/wp-json\/wp\/v2\/media?parent=7028"}],"wp:term":[{"taxonomy":"category","embeddable":true,"href":"https:\/\/www.enorsai.com\/noticias\/wp-json\/wp\/v2\/categories?post=7028"},{"taxonomy":"post_tag","embeddable":true,"href":"https:\/\/www.enorsai.com\/noticias\/wp-json\/wp\/v2\/tags?post=7028"}],"curies":[{"name":"wp","href":"https:\/\/api.w.org\/{rel}","templated":true}]}}