{"id":7018,"date":"2025-08-01T08:20:49","date_gmt":"2025-08-01T11:20:49","guid":{"rendered":"https:\/\/www.enorsai.com\/noticias\/?p=7018"},"modified":"2025-08-01T08:20:49","modified_gmt":"2025-08-01T11:20:49","slug":"la-radio-de-la-ungs-cumple-12-anos-y-lo-celebra-con-una-jornada-de-comunicacion","status":"publish","type":"post","link":"https:\/\/www.enorsai.com\/noticias\/cultura\/la-radio-de-la-ungs-cumple-12-anos-y-lo-celebra-con-una-jornada-de-comunicacion\/","title":{"rendered":"La radio de la UNGS cumple 12 a\u00f1os y lo celebra con una jornada de comunicaci\u00f3n"},"content":{"rendered":"\n<p><strong><em>El 1\u00ba de agosto La Uni Radio (FM 91.7), la radio de la Universidad Nacional de General Sarmiento (UNGS), cumple 12 a\u00f1os acompa\u00f1ando los procesos sociales, pol\u00edticos y culturales del territorio desde una perspectiva universitaria, comunitaria y conurbana. Para celebrarlo, se realizar\u00e1n dos actividades abiertas a la comunidad que combinan reflexi\u00f3n, arte y humor.<\/em><\/strong><\/p>\n\n\n\n<p>El jueves 28 de agosto tendr\u00e1n lugar las <a href=\"https:\/\/www.ungs.edu.ar\/evento\/jornada-conurbana-de-comunicacion-comunitaria-y-periodismo\" data-type=\"link\" data-id=\"https:\/\/www.ungs.edu.ar\/evento\/jornada-conurbana-de-comunicacion-comunitaria-y-periodismo\">Jornadas Conurbanas de Comunicaci\u00f3n Comunitaria y Periodismo<\/a>, con la participaci\u00f3n de integrantes de diversos medios como Cenital, Tiempo Argentino, Ladran Sancho, Canal 9 &#8211; IP Noticias, Latfem, Ahijuna, UNQ Radio, FM En Tr\u00e1nsito y Enganchate Rock.<\/p>\n\n\n\n<p>Adem\u00e1s, el s\u00e1bado 18 de octubre, se presentar\u00e1 en la UNGS la reconocida compa\u00f1\u00eda de teatro Bla Bla &amp; C\u00eda con su obra \u201cModelo Vivo Muerto\u201d, una comedia policial delirante. Desde su estreno en 2023, la obra lleva m\u00e1s de 170 funciones en escenarios de todo el pa\u00eds y el exterior. Adem\u00e1s, fue reconocida con los premios Mart\u00edn Fierro Teatro 2025, Mar\u00eda Guerrero y Teatro del Mundo.<\/p>\n\n\n\n<p>En un contexto nacional de profundos desaf\u00edos para los medios p\u00fablicos, La Uni Radio, que en 2025 implement\u00f3 el streaming y desde 2024 forma parte de la cadena CRUCE, reafirma su compromiso con la democratizaci\u00f3n de la palabra, el derecho a la comunicaci\u00f3n y el fortalecimiento del entramado cultural y comunitario del conurbano bonaerense.<\/p>\n\n\n\n<p>Desde 2013, la radio de la UNGS ha sido una plataforma de formaci\u00f3n, participaci\u00f3n y experimentaci\u00f3n para estudiantes, docentes, integrantes de organizaciones sociales y artistas. En sus 12 a\u00f1os, construy\u00f3 una identidad propia que combina rigor, cercan\u00eda y creatividad, con los pies en el territorio y la mirada en lo colectivo.<\/p>\n\n\n\n<p>Por Prensa UNGS<\/p>\n","protected":false},"excerpt":{"rendered":"<p>El 1\u00ba de agosto La Uni Radio (FM 91.7), la radio de la Universidad Nacional de General Sarmiento (UNGS), cumple 12 a\u00f1os acompa\u00f1ando los procesos sociales, pol\u00edticos y culturales del territorio desde una perspectiva universitaria, comunitaria y conurbana. Para celebrarlo, se realizar\u00e1n dos actividades abiertas a la comunidad que combinan reflexi\u00f3n, arte y humor. El&#8230;<\/p>\n","protected":false},"author":5,"featured_media":7019,"comment_status":"open","ping_status":"open","sticky":false,"template":"","format":"standard","meta":{"_monsterinsights_skip_tracking":false,"_monsterinsights_sitenote_active":false,"_monsterinsights_sitenote_note":"","_monsterinsights_sitenote_category":0,"footnotes":"","jetpack_publicize_message":"","jetpack_publicize_feature_enabled":true,"jetpack_social_post_already_shared":true,"jetpack_social_options":{"image_generator_settings":{"template":"highway","default_image_id":0,"font":"","enabled":false},"version":2}},"categories":[5],"tags":[2334,908],"class_list":["post-7018","post","type-post","status-publish","format-standard","has-post-thumbnail","hentry","category-cultura","tag-ungs","tag-universidades-publicas"],"jetpack_publicize_connections":[],"_links":{"self":[{"href":"https:\/\/www.enorsai.com\/noticias\/wp-json\/wp\/v2\/posts\/7018","targetHints":{"allow":["GET"]}}],"collection":[{"href":"https:\/\/www.enorsai.com\/noticias\/wp-json\/wp\/v2\/posts"}],"about":[{"href":"https:\/\/www.enorsai.com\/noticias\/wp-json\/wp\/v2\/types\/post"}],"author":[{"embeddable":true,"href":"https:\/\/www.enorsai.com\/noticias\/wp-json\/wp\/v2\/users\/5"}],"replies":[{"embeddable":true,"href":"https:\/\/www.enorsai.com\/noticias\/wp-json\/wp\/v2\/comments?post=7018"}],"version-history":[{"count":1,"href":"https:\/\/www.enorsai.com\/noticias\/wp-json\/wp\/v2\/posts\/7018\/revisions"}],"predecessor-version":[{"id":7020,"href":"https:\/\/www.enorsai.com\/noticias\/wp-json\/wp\/v2\/posts\/7018\/revisions\/7020"}],"wp:featuredmedia":[{"embeddable":true,"href":"https:\/\/www.enorsai.com\/noticias\/wp-json\/wp\/v2\/media\/7019"}],"wp:attachment":[{"href":"https:\/\/www.enorsai.com\/noticias\/wp-json\/wp\/v2\/media?parent=7018"}],"wp:term":[{"taxonomy":"category","embeddable":true,"href":"https:\/\/www.enorsai.com\/noticias\/wp-json\/wp\/v2\/categories?post=7018"},{"taxonomy":"post_tag","embeddable":true,"href":"https:\/\/www.enorsai.com\/noticias\/wp-json\/wp\/v2\/tags?post=7018"}],"curies":[{"name":"wp","href":"https:\/\/api.w.org\/{rel}","templated":true}]}}