{"id":6993,"date":"2025-07-31T15:37:22","date_gmt":"2025-07-31T18:37:22","guid":{"rendered":"https:\/\/www.enorsai.com\/noticias\/?p=6993"},"modified":"2025-07-31T15:50:00","modified_gmt":"2025-07-31T18:50:00","slug":"el-ajuste-de-milei-pone-en-jaque-al-hospital-naval-cientos-de-despidos-y-riesgo-de-cierre","status":"publish","type":"post","link":"https:\/\/www.enorsai.com\/noticias\/sociedad\/el-ajuste-de-milei-pone-en-jaque-al-hospital-naval-cientos-de-despidos-y-riesgo-de-cierre\/","title":{"rendered":"El ajuste de Milei pone en jaque al Hospital Naval: cientos de despidos y riesgo de cierre"},"content":{"rendered":"\n<p><strong><em>En el coraz\u00f3n de Buenos Aires, un s\u00edmbolo de la salud p\u00fablica y militar est\u00e1 siendo desmantelado bajo la l\u00f3gica implacable del ajuste libertario. La decisi\u00f3n de cerrar la Fundaci\u00f3n Sanidad Naval, sost\u00e9n econ\u00f3mico clave del Hospital Naval, pone en jaque su operatividad, arrastra cientos de despidos y abre la puerta a una privatizaci\u00f3n encubierta. La motosierra de Milei no distingue entre burocracia e infraestructura cr\u00edtica.<\/em><\/strong><\/p>\n\n\n\n<p>En medio del relato \u00e9pico de la motosierra, Javier Milei y su equipo ejecutan un plan de ajuste que arrasa con d\u00e9cadas de infraestructura estatal sin mirar las consecuencias. Ahora, le lleg\u00f3 el turno al Hospital Naval \u201cCirujano Mayor Dr. Pedro Mallo\u201d, una instituci\u00f3n de alta complejidad sanitaria que durante 40 a\u00f1os ha sido sin\u00f3nimo de excelencia m\u00e9dica y contenci\u00f3n social para el personal militar y sus familias.<\/p>\n\n\n\n<p>El conflicto estall\u00f3 tras la decisi\u00f3n del Ministerio de Defensa, conducido por Luis Petri, de avanzar con el cierre de la Fundaci\u00f3n Sanidad Naval (FUSANA). Esta fundaci\u00f3n, creada por la propia Armada y compuesta por personal retirado de la fuerza, funcionaba como una especie de cooperadora que aportaba alrededor del 40% de los recursos del hospital. No era un ente ajeno ni una estructura paralela: era un engranaje imprescindible para la operatividad cotidiana del centro de salud.<\/p>\n\n\n\n<p>El impacto de esta decisi\u00f3n es demoledor. M\u00e1s de 500 trabajadores \u2014entre m\u00e9dicos, enfermeros, camilleros y personal administrativo\u2014 est\u00e1n en riesgo de ser despedidos. Gente con a\u00f1os de servicio, con contratos estables a trav\u00e9s de la fundaci\u00f3n, ahora ve c\u00f3mo su v\u00ednculo con el hospital es recortado de un plumazo. A ellos se les niega no solo el futuro, sino incluso el derecho a la indemnizaci\u00f3n, porque el Estado \u2014que debi\u00f3 asumir esos puestos y nunca lo hizo\u2014 ahora se lava las manos y esconde la responsabilidad bajo el disfraz de la \u00abreestructuraci\u00f3n\u00bb.<\/p>\n\n\n\n<p>El relato oficial intenta desviar el foco. El comunicado del Ministerio de Defensa aclara que el paro no involucra al personal militar ni civil dependiente de la Armada, sino \u201cexclusivamente\u201d a los contratados por FUSANA. Pero esa aclaraci\u00f3n no explica ni justifica que durante a\u00f1os fue el propio Estado quien, por falta de voluntad o decisi\u00f3n pol\u00edtica, deleg\u00f3 en esa fundaci\u00f3n la contrataci\u00f3n de personal necesario para mantener operativo al hospital. Enfermeros, m\u00e9dicos de guardia, personal administrativo, facturistas\u2026 todos fueron incorporados por la fundaci\u00f3n porque el Estado no cumpl\u00eda con su parte.<\/p>\n\n\n\n<p>Esta maniobra, presentada como un simple \u00abajuste t\u00e9cnico\u00bb, es en realidad una jugada brutal: se destruye el entramado que sostiene un hospital de 400 camas con equipamiento de alta complejidad y se reemplaza \u2014o se intenta reemplazar\u2014 con una empresa privada. \u00bfQui\u00e9n est\u00e1 detr\u00e1s de esta nueva firma? \u00bfQu\u00e9 intereses la impulsan? Nadie lo explica, nadie da la cara. La sombra de la privatizaci\u00f3n sobrevuela, aunque desde adentro prefieren hablar de \u201cvaciamiento\u201d. Pero la consecuencia es la misma: menos atenci\u00f3n, menos calidad, menos acceso.<\/p>\n\n\n\n<figure class=\"wp-block-embed is-type-video is-provider-youtube wp-block-embed-youtube wp-embed-aspect-16-9 wp-has-aspect-ratio\"><div class=\"wp-block-embed__wrapper\">\n<iframe loading=\"lazy\" title=\"PARO y PROTESTA en el HOSPITAL NAVAL\" width=\"640\" height=\"360\" src=\"https:\/\/www.youtube.com\/embed\/LGU84QsJPFY?start=1&#038;feature=oembed\" frameborder=\"0\" allow=\"accelerometer; autoplay; clipboard-write; encrypted-media; gyroscope; picture-in-picture; web-share\" referrerpolicy=\"strict-origin-when-cross-origin\" allowfullscreen><\/iframe>\n<\/div><\/figure>\n\n\n\n<p>\u201cEsto es un Mercedes-Benz, y lo quieren transformar en una salita de primeros auxilios\u201d, dijo con crudeza uno de los m\u00e9dicos del hospital, con m\u00e1s de 40 a\u00f1os de experiencia. Esa frase resume la gravedad del asunto. Porque un hospital no es una f\u00e1brica de tornillos: no se improvisa, no se terceriza sin consecuencias. Si se deja de operar, si se cierran quir\u00f3fanos, si los cirujanos pasan de hacer 80 intervenciones al mes a apenas 20, el saber acumulado se diluye, se pierde. Y con \u00e9l, la salud de miles de personas.<\/p>\n\n\n\n<p>El personal m\u00e9dico no fue consultado. La Armada \u2014seg\u00fan relatan los propios profesionales\u2014 busc\u00f3 asesoramiento en gente \u201cque no estaba al tanto de c\u00f3mo funciona un hospital\u201d. Una decisi\u00f3n tomada desde escritorios alejados de la trinchera, sin di\u00e1logo, sin diagn\u00f3stico, sin sensibilidad. Se trata de una medida que no busca eficiencia, sino cumplir a rajatabla con una doctrina ideol\u00f3gica que desprecia lo p\u00fablico y glorifica el mercado, aunque eso signifique degradar un centro sanitario de referencia en el pa\u00eds.<\/p>\n\n\n\n<p>Incluso los m\u00e9dicos reconocen que la fundaci\u00f3n no daba p\u00e9rdidas, que funcionaba, que manten\u00eda al hospital en condiciones \u00f3ptimas. No era un gasto: era inversi\u00f3n encubierta en salud p\u00fablica. Pero eso parece irrelevante frente al dogma del \u201cEstado m\u00ednimo\u201d. El resultado previsible es la precarizaci\u00f3n total de la atenci\u00f3n. Porque si no hay plata para indemnizaciones, mucho menos la habr\u00e1 para reemplazar adecuadamente a los 500 despedidos.<\/p>\n\n\n\n<p>La situaci\u00f3n recuerda a los momentos m\u00e1s oscuros de la desinversi\u00f3n en salud. Como relat\u00f3 uno de los m\u00e9dicos, hubo \u00e9pocas en que no hab\u00eda dinero para la comida de los residentes. Hoy, con un gobierno que se dice libertario pero opera con la l\u00f3gica de la motosierra indiscriminada, el escenario es a\u00fan m\u00e1s crudo: el desmantelamiento progresivo de un hospital emblem\u00e1tico, en nombre de un ajuste que se cobra vidas, no solo empleos.<\/p>\n\n\n\n<p>El vaciamiento no es solo presupuestario: es institucional. La YOSFA, la obra social del personal militar, tambi\u00e9n entra en crisis. Se multiplican los cambios de autoridades, se acumulan deudas y se pierde la br\u00fajula en la gesti\u00f3n. La medicina de calidad, esa que cuesta cara pero salva vidas, est\u00e1 siendo arrasada por el mismo criterio que considera al paciente como un n\u00famero en una planilla de Excel.<\/p>\n\n\n\n<p>Todo esto sucede mientras el gobierno de Milei intenta mostrarse moderno, disruptivo, heroico. Pero los que enfrentan d\u00eda a d\u00eda la realidad del hospital, los que curan, los que operan, los que limpian, no ven hero\u00edsmo: ven abandono. Y no se callan. Por eso se organizan, protestan, paran. Porque lo que est\u00e1 en juego no es solo su fuente de trabajo, sino el futuro de un hospital que durante d\u00e9cadas fue orgullo de la sanidad naval argentina.<\/p>\n\n\n\n<p>Lo m\u00e1s doloroso es la falta de respuesta institucional. Nadie baja a explicar, a dialogar, a buscar soluciones. Todo se decide en silencio, con soberbia, como si gestionar fuera cortar por lo sano. Pero cortar por lo sano en un hospital es, literalmente, una sentencia de muerte.<\/p>\n\n\n\n<p>El Hospital Naval est\u00e1 en emergencia. Y no por falta de capacidad ni por errores propios, sino por una decisi\u00f3n pol\u00edtica que pone la motosierra donde m\u00e1s duele: en la salud p\u00fablica, en el coraz\u00f3n mismo del Estado. Mientras los funcionarios se lavan las manos y el Presidente tuitea sobre dragones imaginarios, en la vida real se est\u00e1 apagando una luz esencial. La pregunta es cu\u00e1ntos hospitales m\u00e1s deber\u00e1n caer antes de que la sociedad despierte.<\/p>\n\n\n\n<p><strong>Fuente:<\/strong><br><a class=\"\" href=\"https:\/\/www.youtube.com\/watch?v=LGU84QsJPFY\">https:\/\/www.youtube.com\/watch?v=LGU84QsJPFY<\/a><br><a class=\"\" href=\"https:\/\/www.enorsai.com\/noticias\/sociedad\/petri-avanza-con-el-cierre-del-hospital-naval-como-parte-del-plan-de-ajuste-de-javier-milei\/\">https:\/\/www.enorsai.com\/noticias\/sociedad\/petri-avanza-con-el-cierre-del-hospital-naval-como-parte-del-plan-de-ajuste-de-javier-milei\/<\/a><\/p>\n","protected":false},"excerpt":{"rendered":"<p>El cierre de la Fundaci\u00f3n Sanidad Naval amenaza con desmantelar el Hospital Naval, dejando sin empleo a 500 trabajadores y reduciendo su capacidad operativa. En nombre del ajuste, el gobierno de Javier Milei ejecuta una medida que pone en riesgo la salud p\u00fablica y privilegia intereses privados. La protesta ya comenz\u00f3.<\/p>\n","protected":false},"author":9,"featured_media":6994,"comment_status":"open","ping_status":"open","sticky":false,"template":"","format":"standard","meta":{"_monsterinsights_skip_tracking":false,"_monsterinsights_sitenote_active":false,"_monsterinsights_sitenote_note":"","_monsterinsights_sitenote_category":0,"footnotes":"","jetpack_publicize_message":"","jetpack_publicize_feature_enabled":true,"jetpack_social_post_already_shared":true,"jetpack_social_options":{"image_generator_settings":{"template":"highway","default_image_id":0,"font":"","enabled":false},"version":2}},"categories":[4],"tags":[58,43,1443,193,2435,2434,45,671,371,249],"class_list":["post-6993","post","type-post","status-publish","format-standard","has-post-thumbnail","hentry","category-sociedad","tag-ajuste","tag-crisis","tag-defensa","tag-despidos","tag-fundacion","tag-hospital-naval","tag-milei","tag-privatizacion","tag-protesta","tag-salud"],"jetpack_publicize_connections":[],"_links":{"self":[{"href":"https:\/\/www.enorsai.com\/noticias\/wp-json\/wp\/v2\/posts\/6993","targetHints":{"allow":["GET"]}}],"collection":[{"href":"https:\/\/www.enorsai.com\/noticias\/wp-json\/wp\/v2\/posts"}],"about":[{"href":"https:\/\/www.enorsai.com\/noticias\/wp-json\/wp\/v2\/types\/post"}],"author":[{"embeddable":true,"href":"https:\/\/www.enorsai.com\/noticias\/wp-json\/wp\/v2\/users\/9"}],"replies":[{"embeddable":true,"href":"https:\/\/www.enorsai.com\/noticias\/wp-json\/wp\/v2\/comments?post=6993"}],"version-history":[{"count":2,"href":"https:\/\/www.enorsai.com\/noticias\/wp-json\/wp\/v2\/posts\/6993\/revisions"}],"predecessor-version":[{"id":6996,"href":"https:\/\/www.enorsai.com\/noticias\/wp-json\/wp\/v2\/posts\/6993\/revisions\/6996"}],"wp:featuredmedia":[{"embeddable":true,"href":"https:\/\/www.enorsai.com\/noticias\/wp-json\/wp\/v2\/media\/6994"}],"wp:attachment":[{"href":"https:\/\/www.enorsai.com\/noticias\/wp-json\/wp\/v2\/media?parent=6993"}],"wp:term":[{"taxonomy":"category","embeddable":true,"href":"https:\/\/www.enorsai.com\/noticias\/wp-json\/wp\/v2\/categories?post=6993"},{"taxonomy":"post_tag","embeddable":true,"href":"https:\/\/www.enorsai.com\/noticias\/wp-json\/wp\/v2\/tags?post=6993"}],"curies":[{"name":"wp","href":"https:\/\/api.w.org\/{rel}","templated":true}]}}