{"id":6990,"date":"2025-07-31T14:02:12","date_gmt":"2025-07-31T17:02:12","guid":{"rendered":"https:\/\/www.enorsai.com\/noticias\/?p=6990"},"modified":"2025-07-31T14:02:12","modified_gmt":"2025-07-31T17:02:12","slug":"gustavo-cordoba-economia-bolsillo-politica","status":"publish","type":"post","link":"https:\/\/www.enorsai.com\/noticias\/politica\/gustavo-cordoba-economia-bolsillo-politica\/","title":{"rendered":"Gustavo C\u00f3rdoba: \u00abCuando la econom\u00eda impacta en el bolsillo, pasa a ser pol\u00edtica\u00bb"},"content":{"rendered":"\n<p>Gustavo C\u00f3rdoba: \u00abCuando la econom\u00eda impacta en el bolsillo, pasa a ser pol\u00edtica\u00bb<\/p>\n\n\n\n<p><em>Por Enorsai.com.ar<\/em><\/p>\n\n\n\n<p>En una profunda entrevista con LT8 Rosario, <strong>Gustavo C\u00f3rdoba<\/strong>, director de <strong>Zuban C\u00f3rdoba<\/strong>, present\u00f3 un an\u00e1lisis cr\u00edtico sobre el humor social y pol\u00edtico en Argentina. Con datos de una encuesta nacional, revel\u00f3 que la crisis econ\u00f3mica ya no es solo un problema macroecon\u00f3mico: se transform\u00f3 en un factor pol\u00edtico central.<\/p>\n\n\n\n<h2 class=\"wp-block-heading\">\u201cCuando la econom\u00eda impacta en el bolsillo, pasa a ser pol\u00edtica\u201d<\/h2>\n\n\n\n<p>As\u00ed lo afirm\u00f3 C\u00f3rdoba, quien destac\u00f3 que despu\u00e9s de a\u00f1os de ciclos econ\u00f3micos interrumpidos, los argentinos viven un profundo sentimiento de frustraci\u00f3n. \u201cHoy hay un malestar no en el mal humor generalizado, bien al punto tal que yo me atrever\u00eda a decirte que por primera vez hay mucha m\u00e1s gente en la vereda del frente de Milei que en la vereda del gobierno\u201d.<\/p>\n\n\n\n<h2 class=\"wp-block-heading\">El voto bronca ya no es en blanco: es no ir a votar<\/h2>\n\n\n\n<p>Uno de los datos m\u00e1s alarmantes es la deserci\u00f3n electoral. En nueve elecciones provinciales recientes, apenas un 30% del padr\u00f3n acudi\u00f3 a votar. \u201cEl nuevo voto bronca no es ya el votar en blanco o impugnar \u2014explic\u00f3 C\u00f3rdoba\u2014, sino el no ir a votar\u201d.<\/p>\n\n\n\n<h2 class=\"wp-block-heading\">Dos de cada tres argentinos dicen que su situaci\u00f3n empeor\u00f3<\/h2>\n\n\n\n<p>La encuesta revela que el 66% de los argentinos percibe que su situaci\u00f3n econ\u00f3mica ha empeorado. Las razones son m\u00faltiples:<\/p>\n\n\n\n<ul class=\"wp-block-list\">\n<li>P\u00e9rdida de empleo o reducci\u00f3n de ingresos<\/li>\n\n\n\n<li>Pluriempleo: dos o tres trabajos por persona<\/li>\n\n\n\n<li>Ca\u00edda en la calidad de vida<\/li>\n\n\n\n<li>Cambio en la dieta alimentaria<\/li>\n\n\n\n<li>Deficit alimentario incluso en sectores de clase media<\/li>\n<\/ul>\n\n\n\n<h2 class=\"wp-block-heading\">Una Argentina para el 15%, el 85% queda afuera<\/h2>\n\n\n\n<p>C\u00f3rdoba destac\u00f3 un fuerte diferencial social: solo el 15% de los argentinos puede ahorrar, comprar un auto importado, salir al exterior o comprar d\u00f3lares diariamente. El 85% restante no puede hacerlo. Y este abismo es el que est\u00e1 generando el malestar social.<\/p>\n\n\n\n<h2 class=\"wp-block-heading\">\u00bfClase media? Solo el 25% lo es, pero el 80% se percibe como tal<\/h2>\n\n\n\n<p>Un dato clave: seg\u00fan un informe de Oliveto, solo el <strong>25%<\/strong> de la poblaci\u00f3n argentina es clase media. Sin embargo, el <strong>80%<\/strong> se auto percibe como tal. \u201cImag\u00ednate ese diferencial \u2014dijo C\u00f3rdoba\u2014, tiene que haber alguna explicaci\u00f3n en alg\u00fan lado\u201d.<\/p>\n\n\n\n<h2 class=\"wp-block-heading\">Desigualdad: el gran tema oculto<\/h2>\n\n\n\n<p>\u201c\u00bfMilei y su gobierno est\u00e1n profundizando la desigualdad en la Argentina?\u201d, fue una de las preguntas clave de la encuesta. La respuesta es un eco del malestar: s\u00ed, la brecha se agranda, y ya es asumida por gran parte de la sociedad.<\/p>\n\n\n\n<h2 class=\"wp-block-heading\">Escenarios electorales: \u00bfse acerca la paridad?<\/h2>\n\n\n\n<p>C\u00f3rdoba plante\u00f3 dos escenarios para octubre:<\/p>\n\n\n\n<ul class=\"wp-block-list\">\n<li><strong>Si el gobierno logra estabilizar la econom\u00eda:<\/strong> podr\u00eda ganar con entre 40% y 45% de los votos.<\/li>\n\n\n\n<li><strong>Si el d\u00f3lar sigue alborotado y hay traslado a precios:<\/strong> el gobierno podr\u00eda quedarse entre 35% y 40%, y el peronismo tambi\u00e9n rondar\u00eda el 35%. Ser\u00eda una elecci\u00f3n mucho m\u00e1s pareja de lo que se cree hoy.<\/li>\n<\/ul>\n\n\n\n<p>\u201cOjal\u00e1 el gobierno encuentre el norte para tranquilizar un poco las aguas\u201d, concluy\u00f3 C\u00f3rdoba. Porque cuando la econom\u00eda se derrumba, no solo cae el PBI: cae tambi\u00e9n la gobernabilidad.<\/p>\n\n\n\n<p>\u00bfQuieres publicitar en un medio cr\u00edtico, independiente y con alcance internacional?  Cont\u00e1ctanos: <a href=\"mailto:enorsaionline@gmail.com\">enorsaionline@gmail.com<\/a><\/p>\n\n\n\n<p><\/p>\n","protected":false},"excerpt":{"rendered":"<p>Gustavo C\u00f3rdoba: \u00abCuando la econom\u00eda impacta en el bolsillo, pasa a ser pol\u00edtica\u00bb Por Enorsai.com.ar En una profunda entrevista con LT8 Rosario, Gustavo C\u00f3rdoba, director de Zuban C\u00f3rdoba, present\u00f3 un an\u00e1lisis cr\u00edtico sobre el humor social y pol\u00edtico en Argentina. Con datos de una encuesta nacional, revel\u00f3 que la crisis econ\u00f3mica ya no es solo&#8230;<\/p>\n","protected":false},"author":4,"featured_media":6991,"comment_status":"open","ping_status":"open","sticky":false,"template":"","format":"standard","meta":{"_monsterinsights_skip_tracking":false,"_monsterinsights_sitenote_active":false,"_monsterinsights_sitenote_note":"","_monsterinsights_sitenote_category":0,"footnotes":"","jetpack_publicize_message":"Gustavo C\u00f3rdoba analiza c\u00f3mo la crisis econ\u00f3mica se transform\u00f3 en malestar pol\u00edtico. Dos de cada tres argentinos dicen que su situaci\u00f3n empeor\u00f3.","jetpack_publicize_feature_enabled":true,"jetpack_social_post_already_shared":false,"jetpack_social_options":{"image_generator_settings":{"template":"highway","default_image_id":0,"enabled":false},"version":2}},"categories":[3,2],"tags":[179,34,1411,444,2433,2059],"class_list":["post-6990","post","type-post","status-publish","format-standard","has-post-thumbnail","hentry","category-economia","category-politica","tag-crisis-economica","tag-desigualdad","tag-elecciones-2025","tag-gustavo-cordoba","tag-gustavo-cordoba-encuesta-elecciones","tag-zuban-cordoba"],"jetpack_publicize_connections":[],"_links":{"self":[{"href":"https:\/\/www.enorsai.com\/noticias\/wp-json\/wp\/v2\/posts\/6990","targetHints":{"allow":["GET"]}}],"collection":[{"href":"https:\/\/www.enorsai.com\/noticias\/wp-json\/wp\/v2\/posts"}],"about":[{"href":"https:\/\/www.enorsai.com\/noticias\/wp-json\/wp\/v2\/types\/post"}],"author":[{"embeddable":true,"href":"https:\/\/www.enorsai.com\/noticias\/wp-json\/wp\/v2\/users\/4"}],"replies":[{"embeddable":true,"href":"https:\/\/www.enorsai.com\/noticias\/wp-json\/wp\/v2\/comments?post=6990"}],"version-history":[{"count":1,"href":"https:\/\/www.enorsai.com\/noticias\/wp-json\/wp\/v2\/posts\/6990\/revisions"}],"predecessor-version":[{"id":6992,"href":"https:\/\/www.enorsai.com\/noticias\/wp-json\/wp\/v2\/posts\/6990\/revisions\/6992"}],"wp:featuredmedia":[{"embeddable":true,"href":"https:\/\/www.enorsai.com\/noticias\/wp-json\/wp\/v2\/media\/6991"}],"wp:attachment":[{"href":"https:\/\/www.enorsai.com\/noticias\/wp-json\/wp\/v2\/media?parent=6990"}],"wp:term":[{"taxonomy":"category","embeddable":true,"href":"https:\/\/www.enorsai.com\/noticias\/wp-json\/wp\/v2\/categories?post=6990"},{"taxonomy":"post_tag","embeddable":true,"href":"https:\/\/www.enorsai.com\/noticias\/wp-json\/wp\/v2\/tags?post=6990"}],"curies":[{"name":"wp","href":"https:\/\/api.w.org\/{rel}","templated":true}]}}