{"id":6978,"date":"2025-07-31T11:31:20","date_gmt":"2025-07-31T14:31:20","guid":{"rendered":"https:\/\/www.enorsai.com\/noticias\/?p=6978"},"modified":"2025-07-31T11:52:03","modified_gmt":"2025-07-31T14:52:03","slug":"alberto-gentili-y-el-silencio-de-la-procuvin-ante-la-violenta-represion-a-la-prensa","status":"publish","type":"post","link":"https:\/\/www.enorsai.com\/noticias\/politica\/alberto-gentili-y-el-silencio-de-la-procuvin-ante-la-violenta-represion-a-la-prensa\/","title":{"rendered":"Alberto Gentili y el silencio de la Procuvin ante la violenta represi\u00f3n a la prensa"},"content":{"rendered":"\n<p><strong>Un violento operativo policial termin\u00f3 con trabajadores de prensa agredidos sin causa y con una fiscal\u00eda federal, que deber\u00eda accionar ante casos de violencia institucional, en completo silencio. La represi\u00f3n no discrimina. Ni c\u00e1maras, ni micr\u00f3fonos, ni credenciales bastaron para frenar los tiros a quemarropa que la Polic\u00eda de la Ciudad descarg\u00f3 sobre periodistas durante una cobertura. Mientras tanto, la Procuradur\u00eda de Violencia Institucional, dirigida por Alberto Gentili, brilla por su ausencia. Una nueva postal de un pa\u00eds donde protestar es delito y el periodismo, objetivo militar.<\/strong><\/p>\n\n\n\n<p>El 30 de julio qued\u00f3 sellado como otro cap\u00edtulo oscuro en la ya extensa saga de represi\u00f3n desatada por el gobierno de Javier Milei. En una postal que recuerda las peores \u00e9pocas del autoritarismo argentino, trabajadores de prensa fueron agredidos brutalmente por la Polic\u00eda de la Ciudad mientras cubr\u00edan una protesta frente al Congreso Nacional. El periodista Nicol\u00e1s Munaf\u00f3 fue uno de ellos. Y su relato hiela la sangre.<\/p>\n\n\n\n<p>No hubo empujones previos. No hubo advertencias. Solo hubo tiros. \u00abNos dispararon directamente al cuerpo\u00bb, relat\u00f3 Munaf\u00f3. Sin que existiera un solo indicio de provocaci\u00f3n, los efectivos apuntaron con armas de balas de goma al torso y las piernas del equipo de televisi\u00f3n que simplemente registraba lo que suced\u00eda en la calle. La escena fue tan grotesca como elocuente: gases, escudos, balas al cuerpo de un periodista claramente identificado con micr\u00f3fono en mano. \u00bfEl crimen? Mostrar c\u00f3mo la polic\u00eda disparaba por la espalda a manifestantes desarmados.<\/p>\n\n\n\n<p>Pero lo m\u00e1s alarmante no es solamente la violencia, sino el contexto en que ocurre. Porque, mientras las fuerzas de seguridad act\u00faan como si la represi\u00f3n fuera parte de un reality show represivo semanal, quienes deber\u00edan actuar para proteger los derechos ciudadanos eligen callar. En esta ocasi\u00f3n, el silencio m\u00e1s ensordecedor vino de parte de la Procuradur\u00eda de Violencia Institucional (Procuvin), encabezada por Alberto Adri\u00e1n Mar\u00eda Gentili.<\/p>\n\n\n<div class=\"wp-block-image\">\n<figure class=\"aligncenter size-full\"><img loading=\"lazy\" decoding=\"async\" width=\"1640\" height=\"924\" src=\"https:\/\/www.enorsai.com\/noticias\/wp-content\/uploads\/2025\/07\/EnOrsai-2025-07-31T110712.992.png\" alt=\"\" class=\"wp-image-6980\"\/><\/figure>\n<\/div>\n\n\n<p>\u00bfQui\u00e9n es Gentili? Un abogado cuya carrera como fiscal federal pareciera m\u00e1s inspirada en los libretos de una serie de Netflix sobre narcos y karaokes que en el respeto por los derechos humanos. Seg\u00fan informaci\u00f3n publicada por <em>El Destape<\/em>, su designaci\u00f3n al frente de la Procuvin estuvo plagada de irregularidades. Eduardo Casal, procurador interino desde hace a\u00f1os, lo nombr\u00f3 de manera interina, sin concurso ni discusi\u00f3n p\u00fablica. Un ascenso sospechoso para alguien que supo compartir noches de karaoke con abogados de narcos y que, como fiscal, firm\u00f3 fallos cuestionables en causas de violencia institucional.<\/p>\n\n\n\n<p>En sus propias palabras, Gentili asegur\u00f3 en una entrevista con <em>P\u00e1gina\/12<\/em> que \u201cno hay mejor manera de luchar contra la violencia institucional que reconoci\u00e9ndola\u201d. Pero hoy, cuando la violencia institucional se descarga contra trabajadores de prensa a plena luz del d\u00eda y ante las c\u00e1maras, el titular de la Procuvin parece haber perdido la voz. Ni una intervenci\u00f3n. Ni un comunicado. Ni una investigaci\u00f3n de oficio. Nada.<\/p>\n\n\n\n<p>El nivel de impunidad es tal que un periodista puede ser baleado por la espalda, a cinco cent\u00edmetros de distancia, sin que ni un solo fiscal se digne a tomar cartas en el asunto. \u00bfQu\u00e9 espera Gentili? \u00bfQue haya un muerto? La pregunta no es caprichosa. El propio Munaf\u00f3 lo dijo con crudeza: \u201cHasta que no maten a alguien, no van a parar\u201d. Y su advertencia no es exagerada: Pablo Grillo, otro manifestante baleado en marzo, hoy se encuentra en rehabilitaci\u00f3n permanente por las secuelas de la represi\u00f3n. Otro joven perdi\u00f3 el 40% de la visi\u00f3n de un ojo. \u00bfQui\u00e9n ser\u00e1 el pr\u00f3ximo?<\/p>\n\n\n<div class=\"wp-block-image\">\n<figure class=\"aligncenter size-full\"><img loading=\"lazy\" decoding=\"async\" width=\"1640\" height=\"924\" src=\"https:\/\/www.enorsai.com\/noticias\/wp-content\/uploads\/2025\/07\/EnOrsai-2025-07-31T110829.302.png\" alt=\"\" class=\"wp-image-6981\"\/><\/figure>\n<\/div>\n\n\n<p>La l\u00f3gica represiva se vuelve cada vez m\u00e1s desquiciada. El Congreso estaba vallado. Las calles ya estaban cortadas por la propia polic\u00eda. No hab\u00eda circulaci\u00f3n, no hab\u00eda tr\u00e1nsito interrumpido. El art\u00edculo 194 del C\u00f3digo Penal, que se utiliza para justificar cada operativo, ni siquiera aplicaba. La calle ya estaba cerrada por decisi\u00f3n oficial. Entonces, \u00bfpor qu\u00e9 disparar? \u00bfPor qu\u00e9 avanzar sobre los periodistas? \u00bfPor qu\u00e9 sembrar el miedo? La respuesta es clara: se busca criminalizar la protesta, desalentar la movilizaci\u00f3n, intimidar a quienes pretenden ejercer su derecho constitucional a reclamar.<\/p>\n\n\n\n<p>Y en ese juego del terror planificado, el periodismo libre tambi\u00e9n se ha convertido en enemigo. Ya no importa si ten\u00e9s credencial, si llev\u00e1s un micr\u00f3fono o una c\u00e1mara. Sos objetivo. Y si mostr\u00e1s demasiado, si revel\u00e1s c\u00f3mo le disparan por la espalda a un pibe con campera clara, entonces vas a recibir un balazo vos tambi\u00e9n.<\/p>\n\n\n\n<p>Lo que resulta inaceptable, y a la vez profundamente revelador, es que el sistema judicial mire para otro lado. \u00bfC\u00f3mo puede ser que una agresi\u00f3n captada en vivo, con im\u00e1genes expl\u00edcitas, no active una sola fiscal\u00eda de oficio? \u00bfQu\u00e9 clase de garant\u00edas tiene un ciudadano com\u00fan si ni siquiera un periodista puede estar seguro mientras trabaja?<\/p>\n\n\n\n<figure class=\"wp-block-image size-full\"><img loading=\"lazy\" decoding=\"async\" width=\"1640\" height=\"924\" src=\"https:\/\/www.enorsai.com\/noticias\/wp-content\/uploads\/2025\/07\/EnOrsai-2025-07-31T113003.466.png\" alt=\"Alberto Adri\u00e1n Mar\u00eda Gentili al frente de la Procuradur\u00eda de Violencia Institucional (Procuvin)\" class=\"wp-image-6983\"\/><\/figure>\n\n\n\n<p class=\"has-small-font-size\"><strong>Alberto Adri\u00e1n Mar\u00eda Gentili se encuentra al frente de la Procuradur\u00eda de Violencia Institucional (Procuvin)<\/strong><\/p>\n\n\n\n<p>La Procuvin fue creada precisamente para intervenir ante este tipo de hechos. Para denunciar, para visibilizar, para impedir que el Estado cometa abusos contra su propia ciudadan\u00eda. Pero en la era Milei, la instituci\u00f3n que deber\u00eda estar en la primera l\u00ednea de defensa se esconde. Se vuelve c\u00f3mplice. El silencio de Gentili no es un error burocr\u00e1tico. Es una decisi\u00f3n pol\u00edtica. Es alineamiento con un gobierno que desprecia la protesta, demoniza al periodismo y premia a quienes empu\u00f1an armas contra su pueblo.<\/p>\n\n\n\n<p>No es la primera vez que pasa, y si nadie act\u00faa, no ser\u00e1 la \u00faltima. El mensaje es claro: quien salga a protestar, ser\u00e1 golpeado. Quien salga a filmar, ser\u00e1 disparado. Quien pretenda denunciar, ser\u00e1 ignorado por la justicia.<\/p>\n\n\n\n<p>A este ritmo, la pregunta no es si habr\u00e1 un muerto. La pregunta es cu\u00e1ndo.<\/p>\n\n\n\n<p><strong>Fuente:<\/strong><br><a href=\"https:\/\/www.youtube.com\/watch?v=jTDk5CswBVk\">https:\/\/www.youtube.com\/watch?v=jTDk5CswBVk<\/a><br><a href=\"https:\/\/www.pagina12.com.ar\/435376-para-luchar-contra-la-violencia-institucional-nada-mejor-que\">https:\/\/www.pagina12.com.ar\/435376-para-luchar-contra-la-violencia-institucional-nada-mejor-que<\/a><br><a href=\"https:\/\/www.eldestapeweb.com\/politica\/eduardo-casal\/fiscal-gentili-de-un-karaoke-con-abogado-de-narcos-a-la-procuraduria-contra-la-violencia-institucional-202278850\">https:\/\/www.eldestapeweb.com\/politica\/eduardo-casal\/fiscal-gentili-de-un-karaoke-con-abogado-de-narcos-a-la-procuraduria-contra-la-violencia-institucional-202278850<\/a><\/p>\n","protected":false},"excerpt":{"rendered":"<p>Un periodista fue baleado por la Polic\u00eda de la Ciudad mientras cubr\u00eda una protesta pac\u00edfica, y la Procuradur\u00eda de Violencia Institucional, a cargo de Alberto Gentili, no movi\u00f3 un dedo. La represi\u00f3n se institucionaliza, el silencio judicial se vuelve c\u00f3mplice, y el periodismo se transforma en blanco de la represi\u00f3n estatal.<\/p>\n","protected":false},"author":2,"featured_media":6982,"comment_status":"open","ping_status":"open","sticky":false,"template":"","format":"standard","meta":{"_monsterinsights_skip_tracking":false,"_monsterinsights_sitenote_active":false,"_monsterinsights_sitenote_note":"","_monsterinsights_sitenote_category":0,"footnotes":"","jetpack_publicize_message":"","jetpack_publicize_feature_enabled":true,"jetpack_social_post_already_shared":true,"jetpack_social_options":{"image_generator_settings":{"template":"highway","default_image_id":0,"font":"","enabled":false},"version":2}},"categories":[2],"tags":[93,804,504,209,178,45,1343,1344,365,711],"class_list":["post-6978","post","type-post","status-publish","format-standard","has-post-thumbnail","hentry","category-politica","tag-argentina","tag-autoritarismo","tag-censura","tag-democracia","tag-medios","tag-milei","tag-periodismo","tag-prensa","tag-represion","tag-violencia"],"jetpack_publicize_connections":[],"_links":{"self":[{"href":"https:\/\/www.enorsai.com\/noticias\/wp-json\/wp\/v2\/posts\/6978","targetHints":{"allow":["GET"]}}],"collection":[{"href":"https:\/\/www.enorsai.com\/noticias\/wp-json\/wp\/v2\/posts"}],"about":[{"href":"https:\/\/www.enorsai.com\/noticias\/wp-json\/wp\/v2\/types\/post"}],"author":[{"embeddable":true,"href":"https:\/\/www.enorsai.com\/noticias\/wp-json\/wp\/v2\/users\/2"}],"replies":[{"embeddable":true,"href":"https:\/\/www.enorsai.com\/noticias\/wp-json\/wp\/v2\/comments?post=6978"}],"version-history":[{"count":6,"href":"https:\/\/www.enorsai.com\/noticias\/wp-json\/wp\/v2\/posts\/6978\/revisions"}],"predecessor-version":[{"id":6989,"href":"https:\/\/www.enorsai.com\/noticias\/wp-json\/wp\/v2\/posts\/6978\/revisions\/6989"}],"wp:featuredmedia":[{"embeddable":true,"href":"https:\/\/www.enorsai.com\/noticias\/wp-json\/wp\/v2\/media\/6982"}],"wp:attachment":[{"href":"https:\/\/www.enorsai.com\/noticias\/wp-json\/wp\/v2\/media?parent=6978"}],"wp:term":[{"taxonomy":"category","embeddable":true,"href":"https:\/\/www.enorsai.com\/noticias\/wp-json\/wp\/v2\/categories?post=6978"},{"taxonomy":"post_tag","embeddable":true,"href":"https:\/\/www.enorsai.com\/noticias\/wp-json\/wp\/v2\/tags?post=6978"}],"curies":[{"name":"wp","href":"https:\/\/api.w.org\/{rel}","templated":true}]}}