{"id":6968,"date":"2025-07-31T09:15:05","date_gmt":"2025-07-31T12:15:05","guid":{"rendered":"https:\/\/www.enorsai.com\/noticias\/?p=6968"},"modified":"2025-07-31T09:15:05","modified_gmt":"2025-07-31T12:15:05","slug":"total-debacle-del-turismo-interno-cayo-un-8-en-el-partido-de-la-costa","status":"publish","type":"post","link":"https:\/\/www.enorsai.com\/noticias\/economia\/total-debacle-del-turismo-interno-cayo-un-8-en-el-partido-de-la-costa\/","title":{"rendered":"Total debacle del turismo interno: cay\u00f3 un 8% en el Partido de La Costa"},"content":{"rendered":"\n<p><em><strong>El secretario de Turismo, Desarrollo Sostenible y Marketing del Partido de La Costa, Lic. Cristian Escudero, confirm\u00f3 que el distrito registra una baja del 8% en el arribo de turistas durante la primera semana de vacaciones de invierno en comparaci\u00f3n con el mismo per\u00edodo del a\u00f1o pasado. Aunque hubo un repunte en la ocupaci\u00f3n hotelera durante el fin de semana, la ca\u00edda en el flujo tur\u00edstico preocupa, en l\u00ednea con lo que sucede en distintos destinos del pa\u00eds.<\/strong><\/em><\/p>\n\n\n\n<p>\u201cEl impacto negativo se refleja especialmente en la hoteler\u00eda\u201d, explic\u00f3 Escudero en di\u00e1logo con el medio Opini\u00f3n. A su vez, advirti\u00f3 que muchos de los visitantes que llegan a la zona son propietarios no residentes, lo que incide en el bajo nivel de consumo y afecta a\u00fan m\u00e1s al sector tur\u00edstico formal.<\/p>\n\n\n\n<p>Desde el \u00e1rea municipal indicaron que esta situaci\u00f3n ya fue abordada junto al resto de los representantes del sector en una reuni\u00f3n del Coprotur, realizada recientemente en Mar del Plata, donde se evidenci\u00f3 que no se visualiza una recuperaci\u00f3n del movimiento tur\u00edstico a nivel nacional, lo que mantiene la preocupaci\u00f3n del sector hotelero.<\/p>\n\n\n\n<p>Frente a este escenario, desde el Municipio se eval\u00faan estrategias para incentivar la actividad. Escudero adelant\u00f3 que se trabaja con el intendente Juan de Jes\u00fas y el Ente de Desarrollo Tur\u00edstico (Edetur) en una campa\u00f1a de preventa anticipada para el verano, que buscar\u00e1 involucrar a los bancos con propuestas de financiaci\u00f3n y descuentos para promover la planificaci\u00f3n temprana de las vacaciones.<\/p>\n\n\n\n<p>A pesar de la baja afluencia tur\u00edstica, el funcionario destac\u00f3 el \u00e9xito de la 11\u00aa Fiesta del Alfajor Costero, que se consolida como una propuesta atractiva y articulada entre el Estado municipal y el sector privado. Para facilitar la participaci\u00f3n, se ofrecieron micros gratuitos desde distintas localidades, y se eval\u00faa la posibilidad de implementar un bus tur\u00edstico para pr\u00f3ximos fines de semana largos.<\/p>\n\n\n\n<p>Gesti\u00f3n por los feriados puente<\/p>\n\n\n\n<p>Adem\u00e1s, Escudero se refiri\u00f3 a las gestiones en curso para recuperar feriados puente, en especial el del 12 de octubre, clave para el turismo local. Seg\u00fan explic\u00f3, el Gobierno nacional a\u00fan no ha dado se\u00f1ales favorables y existe el temor de que, aunque se apruebe en Diputados, sea vetado posteriormente.<\/p>\n\n\n\n<p>Elecciones determinantes<\/p>\n\n\n\n<p>Finalmente, el funcionario remarc\u00f3 que las elecciones del 7 de septiembre ser\u00e1n determinantes para revertir el escenario econ\u00f3mico actual. \u201cEs con el voto que podemos cambiar esta realidad. Esa es nuestra herramienta para transformar lo que estamos viviendo\u201d, concluy\u00f3.<\/p>\n\n\n\n<p>Por InfoGEI<\/p>\n","protected":false},"excerpt":{"rendered":"<p>El secretario de Turismo, Desarrollo Sostenible y Marketing del Partido de La Costa, Lic. Cristian Escudero, confirm\u00f3 que el distrito registra una baja del 8% en el arribo de turistas durante la primera semana de vacaciones de invierno en comparaci\u00f3n con el mismo per\u00edodo del a\u00f1o pasado. Aunque hubo un repunte en la ocupaci\u00f3n hotelera&#8230;<\/p>\n","protected":false},"author":5,"featured_media":6970,"comment_status":"open","ping_status":"open","sticky":false,"template":"","format":"standard","meta":{"_monsterinsights_skip_tracking":false,"_monsterinsights_sitenote_active":false,"_monsterinsights_sitenote_note":"","_monsterinsights_sitenote_category":0,"footnotes":"","jetpack_publicize_message":"","jetpack_publicize_feature_enabled":true,"jetpack_social_post_already_shared":true,"jetpack_social_options":{"image_generator_settings":{"template":"highway","default_image_id":0,"font":"","enabled":false},"version":2}},"categories":[3],"tags":[58,43,15],"class_list":["post-6968","post","type-post","status-publish","format-standard","has-post-thumbnail","hentry","category-economia","tag-ajuste","tag-crisis","tag-economia"],"jetpack_publicize_connections":[],"_links":{"self":[{"href":"https:\/\/www.enorsai.com\/noticias\/wp-json\/wp\/v2\/posts\/6968","targetHints":{"allow":["GET"]}}],"collection":[{"href":"https:\/\/www.enorsai.com\/noticias\/wp-json\/wp\/v2\/posts"}],"about":[{"href":"https:\/\/www.enorsai.com\/noticias\/wp-json\/wp\/v2\/types\/post"}],"author":[{"embeddable":true,"href":"https:\/\/www.enorsai.com\/noticias\/wp-json\/wp\/v2\/users\/5"}],"replies":[{"embeddable":true,"href":"https:\/\/www.enorsai.com\/noticias\/wp-json\/wp\/v2\/comments?post=6968"}],"version-history":[{"count":1,"href":"https:\/\/www.enorsai.com\/noticias\/wp-json\/wp\/v2\/posts\/6968\/revisions"}],"predecessor-version":[{"id":6971,"href":"https:\/\/www.enorsai.com\/noticias\/wp-json\/wp\/v2\/posts\/6968\/revisions\/6971"}],"wp:featuredmedia":[{"embeddable":true,"href":"https:\/\/www.enorsai.com\/noticias\/wp-json\/wp\/v2\/media\/6970"}],"wp:attachment":[{"href":"https:\/\/www.enorsai.com\/noticias\/wp-json\/wp\/v2\/media?parent=6968"}],"wp:term":[{"taxonomy":"category","embeddable":true,"href":"https:\/\/www.enorsai.com\/noticias\/wp-json\/wp\/v2\/categories?post=6968"},{"taxonomy":"post_tag","embeddable":true,"href":"https:\/\/www.enorsai.com\/noticias\/wp-json\/wp\/v2\/tags?post=6968"}],"curies":[{"name":"wp","href":"https:\/\/api.w.org\/{rel}","templated":true}]}}