{"id":6958,"date":"2025-07-30T23:06:15","date_gmt":"2025-07-31T02:06:15","guid":{"rendered":"https:\/\/www.enorsai.com\/noticias\/?p=6958"},"modified":"2025-07-30T23:12:29","modified_gmt":"2025-07-31T02:12:29","slug":"el-hundimiento-del-ara-alferez-sobral-el-desprecio-del-gobierno-de-milei-por-la-memoria-de-malvinas","status":"publish","type":"post","link":"https:\/\/www.enorsai.com\/noticias\/politica\/el-hundimiento-del-ara-alferez-sobral-el-desprecio-del-gobierno-de-milei-por-la-memoria-de-malvinas\/","title":{"rendered":"El hundimiento del ARA Alf\u00e9rez Sobral: el desprecio del gobierno de Milei por la memoria de Malvinas"},"content":{"rendered":"\n<p><strong><em>En un acto silenciado, sin ceremonia ni reconocimiento oficial, el buque ARA Alf\u00e9rez Sobral \u2014\u00edcono de la resistencia argentina en la Guerra de Malvinas\u2014 fue llevado al fondo del mar. Una met\u00e1fora inquietante de c\u00f3mo el gobierno de Javier Milei entierra, junto con el acero, la historia y el honor nacional.<\/em><\/strong><\/p>\n\n\n\n<p>Sin banderas, sin discursos, sin homenaje. El ARA Alf\u00e9rez Sobral, testigo de una de las gestas m\u00e1s dolorosas y valientes de nuestra historia reciente, fue hundido frente a la costa bonaerense como si se tratara de un desecho m\u00e1s. El gobierno de Javier Milei no s\u00f3lo demuestra su desprecio por la soberan\u00eda, sino que profana con su indiferencia el sacrificio de los h\u00e9roes que defendieron la patria.<\/p>\n\n\n\n<p>En medio del habitual estruendo de anuncios libertarios, discursos grandilocuentes y ajustes que castigan a los m\u00e1s d\u00e9biles, pas\u00f3 casi desapercibido un acto que deber\u00eda haber conmovido a la naci\u00f3n. El aviso ARA Alf\u00e9rez Sobral, aquel hist\u00f3rico buque de la Armada Argentina que resisti\u00f3 el feroz ataque brit\u00e1nico durante la Guerra de Malvinas, realiz\u00f3 su \u00faltima traves\u00eda: un viaje sin retorno rumbo al fondo del mar.<\/p>\n\n\n\n<p>No hubo c\u00e1maras. No hubo ministros. No hubo palabras. Solo el silencio de los remolcadores y el ruido met\u00e1lico del naufragio. El buque parti\u00f3 desde el puerto de Mar del Plata para ser hundido frente a las costas de Necochea y Claromec\u00f3 como parte de un ejercicio de la Armada. Un acto operativo, dicen. Pero en ese hundimiento sin gloria se ahog\u00f3 tambi\u00e9n un s\u00edmbolo. Y, con \u00e9l, una vez m\u00e1s, el respeto por la memoria colectiva.<\/p>\n\n\n\n<figure class=\"wp-block-image size-full\"><img loading=\"lazy\" decoding=\"async\" width=\"1640\" height=\"924\" src=\"https:\/\/www.enorsai.com\/noticias\/wp-content\/uploads\/2025\/07\/EnOrsai-2025-07-30T231012.224.png\" alt=\"\" class=\"wp-image-6961\"\/><\/figure>\n\n\n\n<p>El ARA Alf\u00e9rez Sobral no es un simple barco viejo. Es historia viva. Es carne, es sangre, es herida. La noche del 3 de mayo de 1982, fue atacado sin piedad por helic\u00f3pteros brit\u00e1nicos Sea Lynx y misiles Sea Skua en medio de una misi\u00f3n de b\u00fasqueda y rescate. Estaba desarmado, navegaba con luces encendidas, y a\u00fan as\u00ed fue objeto de una agresi\u00f3n despiadada. Murieron ocho tripulantes. Hubo quince heridos. Y sin embargo, el barco no se hundi\u00f3.<\/p>\n\n\n\n<p>Su comandante, el entonces Capit\u00e1n de Corbeta Sergio G\u00f3mez Roca, logr\u00f3 mantenerlo a flote, con el puente de mando destruido, con la estructura devastada, con sus hombres mutilados. Reci\u00e9n dos d\u00edas despu\u00e9s pudo regresar al continente por sus propios medios. Eso no fue una simple maniobra n\u00e1utica. Fue un acto de tenacidad, de patriotismo y de honor que merecer\u00eda el bronce y la memoria eterna.<\/p>\n\n\n\n<p>Pero en el pa\u00eds que hoy gobierna Javier Milei, donde se apela a destruir lo estatal, lo hist\u00f3rico y lo simb\u00f3lico bajo el eslogan mercantilista de \u201clibertad\u201d \u2014esa palabra usada como excusa para pisotear derechos, cultura y soberan\u00eda\u2014 no hay lugar para gestas colectivas. El olvido es pol\u00edtica de Estado. La desmalvinizaci\u00f3n no es un error: es una estrategia.<\/p>\n\n\n\n<p>En cualquier otra naci\u00f3n, el ARA Alf\u00e9rez Sobral estar\u00eda anclado en un museo naval, convertido en monumento flotante, con placas que cuenten su historia a las generaciones futuras. Ser\u00eda visitado por estudiantes, veteranos, turistas. Pero no. En Argentina, hoy es chatarra sumergida. Literalmente sepultado.<\/p>\n\n\n\n<figure class=\"wp-block-embed is-type-rich is-provider-instagram wp-block-embed-instagram\"><div class=\"wp-block-embed__wrapper\">\nhttps:\/\/www.instagram.com\/p\/DKAR_3au-b-\/\n<\/div><\/figure>\n\n\n\n<p>La excusa oficial es que ser\u00e1 utilizado como blanco para pr\u00e1cticas de tiro. Eso, dicen, permite \u201centrenar\u201d a las Fuerzas Armadas. Una explicaci\u00f3n t\u00e9cnica que intenta revestir de racionalidad lo que en el fondo es una negligencia deliberada, un desd\u00e9n premeditado. Porque no es cualquier blanco. Es un s\u00edmbolo.<\/p>\n\n\n\n<p>La memoria no se destruye con balas, pero s\u00ed se hiere con desprecio. No hay ejercicio militar que justifique la ausencia de una despedida oficial, de un acto que honre a quienes dieron la vida por la patria. \u00bfD\u00f3nde estuvo el Ministro de Defensa? \u00bfD\u00f3nde la plana mayor de la Armada? \u00bfD\u00f3nde las palabras para los familiares de los ca\u00eddos?<\/p>\n\n\n\n<p>La \u00faltima traves\u00eda del Sobral no fue un acto de log\u00edstica naval. Fue un acto pol\u00edtico. Y como tal, revela una vez m\u00e1s la matriz ideol\u00f3gica de este gobierno: la demolici\u00f3n sistem\u00e1tica del tejido simb\u00f3lico de la Argentina. Lo que molesta no es solo el barco hundido, sino lo que representa. Porque el Alf\u00e9rez Sobral es el recordatorio inc\u00f3modo de una soberan\u00eda que el oficialismo prefiere entregar antes que defender.<\/p>\n\n\n\n<p>El cinismo libertario se ampara en el presente perpetuo. No hay pasado que valga. No hay historia que importe. Todo se reduce a la eficiencia econ\u00f3mica, a la \u201cutilidad\u201d, al costo-beneficio. Y en ese esquema brutal, la memoria de Malvinas estorba. No produce d\u00f3lares. No encaja en Excel. No cotiza en el mercado.<\/p>\n\n\n\n<p>Quiz\u00e1 por eso nadie dijo nada. Ni un comunicado. Ni una menci\u00f3n en cadena nacional. Solo el portal especializado <strong>Pescare<\/strong> y la p\u00e1gina oficial de la Armada dejaron constancia del hecho. Ni siquiera se molestaron en invitar a los sobrevivientes del ataque, a los familiares de los muertos, a los marinos que sirvieron en esa embarcaci\u00f3n.<\/p>\n\n\n\n<p>La historia se repite, pero esta vez sin drama: se convierte en farsa. El mismo Estado que deber\u00eda custodiar la memoria, la entierra sin ceremonia. El mismo gobierno que se llena la boca con la palabra \u201cpatria\u201d, la desecha como si fuera lastre.<\/p>\n\n\n\n<p>Y lo m\u00e1s perturbador es el silencio. El silencio institucional, el silencio medi\u00e1tico, el silencio social. Como si hundir el ARA Alf\u00e9rez Sobral no importara. Como si no fuera el mismo buque que resisti\u00f3 un ataque colonial en pleno siglo XX. Como si no fuera una lecci\u00f3n de coraje, lealtad y sacrificio que deber\u00eda ser conocida por cada ni\u00f1o argentino.<\/p>\n\n\n\n<p>La \u00faltima traves\u00eda del Sobral, as\u00ed sin aplausos ni banderas, no fue solo un viaje hacia el lecho marino. Fue un viaje hacia el olvido. Pero tambi\u00e9n una advertencia: cuando un pa\u00eds desprecia su historia, no solo pierde el rumbo. Tambi\u00e9n pierde el alma.<\/p>\n\n\n\n<p><strong>Fuente:<\/strong><br><a class=\"\" href=\"https:\/\/pescare.com.ar\/ultima-travesia-del-ara-alferez-sobral-un-guerrero-despedido-en-silencio\/\">https:\/\/pescare.com.ar\/ultima-travesia-del-ara-alferez-sobral-un-guerrero-despedido-en-silencio\/<\/a><br><a class=\"\" href=\"https:\/\/www.argentina.gob.ar\/armada\/ataque-al-aviso-ara-alferez-sobral\">https:\/\/www.argentina.gob.ar\/armada\/ataque-al-aviso-ara-alferez-sobral<\/a><\/p>\n","protected":false},"excerpt":{"rendered":"<p>En silencio y sin honores, el ARA Alf\u00e9rez Sobral fue hundido frente a las costas bonaerenses. Este gesto revela el desprecio del gobierno de Javier Milei por la memoria de Malvinas y sus h\u00e9roes. Un s\u00edmbolo de resistencia convertido en blanco de pr\u00e1cticas, sepultado junto a una historia que incomoda.<\/p>\n","protected":false},"author":9,"featured_media":6959,"comment_status":"open","ping_status":"open","sticky":false,"template":"","format":"standard","meta":{"_monsterinsights_skip_tracking":false,"_monsterinsights_sitenote_active":false,"_monsterinsights_sitenote_note":"","_monsterinsights_sitenote_category":0,"footnotes":"","jetpack_publicize_message":"","jetpack_publicize_feature_enabled":true,"jetpack_social_post_already_shared":true,"jetpack_social_options":{"image_generator_settings":{"template":"highway","default_image_id":0,"font":"","enabled":false},"version":2}},"categories":[2],"tags":[2345,2413,99,2414,123,97,45,30,2412,2415],"class_list":["post-6958","post","type-post","status-publish","format-standard","has-post-thumbnail","hentry","category-politica","tag-armada","tag-desprecio","tag-historia","tag-hundimiento","tag-malvinas","tag-memoria","tag-milei","tag-soberania","tag-sobral","tag-veteranos"],"jetpack_publicize_connections":[],"_links":{"self":[{"href":"https:\/\/www.enorsai.com\/noticias\/wp-json\/wp\/v2\/posts\/6958","targetHints":{"allow":["GET"]}}],"collection":[{"href":"https:\/\/www.enorsai.com\/noticias\/wp-json\/wp\/v2\/posts"}],"about":[{"href":"https:\/\/www.enorsai.com\/noticias\/wp-json\/wp\/v2\/types\/post"}],"author":[{"embeddable":true,"href":"https:\/\/www.enorsai.com\/noticias\/wp-json\/wp\/v2\/users\/9"}],"replies":[{"embeddable":true,"href":"https:\/\/www.enorsai.com\/noticias\/wp-json\/wp\/v2\/comments?post=6958"}],"version-history":[{"count":3,"href":"https:\/\/www.enorsai.com\/noticias\/wp-json\/wp\/v2\/posts\/6958\/revisions"}],"predecessor-version":[{"id":6963,"href":"https:\/\/www.enorsai.com\/noticias\/wp-json\/wp\/v2\/posts\/6958\/revisions\/6963"}],"wp:featuredmedia":[{"embeddable":true,"href":"https:\/\/www.enorsai.com\/noticias\/wp-json\/wp\/v2\/media\/6959"}],"wp:attachment":[{"href":"https:\/\/www.enorsai.com\/noticias\/wp-json\/wp\/v2\/media?parent=6958"}],"wp:term":[{"taxonomy":"category","embeddable":true,"href":"https:\/\/www.enorsai.com\/noticias\/wp-json\/wp\/v2\/categories?post=6958"},{"taxonomy":"post_tag","embeddable":true,"href":"https:\/\/www.enorsai.com\/noticias\/wp-json\/wp\/v2\/tags?post=6958"}],"curies":[{"name":"wp","href":"https:\/\/api.w.org\/{rel}","templated":true}]}}