{"id":6937,"date":"2025-07-30T14:59:37","date_gmt":"2025-07-30T17:59:37","guid":{"rendered":"https:\/\/www.enorsai.com\/noticias\/?p=6937"},"modified":"2025-07-30T14:59:37","modified_gmt":"2025-07-30T17:59:37","slug":"martin-menem-contrataciones-con-sobreprecios-y-gastos-descontrolados-en-el-congreso","status":"publish","type":"post","link":"https:\/\/www.enorsai.com\/noticias\/politica\/martin-menem-contrataciones-con-sobreprecios-y-gastos-descontrolados-en-el-congreso\/","title":{"rendered":"Mart\u00edn Menem: Contrataciones con sobreprecios y gastos descontrolados en el Congreso"},"content":{"rendered":"\n<p><strong><em>El presidente de la C\u00e1mara Baja adjudic\u00f3 compras con sobreprecios que superan ampliamente los valores del mercado, beneficiando a empresas sospechosamente vinculadas y multiplicando los gastos del Congreso. La pr\u00e9dica anticasta se desvanece ante una estructura que parece reciclar los vicios m\u00e1s oscuros del poder.<\/em><\/strong><\/p>\n\n\n\n<p>Mart\u00edn Menem, presidente de la C\u00e1mara de Diputados y emblema del mile\u00edsmo puro, parece haber comprendido r\u00e1pidamente los mecanismos cl\u00e1sicos de poder: mientras el presidente Javier Milei pontifica desde los foros internacionales contra la \u201ccasta\u201d y promueve un ajuste feroz sobre jubilados, universidades y sectores populares, su primo segundo juega a otra cosa. En el coraz\u00f3n del Congreso, Menem administra con discrecionalidad el presupuesto legislativo y no duda en utilizarlo como un instrumento de privilegios, favoritismos y, por qu\u00e9 no decirlo, corrupci\u00f3n sistem\u00e1tica.<\/p>\n\n\n\n<p>Los hechos son concretos. Documentos oficiales a los que accedi\u00f3 el portal <em>ADNweb<\/em> revelan compras escandalosas con sobreprecios de hasta el 125%. No se trata de errores contables ni de inflaci\u00f3n acumulada. Se trata de maniobras deliberadas que favorecen a proveedores amigos y que distorsionan el discurso de austeridad que el oficialismo repite hasta el hartazgo. En lo que va del a\u00f1o, Menem autoriz\u00f3 compras por cifras que superan los valores reales del mercado, generando un agujero fiscal dentro de la misma C\u00e1mara que promueve el ajuste.<\/p>\n\n\n\n<p>Uno de los casos m\u00e1s llamativos es la contrataci\u00f3n de una empresa para proveer dispensers de agua y bidones. Mientras el precio de mercado por un dispenser ronda los 70.000 pesos, la licitaci\u00f3n impulsada por Menem cerr\u00f3 en 125.000 pesos por unidad. Lo mismo ocurre con los bidones: en la calle, cada uno cuesta cerca de 2.000 pesos, pero la C\u00e1mara de Diputados, bajo esta gesti\u00f3n, los pag\u00f3 a 5.400 pesos. As\u00ed, el mensaje es claro: cuando se trata de sacarle recursos al pueblo, la motosierra avanza sin piedad; pero cuando el gasto engorda los negocios de empresas afines, la billetera est\u00e1 abierta de par en par.<\/p>\n\n\n\n<p>No es una excepci\u00f3n. Otro contrato con la empresa GAF SA, encargada del mantenimiento de los ascensores en el Congreso, dej\u00f3 ver una continuidad preocupante con los tiempos m\u00e1s oscuros de la pol\u00edtica prebendaria. Dicha firma fue beneficiada por m\u00e1s de 94 millones de pesos sin que se informe adecuadamente el procedimiento competitivo correspondiente. \u00bfD\u00f3nde qued\u00f3 la licitaci\u00f3n p\u00fablica? \u00bfD\u00f3nde la transparencia de la que tanto habla el presidente Milei? \u00bfY d\u00f3nde la rendici\u00f3n de cuentas que deber\u00eda ser obligatoria en un gobierno que se autoproclama como el m\u00e1s puro y libertario de la historia?<\/p>\n\n\n\n<p>La gravedad del asunto se profundiza cuando uno descubre que muchas de estas adjudicaciones se concretaron sin pasar por el Bolet\u00edn Oficial. Las compras, millonarias en su mayor\u00eda, fueron rubricadas de forma directa o a trav\u00e9s de mecanismos oscuros. Todo en nombre de la eficiencia. Todo bajo la sombra de una administraci\u00f3n que denuncia al Estado pero lo exprime desde adentro, como cualquier bur\u00f3crata profesional.<\/p>\n\n\n\n<figure class=\"wp-block-embed is-type-video is-provider-youtube wp-block-embed-youtube wp-embed-aspect-16-9 wp-has-aspect-ratio\"><div class=\"wp-block-embed__wrapper\">\n<iframe loading=\"lazy\" title=\"Los sobreprecios de Mart\u00edn Menem\" width=\"640\" height=\"360\" src=\"https:\/\/www.youtube.com\/embed\/yJy2qMt9B58?start=74&#038;feature=oembed\" frameborder=\"0\" allow=\"accelerometer; autoplay; clipboard-write; encrypted-media; gyroscope; picture-in-picture; web-share\" referrerpolicy=\"strict-origin-when-cross-origin\" allowfullscreen><\/iframe>\n<\/div><\/figure>\n\n\n\n<p>El caso de la compra de autom\u00f3viles es otro bot\u00f3n de muestra. Se adquirieron veh\u00edculos de alta gama para el uso de autoridades legislativas a precios escandalosos. La pregunta que nadie en La Libertad Avanza quiere responder es simple: \u00bfpor qu\u00e9 se necesitan autos nuevos, costosos y con blindaje parcial, en un momento donde se recorta el presupuesto educativo y se suspenden becas? \u00bfD\u00f3nde qued\u00f3 aquello de que el Estado debe gastar solo lo indispensable? Evidentemente, lo indispensable es aquello que sirve para mejorar la vida de los que gobiernan, no de los gobernados.<\/p>\n\n\n\n<p>Mart\u00edn Menem, lejos de ser un outsider o un renovador institucional, parece repetir los vicios de la vieja pol\u00edtica que su espacio dice combatir. Maneja la C\u00e1mara con una l\u00f3gica verticalista, concentrando el poder administrativo y desplazando a funcionarios de carrera para rodearse de militantes libertarios sin experiencia. Los contratos escandalosos son apenas la punta del iceberg de un modelo de gesti\u00f3n que combina arrogancia, opacidad y desprecio por la inteligencia ciudadana.<\/p>\n\n\n\n<p>El problema no es solo econ\u00f3mico, es \u00e9tico. Cada peso que se gasta de m\u00e1s en un contrato inflado es un peso que se le niega a un comedor popular, a una universidad p\u00fablica, a una beca Progresar. Cada maniobra de favoritismo empresarial en el Congreso es una afrenta directa a las promesas de campa\u00f1a. La casta, lejos de haber sido derrotada, se ha mimetizado con los nuevos rostros del poder. Y en algunos casos, como el de Mart\u00edn Menem, ha encontrado su versi\u00f3n m\u00e1s sofisticada y menos escrupulosa.<\/p>\n\n\n\n<p>Los sobreprecios no son simples deslices administrativos. Son una forma de robarle al Estado sin que nadie lo note. Y cuando el que lo hace es un alto funcionario del oficialismo, el mensaje que se transmite es demoledor: la motosierra es solo para los pobres. La fiesta, para los amigos.<\/p>\n\n\n\n<p>En un pa\u00eds donde el ajuste se convierte en dogma, y donde cada d\u00eda se destruyen derechos en nombre de un supuesto orden, lo m\u00ednimo que deber\u00eda exigirse es coherencia. Pero el mile\u00edsmo no solo es cruel. Es hip\u00f3crita. Se presenta como una revoluci\u00f3n moral, mientras encubre pr\u00e1cticas que huelen a los peores tiempos del menemismo. Tal vez porque, en el fondo, nunca dejaron de ser lo mismo.<\/p>\n\n\n\n<p>El caso de Mart\u00edn Menem no es aislado. Es estructural. Es el resultado de un proyecto que desmantela el Estado para beneficio de pocos, mientras vende humo al resto de la sociedad. Y lo m\u00e1s tr\u00e1gico es que lo hace con una sonrisa libertaria, una cuenta de Twitter activa y un discurso que ya no enga\u00f1a a nadie. O al menos, a nadie que est\u00e9 dispuesto a ver m\u00e1s all\u00e1 del eslogan.<\/p>\n\n\n\n<p><strong>Fuente:<\/strong><br><a class=\"\" href=\"https:\/\/www.adnweb.com.ar\/politica\/los-sobreprecios-de-martin-menem_a688968e2d73cab43e457c405\">https:\/\/www.adnweb.com.ar\/politica\/los-sobreprecios-de-martin-menem_a688968e2d73cab43e457c405<\/a><\/p>\n\n\n\n<p><\/p>\n","protected":false},"excerpt":{"rendered":"<p>El presidente de la C\u00e1mara Baja adjudic\u00f3 compras con sobreprecios que superan ampliamente los valores del mercado, beneficiando a empresas sospechosamente vinculadas y multiplicando los gastos del Congreso. La pr\u00e9dica anticasta se desvanece ante una estructura que parece reciclar los vicios m\u00e1s oscuros del poder. Mart\u00edn Menem, presidente de la C\u00e1mara de Diputados y emblema&#8230;<\/p>\n","protected":false},"author":12,"featured_media":6940,"comment_status":"open","ping_status":"open","sticky":false,"template":"","format":"standard","meta":{"_monsterinsights_skip_tracking":false,"_monsterinsights_sitenote_active":false,"_monsterinsights_sitenote_note":"","_monsterinsights_sitenote_category":0,"footnotes":"","jetpack_publicize_message":"","jetpack_publicize_feature_enabled":true,"jetpack_social_post_already_shared":true,"jetpack_social_options":{"image_generator_settings":{"template":"highway","default_image_id":0,"font":"","enabled":false},"version":2}},"categories":[2],"tags":[58,257,75,260,630,605,903,45,72,980],"class_list":["post-6937","post","type-post","status-publish","format-standard","has-post-thumbnail","hentry","category-politica","tag-ajuste","tag-congreso","tag-corrupcion","tag-diputados","tag-escandalo","tag-libertarios","tag-menem","tag-milei","tag-politica","tag-sobreprecios"],"jetpack_publicize_connections":[],"_links":{"self":[{"href":"https:\/\/www.enorsai.com\/noticias\/wp-json\/wp\/v2\/posts\/6937","targetHints":{"allow":["GET"]}}],"collection":[{"href":"https:\/\/www.enorsai.com\/noticias\/wp-json\/wp\/v2\/posts"}],"about":[{"href":"https:\/\/www.enorsai.com\/noticias\/wp-json\/wp\/v2\/types\/post"}],"author":[{"embeddable":true,"href":"https:\/\/www.enorsai.com\/noticias\/wp-json\/wp\/v2\/users\/12"}],"replies":[{"embeddable":true,"href":"https:\/\/www.enorsai.com\/noticias\/wp-json\/wp\/v2\/comments?post=6937"}],"version-history":[{"count":2,"href":"https:\/\/www.enorsai.com\/noticias\/wp-json\/wp\/v2\/posts\/6937\/revisions"}],"predecessor-version":[{"id":6939,"href":"https:\/\/www.enorsai.com\/noticias\/wp-json\/wp\/v2\/posts\/6937\/revisions\/6939"}],"wp:featuredmedia":[{"embeddable":true,"href":"https:\/\/www.enorsai.com\/noticias\/wp-json\/wp\/v2\/media\/6940"}],"wp:attachment":[{"href":"https:\/\/www.enorsai.com\/noticias\/wp-json\/wp\/v2\/media?parent=6937"}],"wp:term":[{"taxonomy":"category","embeddable":true,"href":"https:\/\/www.enorsai.com\/noticias\/wp-json\/wp\/v2\/categories?post=6937"},{"taxonomy":"post_tag","embeddable":true,"href":"https:\/\/www.enorsai.com\/noticias\/wp-json\/wp\/v2\/tags?post=6937"}],"curies":[{"name":"wp","href":"https:\/\/api.w.org\/{rel}","templated":true}]}}