{"id":6898,"date":"2025-07-29T21:05:54","date_gmt":"2025-07-30T00:05:54","guid":{"rendered":"https:\/\/www.enorsai.com\/noticias\/?p=6898"},"modified":"2025-07-29T21:24:23","modified_gmt":"2025-07-30T00:24:23","slug":"debe-renunciar-cuneo-libarona-el-ministro-de-justicia-en-camara-oculta-se-ofrece-como-lobbista-internacional","status":"publish","type":"post","link":"https:\/\/www.enorsai.com\/noticias\/politica\/debe-renunciar-cuneo-libarona-el-ministro-de-justicia-en-camara-oculta-se-ofrece-como-lobbista-internacional\/","title":{"rendered":"\u00a1Debe renunciar! C\u00faneo Libarona, el ministro de Justicia, en c\u00e1mara oculta se ofrece como lobbista internacional"},"content":{"rendered":"\n<p>Una grabaci\u00f3n compromete a Mariano C\u00faneo Libarona, el Ministro de Justicia de Javier Milei, ofreciendo sus servicios al controvertido Tim Ballard, figura ligada al ultraconservadurismo religioso estadounidense.<\/p>\n\n\n\n<p>En un registro audiovisual secreto, el ministro de Justicia de la Naci\u00f3n se muestra sol\u00edcito ante Tim Ballard, fundador de Operation Underground Railroad, ofreci\u00e9ndole recursos estatales y apoyo institucional. Lejos de la transparencia republicana prometida por Javier Milei, el video revela un entramado de relaciones oscuras, oportunismo pol\u00edtico y servilismo ideol\u00f3gico.<\/p>\n\n\n\n<p>En una escena que parece sacada de una mala pel\u00edcula de conspiraciones, pero que lamentablemente es real y documentada, el ministro de Justicia de la Naci\u00f3n, Mariano C\u00faneo Libarona, aparece en una c\u00e1mara oculta ofreci\u00e9ndole sus servicios al activista ultraconservador estadounidense Tim Ballard. El video, filmado en Washington en noviembre del a\u00f1o pasado, muestra al funcionario argentino, designado por Javier Milei, desplegando una ret\u00f3rica servicial, complaciente y, sobre todo, escandalosamente impropia para un representante de un Estado soberano.<\/p>\n\n\n\n<p>Las im\u00e1genes no admiten doble interpretaci\u00f3n. El ministro no s\u00f3lo saluda con entusiasmo a Ballard, sino que le expresa, sin rodeos, su intenci\u00f3n de colaborar con \u00e9l. \u00abEstoy para ayudarte\u00bb, le dice con un ingl\u00e9s esforzado pero suficientemente claro, mientras le se\u00f1ala con vehemencia: \u00abT\u00fa puedes hacer historia aqu\u00ed\u00bb. Como si el aparato judicial argentino fuese un terreno disponible para las fantas\u00edas mesi\u00e1nicas de un extranjero. Como si el rol de un ministro de Justicia fuese el de facilitar conexiones internacionales con figuras pol\u00e9micas, incluso sospechadas en su pa\u00eds de conductas poco \u00e9ticas.<\/p>\n\n\n\n<figure class=\"wp-block-embed is-type-rich is-provider-twitter wp-block-embed-twitter\"><div class=\"wp-block-embed__wrapper\">\n<blockquote class=\"twitter-tweet\" data-width=\"550\" data-dnt=\"true\"><p lang=\"es\" dir=\"ltr\">C\u00faneo Libarona debe renunciar.<br><br>No puede ser Ministro de Justicia una persona corrupta, que promete hacer leyes para lavar la imagen de un personaje como Tim Ballard, y que se jacta de tener jueces y medios a su disposici\u00f3n.<br><br>Si no deja el cargo, impulsaremos su juicio pol\u00edtico. <a href=\"https:\/\/t.co\/WPl2SFH2f4\">https:\/\/t.co\/WPl2SFH2f4<\/a><\/p>&mdash; M\u00f3nica Fein (@MonicaFein) <a href=\"https:\/\/twitter.com\/MonicaFein\/status\/1950322111790403954?ref_src=twsrc%5Etfw\">July 29, 2025<\/a><\/blockquote><script async src=\"https:\/\/platform.twitter.com\/widgets.js\" charset=\"utf-8\"><\/script>\n<\/div><\/figure>\n\n\n\n<p>Ballard, vale aclararlo, no es cualquier figura. Es el fundador de Operation Underground Railroad (O.U.R.), una organizaci\u00f3n que asegura combatir el tr\u00e1fico de ni\u00f1os y la explotaci\u00f3n sexual, pero que ha sido duramente cuestionada incluso dentro de Estados Unidos por sus m\u00e9todos, sus v\u00ednculos con el fundamentalismo religioso y por exagerar resultados. No s\u00f3lo eso: Ballard se convirti\u00f3 en personaje de cine con la pel\u00edcula <em>Sound of Freedom<\/em>, un filme que fue adoptado como emblema por sectores de la extrema derecha global.<\/p>\n\n\n\n<p>Que un ministro de Justicia argentino busque alinearse con este personaje, al punto de ofrecerle \u201chacer historia\u201d en nuestro pa\u00eds, es mucho m\u00e1s que un desliz diplom\u00e1tico. Es una se\u00f1al preocupante del rumbo ideol\u00f3gico y pol\u00edtico que est\u00e1 tomando el gobierno de Javier Milei. Un rumbo que, bajo la ret\u00f3rica de la libertad y el combate contra las mafias, esconde afinidades con sectores ultraconservadores, antiderechos y profundamente autoritarios.<\/p>\n\n\n\n<p>En el mismo video, C\u00faneo Libarona se muestra dispuesto a brindar herramientas legales y cooperaci\u00f3n institucional. No se refiere, como corresponder\u00eda, a un protocolo de intercambio entre estados o a la articulaci\u00f3n con organismos internacionales reconocidos. No. Se ofrece como si fuera un consultor privado, un operador m\u00e1s de la red de contactos de Ballard. \u201cPodemos hacer mucho juntos\u201d, insiste, borrando de un plumazo los l\u00edmites entre el rol de un funcionario p\u00fablico y el de un lobbista ideol\u00f3gico.<\/p>\n\n\n\n<p>Este nivel de informalidad no es ingenuo ni espont\u00e1neo. Est\u00e1 en sinton\u00eda con la l\u00f3gica libertaria que Milei ha impulsado desde su asunci\u00f3n: desguace del Estado, privatizaci\u00f3n de las instituciones, destrucci\u00f3n de los marcos legales que regulan la convivencia democr\u00e1tica. La justicia, en este contexto, deja de ser un poder aut\u00f3nomo para convertirse en un terreno de operaciones geopol\u00edticas y afinidades personales.<\/p>\n\n\n\n<figure class=\"wp-block-embed aligncenter is-type-wp-embed is-provider-incrustado wp-block-embed-incrustado\"><div class=\"wp-block-embed__wrapper\">\n<blockquote class=\"wp-embedded-content\" data-secret=\"LsbhH5vkoH\"><a href=\"https:\/\/www.enorsai.com\/noticias\/politica\/cuneo-libarona-incremento-su-patrimonio-casi-un-50-en-solo-un-ano\/\">C\u00faneo Libarona increment\u00f3 su patrimonio casi un 50% en s\u00f3lo un a\u00f1o<\/a><\/blockquote><iframe loading=\"lazy\" class=\"wp-embedded-content\" sandbox=\"allow-scripts\" security=\"restricted\" style=\"position: absolute; visibility: hidden;\" title=\"\u00abC\u00faneo Libarona increment\u00f3 su patrimonio casi un 50% en s\u00f3lo un a\u00f1o\u00bb \u2014 \" src=\"https:\/\/www.enorsai.com\/noticias\/politica\/cuneo-libarona-incremento-su-patrimonio-casi-un-50-en-solo-un-ano\/embed\/#?secret=mYrYPrfxks#?secret=LsbhH5vkoH\" data-secret=\"LsbhH5vkoH\" width=\"600\" height=\"338\" frameborder=\"0\" marginwidth=\"0\" marginheight=\"0\" scrolling=\"no\"><\/iframe>\n<\/div><\/figure>\n\n\n\n<p>En lugar de fortalecer los sistemas de cooperaci\u00f3n internacional bajo normas claras y transparentes, el ministro argentino opta por arrodillarse ante figuras for\u00e1neas con agenda propia. Y lo hace mientras nuestro pa\u00eds atraviesa un momento cr\u00edtico en materia de derechos humanos, justicia social y pol\u00edticas p\u00fablicas. El timing no podr\u00eda ser peor.<\/p>\n\n\n\n<p>La c\u00e1mara oculta pone en evidencia algo m\u00e1s profundo que un gesto inoportuno. Deja al desnudo la intenci\u00f3n de este gobierno de insertar a la Argentina en redes de poder global que no responden al inter\u00e9s nacional ni al respeto por los derechos humanos. Ballard, con su halo mesi\u00e1nico y sus v\u00ednculos con el evangelismo m\u00e1s rancio, representa una ideolog\u00eda que es diametralmente opuesta a los consensos construidos en nuestro pa\u00eds en torno a la justicia, la memoria y los derechos de las infancias.<\/p>\n\n\n\n<p>\u00bfQui\u00e9n autoriz\u00f3 este encuentro? \u00bfCon qu\u00e9 legitimidad un ministro se ofrece, casi como un empleado obediente, a operar para una figura que ni siquiera tiene representaci\u00f3n oficial? \u00bfD\u00f3nde queda la soberan\u00eda, cuando un funcionario de alt\u00edsimo rango act\u00faa como facilitador de negocios o agendas privadas?<\/p>\n\n\n\n<p>A\u00fan m\u00e1s preocupante resulta el silencio posterior del gobierno. Ning\u00fan comunicado oficial desminti\u00f3 la autenticidad del video, ni se ofreci\u00f3 una explicaci\u00f3n institucional sobre los objetivos de ese viaje a Washington. La falta de transparencia refuerza la hip\u00f3tesis de que no se trat\u00f3 de un encuentro aislado, sino de una estrategia deliberada.<\/p>\n\n\n\n<p>Este episodio es otro golpe a la ya deteriorada credibilidad institucional del gobierno de Javier Milei. Mientras se recortan partidas para educaci\u00f3n, ciencia, salud y programas sociales, mientras se reprime la protesta social y se destruyen organismos p\u00fablicos clave, los funcionarios viajan al exterior para pactar con operadores de dudosa reputaci\u00f3n. El contraste es obsceno.<\/p>\n\n\n\n<p>El relato libertario promet\u00eda romper con las viejas estructuras del poder, terminar con los privilegios y devolverle al pueblo la soberan\u00eda. Pero lo que estamos viendo es todo lo contrario: subordinaci\u00f3n a intereses extranjeros, desprecio por la institucionalidad y una pol\u00edtica exterior al servicio de causas ajenas, incluso peligrosas.<\/p>\n\n\n\n<p>Si este gobierno hubiese llegado con banderas de ultraconservadurismo expl\u00edcito, al menos se podr\u00eda discutir desde ese lugar. Pero no: se presentaron como libertarios, defensores del individuo frente al Estado. Y lo que hoy tenemos es un ministro de Justicia haciendo lobby para un gur\u00fa evang\u00e9lico, en la penumbra de una c\u00e1mara oculta.<\/p>\n\n\n\n<p>La escena es tan grotesca como reveladora. El rostro sonriente de C\u00faneo Libarona, su entusiasmo desbordado, su postura servil, son la imagen viva de una pol\u00edtica exterior entreguista y de una justicia al borde del colapso \u00e9tico. Si esto no es un esc\u00e1ndalo, \u00bfqu\u00e9 lo es?<\/p>\n\n\n\n<p>La pregunta que queda flotando es inquietante: \u00bfcu\u00e1ntos otros pactos secretos, cu\u00e1ntas otras lealtades oscuras se est\u00e1n tejiendo a espaldas del pueblo argentino? Porque si el ministro de Justicia act\u00faa as\u00ed frente a las c\u00e1maras, uno solo puede imaginar lo que sucede cuando nadie filma.<\/p>\n\n\n\n<p><strong>Fuente:<\/strong><br><a href=\"https:\/\/www.laarena.com.ar\/el-pais\/camara-oculta-el-ministro-cuneo-libarona-le-ofrecio-sus-servicios-a-tim-ballard-202572919160\">https:\/\/www.laarena.com.ar\/el-pais\/camara-oculta-el-ministro-cuneo-libarona-le-ofrecio-sus-servicios-a-tim-ballard-202572919160<\/a><br><a href=\"https:\/\/noticiasargentinas.com\/politica\/el-ministro-de-justicia-de-javier-milei--mariano-cuneo-libarona--le-ofrecio-sus-servicios-a-tim-ballard_a68894235ff6bb3d63ba7ee33\">https:\/\/noticiasargentinas.com\/politica\/el-ministro-de-justicia-de-javier-milei&#8211;mariano-cuneo-libarona&#8211;le-ofrecio-sus-servicios-a-tim-ballard_a68894235ff6bb3d63ba7ee33<\/a><\/p>\n","protected":false},"excerpt":{"rendered":"<p>Una c\u00e1mara oculta muestra al ministro de Justicia Mariano C\u00faneo Libarona ofreciendo su ayuda al ultraconservador Tim Ballard. El video revela una pol\u00edtica exterior servil y oscurantista, en la que funcionarios del gobierno de Javier Milei act\u00faan m\u00e1s como lobbistas ideol\u00f3gicos que como representantes de un Estado soberano.<\/p>\n","protected":false},"author":2,"featured_media":6899,"comment_status":"open","ping_status":"open","sticky":false,"template":"","format":"standard","meta":{"_monsterinsights_skip_tracking":false,"_monsterinsights_sitenote_active":false,"_monsterinsights_sitenote_note":"","_monsterinsights_sitenote_category":0,"footnotes":"","jetpack_publicize_message":"","jetpack_publicize_feature_enabled":true,"jetpack_social_post_already_shared":true,"jetpack_social_options":{"image_generator_settings":{"template":"highway","default_image_id":0,"font":"","enabled":false},"version":2}},"categories":[2],"tags":[2372,2316,69,630,70,1991,45,2373,2370,2371],"class_list":["post-6898","post","type-post","status-publish","format-standard","has-post-thumbnail","hentry","category-politica","tag-camaraoculta","tag-cuneolibarona","tag-derechos","tag-escandalo","tag-justicia","tag-lobby","tag-milei","tag-politicaexterior","tag-timballard","tag-ultraconservadurismo"],"jetpack_publicize_connections":[],"_links":{"self":[{"href":"https:\/\/www.enorsai.com\/noticias\/wp-json\/wp\/v2\/posts\/6898","targetHints":{"allow":["GET"]}}],"collection":[{"href":"https:\/\/www.enorsai.com\/noticias\/wp-json\/wp\/v2\/posts"}],"about":[{"href":"https:\/\/www.enorsai.com\/noticias\/wp-json\/wp\/v2\/types\/post"}],"author":[{"embeddable":true,"href":"https:\/\/www.enorsai.com\/noticias\/wp-json\/wp\/v2\/users\/2"}],"replies":[{"embeddable":true,"href":"https:\/\/www.enorsai.com\/noticias\/wp-json\/wp\/v2\/comments?post=6898"}],"version-history":[{"count":4,"href":"https:\/\/www.enorsai.com\/noticias\/wp-json\/wp\/v2\/posts\/6898\/revisions"}],"predecessor-version":[{"id":6903,"href":"https:\/\/www.enorsai.com\/noticias\/wp-json\/wp\/v2\/posts\/6898\/revisions\/6903"}],"wp:featuredmedia":[{"embeddable":true,"href":"https:\/\/www.enorsai.com\/noticias\/wp-json\/wp\/v2\/media\/6899"}],"wp:attachment":[{"href":"https:\/\/www.enorsai.com\/noticias\/wp-json\/wp\/v2\/media?parent=6898"}],"wp:term":[{"taxonomy":"category","embeddable":true,"href":"https:\/\/www.enorsai.com\/noticias\/wp-json\/wp\/v2\/categories?post=6898"},{"taxonomy":"post_tag","embeddable":true,"href":"https:\/\/www.enorsai.com\/noticias\/wp-json\/wp\/v2\/tags?post=6898"}],"curies":[{"name":"wp","href":"https:\/\/api.w.org\/{rel}","templated":true}]}}