{"id":6892,"date":"2025-07-29T20:49:30","date_gmt":"2025-07-29T23:49:30","guid":{"rendered":"https:\/\/www.enorsai.com\/noticias\/?p=6892"},"modified":"2025-07-29T20:49:30","modified_gmt":"2025-07-29T23:49:30","slug":"mauro-sergio-despide-a-150-trabajadores-tras-el-derrumbe-de-ventas-por-el-ajuste-economico","status":"publish","type":"post","link":"https:\/\/www.enorsai.com\/noticias\/economia\/mauro-sergio-despide-a-150-trabajadores-tras-el-derrumbe-de-ventas-por-el-ajuste-economico\/","title":{"rendered":"Mauro Sergio despide a 150 trabajadores tras el derrumbe de ventas por el ajuste econ\u00f3mico"},"content":{"rendered":"\n<p><strong><em>El emblem\u00e1tico fabricante de sweaters argentino inicia un cierre parcial tras seis d\u00e9cadas de historia. La ola de despidos desatada en su planta de Villa Lugano no es solo una tragedia laboral: es el s\u00edntoma de una pol\u00edtica econ\u00f3mica que arrasa con la producci\u00f3n nacional.<\/em><\/strong><\/p>\n\n\n\n<p>Mauro Sergio, s\u00edmbolo de la industria textil argentina, inicia un repliegue dram\u00e1tico que deja a 150 familias en la calle. El ajuste, los tarifazos y la ca\u00edda estrepitosa del consumo configuran un c\u00f3ctel letal para las pymes, que ven c\u00f3mo el gobierno de Javier Milei destruye lo que queda del tejido productivo.<\/p>\n\n\n\n<p>La noticia no deber\u00eda pasar desapercibida. No es solo otra f\u00e1brica. Es <strong>Mauro Sergio<\/strong>, una marca hist\u00f3rica que se hunde parcialmente tras m\u00e1s de sesenta a\u00f1os de trayectoria en la industria textil argentina. Desde su planta en Villa Lugano, donde alguna vez se teji\u00f3 buena parte del orgullo industrial del pa\u00eds, hoy emergen 150 telegramas de despido que resumen en una cifra la brutalidad de las pol\u00edticas econ\u00f3micas aplicadas por el gobierno de Javier Milei.<\/p>\n\n\n\n<p>El silencio es ensordecedor. No hubo conferencia de prensa, ni c\u00e1maras, ni ministros que pusieran la cara. Solo un mail, breve y lapidario, que la firma envi\u00f3 a su personal, justificando los despidos por la \u201cdr\u00e1stica ca\u00edda de ventas y actividad productiva\u201d. La escena es repetida, pero no por eso menos tr\u00e1gica. Mauro Sergio, que en tiempos de expansi\u00f3n lleg\u00f3 a emplear a m\u00e1s de 1.000 personas, comienza a desguazarse en el marco de un modelo econ\u00f3mico que no deja margen para las pymes, ni para el trabajo formal, ni para el futuro.<\/p>\n\n\n\n<p>El testimonio de los trabajadores despedidos es tan crudo como revelador. Algunos llevaban m\u00e1s de 30 a\u00f1os en la empresa. Se enteraron de la p\u00e9rdida de su fuente de ingreso por mensaje de texto o por un llamado. La empresa anunci\u00f3 que \u201cconserva la esperanza\u201d de mantener el local de atenci\u00f3n al p\u00fablico y la venta mayorista, como si eso bastara para tapar el agujero abierto en una comunidad laboral devastada. No hay acompa\u00f1amiento del Estado, no hay red de contenci\u00f3n, y mucho menos hay respuestas.<\/p>\n\n\n\n<p>Lo que ocurre en Mauro Sergio es una se\u00f1al de alarma que deber\u00eda movilizar hasta al m\u00e1s indiferente. No se trata de una empresa quebrada por mala gesti\u00f3n o desinversi\u00f3n cr\u00f3nica. Al contrario, hasta diciembre pasado funcionaba con normalidad. El verdadero quiebre vino despu\u00e9s. Desde la llegada de Javier Milei al poder, con su \u201cplan motosierra\u201d y su cruzada contra lo que \u00e9l mismo llama \u201cla casta\u201d, se aceler\u00f3 un deterioro feroz del mercado interno. En apenas siete meses de gobierno, el consumo cay\u00f3 a niveles que no se ve\u00edan desde la pandemia, mientras los costos se disparaban por efecto de la devaluaci\u00f3n y los tarifazos.<\/p>\n\n\n\n<p>En ese contexto, las f\u00e1bricas como Mauro Sergio quedaron atrapadas entre el derrumbe de la demanda y el encarecimiento de sus insumos. Una ecuaci\u00f3n inviable para cualquier pyme, por m\u00e1s historia y arraigo que tenga. El director de la compa\u00f1\u00eda lo dijo sin vueltas: \u201cEste no es un caso aislado. Hay muchas empresas al borde del cierre\u201d. La advertencia es clara y deber\u00eda retumbar en los pasillos del Ministerio de Econom\u00eda. Pero no. Milei y su equipo celebran los n\u00fameros fr\u00edos del ajuste, sin mirar el costo humano que dejan a su paso.<\/p>\n\n\n\n<p>La represi\u00f3n de la demanda, tan festejada por los fan\u00e1ticos del d\u00e9ficit cero, tiene consecuencias concretas. Se traducen en f\u00e1bricas apagadas, comercios vac\u00edos, persianas que bajan y no vuelven a subir. En este caso, el golpe se siente en Villa Lugano, un barrio hist\u00f3ricamente golpeado por la exclusi\u00f3n, donde la f\u00e1brica era una fuente clave de empleo. Pero ma\u00f1ana puede pasar en cualquier otro rinc\u00f3n del pa\u00eds. Porque lo de Mauro Sergio no es una excepci\u00f3n, es un patr\u00f3n.<\/p>\n\n\n\n<p>Y mientras el presidente se entretiene en conferencias internacionales jugando al \u201clibertario ilustrado\u201d, en el territorio real se multiplican las escenas de desesperanza. A los trabajadores despedidos no les alcanza el discurso de la \u201clibertad\u201d. Lo que necesitan es trabajo, salario digno y un Estado que los defienda. Pero el Estado est\u00e1 ausente. O peor: est\u00e1 alineado con los intereses del mercado concentrado que empuja este modelo de destrucci\u00f3n.<\/p>\n\n\n\n<p>La f\u00e1brica de sweaters no solo pierde producci\u00f3n. Pierde tambi\u00e9n historia, identidad y pertenencia. La empresa fue fundada en 1963 y lleg\u00f3 a vestir a generaciones enteras de argentinos. Era sin\u00f3nimo de industria nacional, de tejido artesanal, de calidad y dise\u00f1o local. Hoy, se convierte en un ejemplo m\u00e1s del vaciamiento econ\u00f3mico que se est\u00e1 profundizando d\u00eda a d\u00eda. Una postal oscura de un pa\u00eds que retrocede a velocidad de v\u00e9rtigo.<\/p>\n\n\n\n<p>Lo m\u00e1s inquietante es la falta de horizonte. Sin medidas de protecci\u00f3n al empleo, sin est\u00edmulos a la producci\u00f3n, sin cr\u00e9dito, sin pol\u00edtica industrial, el futuro de las pymes luce completamente opaco. En la carta enviada a los trabajadores, la firma lo deja claro: \u201cNo vemos un repunte de la actividad en el corto plazo\u201d. \u00bfQu\u00e9 tipo de crecimiento puede esperarse cuando las empresas que subsisten desde hace d\u00e9cadas ya no pueden sostenerse?<\/p>\n\n\n\n<p>Pero tal vez lo m\u00e1s violento no es el cierre en s\u00ed mismo, sino la naturalizaci\u00f3n del desastre. Cada semana se conocen nuevos despidos, nuevas empresas en crisis, nuevos sectores afectados por la recesi\u00f3n. Y sin embargo, la narrativa oficial insiste en que \u201ctodo va bien\u201d, que \u201cla inflaci\u00f3n baja\u201d y que \u201cel pa\u00eds se encamina al super\u00e1vit\u201d. Un discurso desconectado de la realidad, donde los \u00fanicos n\u00fameros que importan son los de la macroeconom\u00eda, aunque est\u00e9n manchados con el sufrimiento social.<\/p>\n\n\n\n<p>La salida de 150 trabajadores de Mauro Sergio no es solo una noticia econ\u00f3mica. Es una herida abierta. Un s\u00edmbolo de lo que est\u00e1 ocurriendo en silencio, sin esc\u00e1ndalo, sin \u00e9pica. Una advertencia para todos los que a\u00fan creen que el ajuste es un camino hacia algo mejor. No hay mejora posible si lo que se sacrifica es el trabajo de quienes producen, tejen, venden y sostienen el entramado social todos los d\u00edas.<\/p>\n\n\n\n<p>Mientras el presidente sostiene que la econom\u00eda debe \u201cdepurarse\u201d y que \u201cel que no es competitivo tiene que desaparecer\u201d, el pa\u00eds pierde empresas, pierde empleos, y pierde dignidad. El cierre parcial de Mauro Sergio es solo una etapa m\u00e1s en ese proceso de demolici\u00f3n. Pero tambi\u00e9n es un llamado urgente a reaccionar, a comprender que detr\u00e1s de cada \u00edndice, de cada cifra, hay historias de vida que no pueden ser borradas por decreto.<\/p>\n\n\n\n<p>Porque cuando una f\u00e1brica cierra, no solo se apaga una l\u00ednea de producci\u00f3n. Se apaga tambi\u00e9n una esperanza. Y eso, por m\u00e1s libertad de mercado que se proclame, es una tragedia que ning\u00fan pa\u00eds serio deber\u00eda tolerar.<\/p>\n\n\n\n<p><strong>Fuente:<\/strong><br><a href=\"https:\/\/www.perfil.com\/noticias\/amp\/economia\/cierra-parte-de-la-historica-fabrica-de-sweaters-mauro-sergio-150-despidos-y-una-advertencia-para-toda-la-industria.phtml\">https:\/\/www.perfil.com\/noticias\/amp\/economia\/cierra-parte-de-la-historica-fabrica-de-sweaters-mauro-sergio-150-despidos-y-una-advertencia-para-toda-la-industria.phtml<\/a><\/p>\n","protected":false},"excerpt":{"rendered":"<p>Mauro Sergio, emblema de la industria textil argentina, despide a 150 trabajadores en su planta de Villa Lugano. El cierre parcial revela el colapso de la demanda y el impacto demoledor de las pol\u00edticas econ\u00f3micas de Javier Milei. Un s\u00edmbolo de la destrucci\u00f3n productiva que se acelera en el pa\u00eds.<\/p>\n","protected":false},"author":13,"featured_media":6894,"comment_status":"open","ping_status":"open","sticky":false,"template":"","format":"standard","meta":{"_monsterinsights_skip_tracking":false,"_monsterinsights_sitenote_active":false,"_monsterinsights_sitenote_note":"","_monsterinsights_sitenote_category":0,"footnotes":"","jetpack_publicize_message":"","jetpack_publicize_feature_enabled":true,"jetpack_social_post_already_shared":true,"jetpack_social_options":{"image_generator_settings":{"template":"highway","default_image_id":0,"font":"","enabled":false},"version":2}},"categories":[3],"tags":[58,193,15,29,2369,45,301,101,1067,1306],"class_list":["post-6892","post","type-post","status-publish","format-standard","has-post-thumbnail","hentry","category-economia","tag-ajuste","tag-despidos","tag-economia","tag-industria","tag-maurosergio","tag-milei","tag-pymes","tag-recesion","tag-textiles","tag-trabajo"],"jetpack_publicize_connections":[],"_links":{"self":[{"href":"https:\/\/www.enorsai.com\/noticias\/wp-json\/wp\/v2\/posts\/6892","targetHints":{"allow":["GET"]}}],"collection":[{"href":"https:\/\/www.enorsai.com\/noticias\/wp-json\/wp\/v2\/posts"}],"about":[{"href":"https:\/\/www.enorsai.com\/noticias\/wp-json\/wp\/v2\/types\/post"}],"author":[{"embeddable":true,"href":"https:\/\/www.enorsai.com\/noticias\/wp-json\/wp\/v2\/users\/13"}],"replies":[{"embeddable":true,"href":"https:\/\/www.enorsai.com\/noticias\/wp-json\/wp\/v2\/comments?post=6892"}],"version-history":[{"count":1,"href":"https:\/\/www.enorsai.com\/noticias\/wp-json\/wp\/v2\/posts\/6892\/revisions"}],"predecessor-version":[{"id":6896,"href":"https:\/\/www.enorsai.com\/noticias\/wp-json\/wp\/v2\/posts\/6892\/revisions\/6896"}],"wp:featuredmedia":[{"embeddable":true,"href":"https:\/\/www.enorsai.com\/noticias\/wp-json\/wp\/v2\/media\/6894"}],"wp:attachment":[{"href":"https:\/\/www.enorsai.com\/noticias\/wp-json\/wp\/v2\/media?parent=6892"}],"wp:term":[{"taxonomy":"category","embeddable":true,"href":"https:\/\/www.enorsai.com\/noticias\/wp-json\/wp\/v2\/categories?post=6892"},{"taxonomy":"post_tag","embeddable":true,"href":"https:\/\/www.enorsai.com\/noticias\/wp-json\/wp\/v2\/tags?post=6892"}],"curies":[{"name":"wp","href":"https:\/\/api.w.org\/{rel}","templated":true}]}}