{"id":6891,"date":"2025-07-29T20:49:19","date_gmt":"2025-07-29T23:49:19","guid":{"rendered":"https:\/\/www.enorsai.com\/noticias\/?p=6891"},"modified":"2025-07-29T20:49:19","modified_gmt":"2025-07-29T23:49:19","slug":"juan-di-natale-vuelve-radio-10","status":"publish","type":"post","link":"https:\/\/www.enorsai.com\/noticias\/cultura\/cultura-musica\/juan-di-natale-vuelve-radio-10\/","title":{"rendered":"Juan Di Natale vuelve con &#8216;Fen\u00f3meno Barrial&#8217; los s\u00e1bados"},"content":{"rendered":"\n<p><\/p>\n\n\n\n<p><em>Por enorsai.com<\/em><\/p>\n\n\n\n<p>Tras dos a\u00f1os de ausencia, <strong><a href=\"https:\/\/es.wikipedia.org\/wiki\/Juan_di_Natale\" data-type=\"link\" data-id=\"https:\/\/es.wikipedia.org\/wiki\/Juan_di_Natale\">Juan Di Natale<\/a><\/strong> regresa a <strong><a href=\"https:\/\/www.radio10.com.ar\/\">Radio 10<\/a><\/strong> para liderar un nuevo programa los s\u00e1bados a partir del mediod\u00eda. El anuncio se dio en el programa <em>No se desesperen<\/em>, junto a <strong>Fernando Borroni<\/strong>, en una conversaci\u00f3n llena de entusiasmo, camarader\u00eda y expectativa por lo que viene.<\/p>\n\n\n\n<h2 class=\"wp-block-heading\">\u201cYo no me fui nada, sal\u00ed de paseo y ya estoy ac\u00e1 de vuelta\u201d<\/h2>\n\n\n\n<p>As\u00ed lo defini\u00f3 Di Natale, quien expres\u00f3 su alegr\u00eda por volver a la casa que lo vio crecer como conductor radial. \u201cQuedamos amigos, claro\u2026 y siempre de mi parte estaba el deseo de regresar\u201d, cont\u00f3, tras ser convocado por Sebasti\u00e1n Pedr\u00f3n luego de la salida de Alfredo por motivos familiares.<\/p>\n\n\n\n<h2 class=\"wp-block-heading\">Un equipo consolidado y de confianza<\/h2>\n\n\n\n<p>Borroni destac\u00f3 el valor del equipo que Di Natale arm\u00f3 durante sus a\u00f1os en la radio: \u201cEs el equipo que arm\u00f3 Juan, es el equipo que arm\u00f3 Juan\u201d. Aunque reconoci\u00f3 que algunos de sus consejos no fueron escuchados (\u201cPato Blanc no\u201d), ambos coincidieron en que el regreso de Di Natale es un refuerzo clave para la grilla de Radio 10.<\/p>\n\n\n\n<h2 class=\"wp-block-heading\">\u00bfQu\u00e9 pasa con el streaming?<\/h2>\n\n\n\n<p>Preguntado sobre el impacto del streaming en la radio, Di Natale fue claro: \u201cNo creo que la reemplace. Creo que van a convivir\u201d. Y agreg\u00f3: \u201cLa radio es palabra, no me pongan imagen\u201d. Aunque reconoce que el streaming lleg\u00f3 para quedarse, sostiene que muchos oyentes lo usan en \u201cmodo radio\u201d, sin mirar la pantalla.<\/p>\n\n\n\n<figure class=\"wp-block-embed is-type-wp-embed is-provider-incrustado wp-block-embed-incrustado\"><div class=\"wp-block-embed__wrapper\">\n<blockquote class=\"wp-embedded-content\" data-secret=\"er6OdNFHBq\"><a href=\"https:\/\/www.enorsai.com\/noticias\/politica\/eduardo-rinesi-estan-desarrollando-con-nuestras-vidas-un-experimento-monstruoso\/\">Eduardo Rinesi: \u00abEst\u00e1n desarrollando con nuestras vidas un experimento monstruoso\u00bb<\/a><\/blockquote><iframe loading=\"lazy\" class=\"wp-embedded-content\" sandbox=\"allow-scripts\" security=\"restricted\" style=\"position: absolute; visibility: hidden;\" title=\"\u00abEduardo Rinesi: \u00abEst\u00e1n desarrollando con nuestras vidas un experimento monstruoso\u00bb\u00bb \u2014 \" src=\"https:\/\/www.enorsai.com\/noticias\/politica\/eduardo-rinesi-estan-desarrollando-con-nuestras-vidas-un-experimento-monstruoso\/embed\/#?secret=SPJsf0ww6g#?secret=er6OdNFHBq\" data-secret=\"er6OdNFHBq\" width=\"600\" height=\"338\" frameborder=\"0\" marginwidth=\"0\" marginheight=\"0\" scrolling=\"no\"><\/iframe>\n<\/div><\/figure>\n\n\n\n<h2 class=\"wp-block-heading\">\u201cFen\u00f3meno Barrial\u201d: el nuevo programa<\/h2>\n\n\n\n<p>El nombre a\u00fan no est\u00e1 confirmado, pero Di Natale adelant\u00f3 que su nuevo programa se llamar\u00eda <strong>\u2018Fen\u00f3meno Barrial\u2019<\/strong>. \u201cTengo una valija llena de cuestiones que al oyente le va a gustar\u201d, anticip\u00f3. El programa tendr\u00e1 un tono m\u00e1s relajado, con mirada distanciada de la semana, pero sin perder seriedad cuando el contexto lo exija.<\/p>\n\n\n\n<h2 class=\"wp-block-heading\">Un s\u00e1bado a todo ritmo<\/h2>\n\n\n\n<p>La grilla de los s\u00e1bados en Radio 10 se renueva: Di Natale abrir\u00e1 a las 12 del mediod\u00eda, seguido por Pansalada, Gabo Alberti y Carlos, quien se har\u00e1 cargo del informativo. \u201cNo va a tener la producci\u00f3n de Julia, o sea que es una paz incre\u00edble\u201d, brome\u00f3 Borroni.<\/p>\n\n\n\n<p>\u201cNo somos nosotros dos nada m\u00e1s \u2014remarc\u00f3 Di Natale\u2014. Hay un equipazo.\u201d<\/p>\n\n\n\n<p>La vuelta de Juan Di Natale no es solo un regreso: es una se\u00f1al de estabilidad, experiencia y compromiso con el formato radial. Y los s\u00e1bados en Radio 10 prometen ser, desde ahora, un fen\u00f3meno barrial.<\/p>\n\n\n\n<p>\u00bfQuieres publicitar en un medio cr\u00edtico, independiente y con alcance internacional? \u00bfBuscas colocar backlinks en un diario web serio y con tr\u00e1fico global? Cont\u00e1ctanos: <a href=\"mailto:enorsaionline@gmail.com\">enorsaionline@gmail.com<\/a> <\/p>\n\n\n\n<figure class=\"wp-block-embed is-type-wp-embed is-provider-incrustado wp-block-embed-incrustado\"><div class=\"wp-block-embed__wrapper\">\n<blockquote class=\"wp-embedded-content\" data-secret=\"3ySSAay7j9\"><a href=\"https:\/\/www.enorsai.com\/noticias\/politica\/el-agua-no-se-vende-la-diputada-julia-strada-impulsa-la-nulidad-del-dnu-que-privatiza-un-derecho-humano\/\">El agua no se vende: La diputada Julia Strada impulsa la nulidad del DNU que privatiza un derecho humano<\/a><\/blockquote><iframe loading=\"lazy\" class=\"wp-embedded-content\" sandbox=\"allow-scripts\" security=\"restricted\" style=\"position: absolute; visibility: hidden;\" title=\"\u00abEl agua no se vende: La diputada Julia Strada impulsa la nulidad del DNU que privatiza un derecho humano\u00bb \u2014 \" src=\"https:\/\/www.enorsai.com\/noticias\/politica\/el-agua-no-se-vende-la-diputada-julia-strada-impulsa-la-nulidad-del-dnu-que-privatiza-un-derecho-humano\/embed\/#?secret=mzATDoGWgb#?secret=3ySSAay7j9\" data-secret=\"3ySSAay7j9\" width=\"600\" height=\"338\" frameborder=\"0\" marginwidth=\"0\" marginheight=\"0\" scrolling=\"no\"><\/iframe>\n<\/div><\/figure>\n\n\n\n<p><\/p>\n","protected":false},"excerpt":{"rendered":"<p>Por enorsai.com Tras dos a\u00f1os de ausencia, Juan Di Natale regresa a Radio 10 para liderar un nuevo programa los s\u00e1bados a partir del mediod\u00eda. El anuncio se dio en el programa No se desesperen, junto a Fernando Borroni, en una conversaci\u00f3n llena de entusiasmo, camarader\u00eda y expectativa por lo que viene. \u201cYo no me&#8230;<\/p>\n","protected":false},"author":4,"featured_media":6893,"comment_status":"open","ping_status":"open","sticky":false,"template":"","format":"standard","meta":{"_monsterinsights_skip_tracking":false,"_monsterinsights_sitenote_active":false,"_monsterinsights_sitenote_note":"","_monsterinsights_sitenote_category":0,"footnotes":"","jetpack_publicize_message":"Juan Di Natale vuelve con 'Fen\u00f3meno Barrial' los s\u00e1bados","jetpack_publicize_feature_enabled":true,"jetpack_social_post_already_shared":false,"jetpack_social_options":{"image_generator_settings":{"template":"highway","default_image_id":0,"enabled":false},"version":2}},"categories":[1584],"tags":[2367,2363,2366,2361,2365,2368,2364],"class_list":["post-6891","post","type-post","status-publish","format-standard","has-post-thumbnail","hentry","category-cultura-musica","tag-cqc","tag-fenomeno-barrial","tag-juan-di-natale","tag-juan-di-natale-radio","tag-medios-de-comunicacion-argentina","tag-programa-de-radio","tag-radio-en-streaming"],"jetpack_publicize_connections":[],"_links":{"self":[{"href":"https:\/\/www.enorsai.com\/noticias\/wp-json\/wp\/v2\/posts\/6891","targetHints":{"allow":["GET"]}}],"collection":[{"href":"https:\/\/www.enorsai.com\/noticias\/wp-json\/wp\/v2\/posts"}],"about":[{"href":"https:\/\/www.enorsai.com\/noticias\/wp-json\/wp\/v2\/types\/post"}],"author":[{"embeddable":true,"href":"https:\/\/www.enorsai.com\/noticias\/wp-json\/wp\/v2\/users\/4"}],"replies":[{"embeddable":true,"href":"https:\/\/www.enorsai.com\/noticias\/wp-json\/wp\/v2\/comments?post=6891"}],"version-history":[{"count":1,"href":"https:\/\/www.enorsai.com\/noticias\/wp-json\/wp\/v2\/posts\/6891\/revisions"}],"predecessor-version":[{"id":6895,"href":"https:\/\/www.enorsai.com\/noticias\/wp-json\/wp\/v2\/posts\/6891\/revisions\/6895"}],"wp:featuredmedia":[{"embeddable":true,"href":"https:\/\/www.enorsai.com\/noticias\/wp-json\/wp\/v2\/media\/6893"}],"wp:attachment":[{"href":"https:\/\/www.enorsai.com\/noticias\/wp-json\/wp\/v2\/media?parent=6891"}],"wp:term":[{"taxonomy":"category","embeddable":true,"href":"https:\/\/www.enorsai.com\/noticias\/wp-json\/wp\/v2\/categories?post=6891"},{"taxonomy":"post_tag","embeddable":true,"href":"https:\/\/www.enorsai.com\/noticias\/wp-json\/wp\/v2\/tags?post=6891"}],"curies":[{"name":"wp","href":"https:\/\/api.w.org\/{rel}","templated":true}]}}