{"id":6884,"date":"2025-07-29T12:17:16","date_gmt":"2025-07-29T15:17:16","guid":{"rendered":"https:\/\/www.enorsai.com\/noticias\/?p=6884"},"modified":"2025-07-29T12:17:16","modified_gmt":"2025-07-29T15:17:16","slug":"dass-despidio-a-200-trabajadores-en-misiones-y-podria-cerrar-definitivamente-su-planta-en-eldorado","status":"publish","type":"post","link":"https:\/\/www.enorsai.com\/noticias\/sociedad\/dass-despidio-a-200-trabajadores-en-misiones-y-podria-cerrar-definitivamente-su-planta-en-eldorado\/","title":{"rendered":"Dass despidi\u00f3 a 200 trabajadores en Misiones y podr\u00eda cerrar definitivamente su planta en Eldorado"},"content":{"rendered":"\n<p><strong><em>La emblem\u00e1tica planta de calzados en Misiones atraviesa su crisis m\u00e1s profunda, con 200 trabajadores despedidos y la amenaza latente de un apag\u00f3n total de la producci\u00f3n.<\/em><\/strong><\/p>\n\n\n\n<p>El ajuste del gobierno de Javier Milei, la apertura indiscriminada de importaciones y el derrumbe del consumo est\u00e1n golpeando sin piedad a las econom\u00edas regionales. Dass, principal empleador privado de Eldorado, se encamina al cierre definitivo. El silencio del oficialismo es tan atronador como la angustia de cientos de familias que podr\u00edan quedar en la calle.<\/p>\n\n\n\n<p>El estruendo del ajuste no se escucha solamente en los grandes centros urbanos o en las estad\u00edsticas macroecon\u00f3micas que celebra el gobierno de Javier Milei. Se siente, con una violencia asfixiante, en cada rinc\u00f3n del pa\u00eds donde una f\u00e1brica baja las persianas, donde una familia se queda sin ingresos, donde un pueblo entero comienza a apagarse. Ese estruendo hoy retumba en Eldorado, Misiones, donde la empresa Dass acaba de despedir a 200 trabajadores, una medida que podr\u00eda ser el preludio del cierre definitivo de su planta productiva.<\/p>\n\n\n\n<p>Dass no es cualquier f\u00e1brica. Es el mayor empleador privado de Eldorado, una ciudad donde el trabajo escasea y la industria se sostiene con respirador artificial desde hace a\u00f1os. La empresa, que produce calzado deportivo para marcas como Nike, Fila, Umbro y Asics, ya hab\u00eda reducido su personal de 1.500 a 700 empleados entre 2020 y 2023. Ahora, con este nuevo recorte, la planta queda con apenas 500 operarios, muchos de los cuales tambi\u00e9n est\u00e1n bajo amenaza. La pregunta que nadie quiere formular en voz alta, pero todos se hacen, es: \u00bfcu\u00e1nto tiempo m\u00e1s podr\u00e1 resistir abierta?<\/p>\n\n\n\n<p>La versi\u00f3n oficial de la compa\u00f1\u00eda es que la reducci\u00f3n de personal se debe a \u201cuna fuerte ca\u00edda de la demanda\u201d. Pero en los pasillos de la f\u00e1brica y en las calles de Eldorado, la explicaci\u00f3n tiene nombre y apellido: el modelo econ\u00f3mico de Milei. Un modelo que abri\u00f3 las puertas a la importaci\u00f3n sin restricciones, que licu\u00f3 salarios, que paraliz\u00f3 el consumo interno y que desmantel\u00f3 de hecho cualquier pol\u00edtica industrial. En ese contexto, competir se vuelve una misi\u00f3n imposible. \u00bfC\u00f3mo sostener una l\u00ednea de producci\u00f3n nacional cuando las zapatillas chinas o brasile\u00f1as inundan el mercado a precios irrisorios?<\/p>\n\n\n\n<p>Lo que est\u00e1 ocurriendo en Dass no es un fen\u00f3meno aislado. Es el s\u00edntoma de un proyecto econ\u00f3mico que desprecia la producci\u00f3n local, que considera a los trabajadores un \u201ccosto\u201d y no un sujeto de derechos, y que celebra cada recorte como un trofeo ideol\u00f3gico. La planta de Eldorado, lejos de ser ineficiente o improductiva, ven\u00eda operando con altos niveles de calidad. El problema no est\u00e1 adentro de la f\u00e1brica, est\u00e1 afuera: en las pol\u00edticas de desregulaci\u00f3n comercial y en la ausencia total de protecci\u00f3n al trabajo nacional.<\/p>\n\n\n\n<p>La situaci\u00f3n es tan cr\u00edtica que ya hay voces que alertan sobre un posible apag\u00f3n total de la planta. \u201cEst\u00e1n evaluando cerrar definitivamente\u201d, advierten fuentes sindicales con los dientes apretados. La par\u00e1lisis econ\u00f3mica que gener\u00f3 la administraci\u00f3n de Milei est\u00e1 empujando al abismo no solo a los trabajadores despedidos, sino tambi\u00e9n a los 500 que a\u00fan conservan su empleo. Nadie duerme tranquilo en Eldorado. Porque en esa ciudad, perder el trabajo en Dass es quedarse sin horizonte.<\/p>\n\n\n\n<p>Mientras tanto, el gobierno nacional guarda silencio. No hay una sola declaraci\u00f3n oficial sobre lo que ocurre. Ni una propuesta para frenar la sangr\u00eda. Ni un gesto hacia los trabajadores. Ni siquiera una visita para poner la cara. El desprecio por las econom\u00edas regionales es total. En un pa\u00eds donde se pretende que la \u201clibertad\u201d consista en sobrevivir como se pueda, el ajuste no golpea a todos por igual. Golpea con m\u00e1s violencia a los que menos tienen, a los que viven lejos del poder, a los que dependen de un empleo para subsistir.<\/p>\n\n\n\n<p>La historia de Dass tambi\u00e9n deja al descubierto el cinismo de los discursos oficiales sobre la \u201cmeritocracia\u201d y la \u201ccompetitividad\u201d. \u00bfQu\u00e9 posibilidades tiene una f\u00e1brica de competir cuando se la abandona a su suerte en un mercado inundado de productos importados? \u00bfQu\u00e9 m\u00e9rito se le puede pedir a un trabajador que, pese a sus esfuerzos, se queda sin sustento por decisiones que se toman a cientos de kil\u00f3metros de distancia, en despachos que nunca pisaron una l\u00ednea de montaje?<\/p>\n\n\n\n<p>En la f\u00e1brica no se respira solo angustia. Tambi\u00e9n hay bronca. Porque estos despidos son una estocada a la dignidad de quienes todos los d\u00edas pusieron el cuerpo para que la planta siguiera funcionando. Porque el discurso de que \u201cno hay plata\u201d se cae a pedazos cuando se trata de sostener empresas que generan empleo genuino. Porque el Estado que se borra hoy, es el mismo que deber\u00eda estar protegiendo a los trabajadores.<\/p>\n\n\n\n<p>La planta de Dass en Eldorado se est\u00e1 apagando. Y con ella, se apagan tambi\u00e9n los sue\u00f1os, los proyectos y las esperanzas de cientos de familias. Duele ver c\u00f3mo el ajuste mata no solo empleos, sino tambi\u00e9n comunidades enteras. En Misiones, como en tantos otros puntos del pa\u00eds, se vive una tragedia silenciosa. Una que no aparece en las cadenas nacionales, pero que est\u00e1 dejando una marca indeleble en la memoria de su pueblo.<\/p>\n\n\n\n<p>No hay que ser economista para entender lo que est\u00e1 pasando. Basta con mirar a los ojos de quienes se quedaron sin trabajo, escuchar su rabia contenida, ver el cierre de los comercios locales que depend\u00edan del movimiento de la f\u00e1brica, observar el deterioro social que empieza a avanzar como una mancha de aceite. El desamparo no se mide en porcentajes, se mide en angustia diaria.<\/p>\n\n\n\n<p>En tiempos donde se naturaliza la crueldad, contar lo que ocurre en Eldorado no es solo un deber period\u00edstico, es un acto de justicia. Porque detr\u00e1s de cada n\u00famero, hay vidas concretas que est\u00e1n siendo trituradas por un proyecto pol\u00edtico que desprecia la producci\u00f3n, el empleo y la justicia social.<\/p>\n\n\n\n<p>Si Dass cierra, Eldorado pierde mucho m\u00e1s que una planta. Pierde parte de su historia, de su identidad y de su futuro. Y lo hace, una vez m\u00e1s, en nombre de un ajuste que no ajusta a todos por igual. Un ajuste que no solo recorta salarios, sino tambi\u00e9n sue\u00f1os.<\/p>\n\n\n\n<p><strong>Fuente:<\/strong><br><a href=\"https:\/\/www.infogremiales.com.ar\/despidos-masivos-en-dass-y-temor-por-el-cierre-definitivo-de-la-planta-productiva-de-eldorado\/\">https:\/\/www.infogremiales.com.ar\/despidos-masivos-en-dass-y-temor-por-el-cierre-definitivo-de-la-planta-productiva-de-eldorado\/<\/a><\/p>\n","protected":false},"excerpt":{"rendered":"<p>La f\u00e1brica Dass de Eldorado despidi\u00f3 a 200 empleados y su cierre definitivo parece inminente. El ajuste del gobierno de Javier Milei, la apertura de importaciones y el desplome del consumo hunden a la producci\u00f3n local. El futuro de cientos de familias misioneras est\u00e1 hoy en juego ante el silencio oficial.<\/p>\n","protected":false},"author":9,"featured_media":6885,"comment_status":"open","ping_status":"open","sticky":false,"template":"","format":"standard","meta":{"_monsterinsights_skip_tracking":false,"_monsterinsights_sitenote_active":false,"_monsterinsights_sitenote_note":"","_monsterinsights_sitenote_category":0,"footnotes":"","jetpack_publicize_message":"","jetpack_publicize_feature_enabled":true,"jetpack_social_post_already_shared":true,"jetpack_social_options":{"image_generator_settings":{"template":"highway","default_image_id":0,"font":"","enabled":false},"version":2}},"categories":[4],"tags":[58,2358,43,193,15,2359,29,45,1259,292],"class_list":["post-6884","post","type-post","status-publish","format-standard","has-post-thumbnail","hentry","category-sociedad","tag-ajuste","tag-calzado","tag-crisis","tag-despidos","tag-economia","tag-eldorado","tag-industria","tag-milei","tag-misiones","tag-trabajadores"],"jetpack_publicize_connections":[],"_links":{"self":[{"href":"https:\/\/www.enorsai.com\/noticias\/wp-json\/wp\/v2\/posts\/6884","targetHints":{"allow":["GET"]}}],"collection":[{"href":"https:\/\/www.enorsai.com\/noticias\/wp-json\/wp\/v2\/posts"}],"about":[{"href":"https:\/\/www.enorsai.com\/noticias\/wp-json\/wp\/v2\/types\/post"}],"author":[{"embeddable":true,"href":"https:\/\/www.enorsai.com\/noticias\/wp-json\/wp\/v2\/users\/9"}],"replies":[{"embeddable":true,"href":"https:\/\/www.enorsai.com\/noticias\/wp-json\/wp\/v2\/comments?post=6884"}],"version-history":[{"count":1,"href":"https:\/\/www.enorsai.com\/noticias\/wp-json\/wp\/v2\/posts\/6884\/revisions"}],"predecessor-version":[{"id":6886,"href":"https:\/\/www.enorsai.com\/noticias\/wp-json\/wp\/v2\/posts\/6884\/revisions\/6886"}],"wp:featuredmedia":[{"embeddable":true,"href":"https:\/\/www.enorsai.com\/noticias\/wp-json\/wp\/v2\/media\/6885"}],"wp:attachment":[{"href":"https:\/\/www.enorsai.com\/noticias\/wp-json\/wp\/v2\/media?parent=6884"}],"wp:term":[{"taxonomy":"category","embeddable":true,"href":"https:\/\/www.enorsai.com\/noticias\/wp-json\/wp\/v2\/categories?post=6884"},{"taxonomy":"post_tag","embeddable":true,"href":"https:\/\/www.enorsai.com\/noticias\/wp-json\/wp\/v2\/tags?post=6884"}],"curies":[{"name":"wp","href":"https:\/\/api.w.org\/{rel}","templated":true}]}}