{"id":6865,"date":"2025-07-28T21:06:59","date_gmt":"2025-07-29T00:06:59","guid":{"rendered":"https:\/\/www.enorsai.com\/noticias\/?p=6865"},"modified":"2025-07-28T21:06:59","modified_gmt":"2025-07-29T00:06:59","slug":"la-diputada-gabriela-estevez-exige-explicaciones-por-el-uso-de-fondos-publicos-en-el-derecha-fest-por-parte-de-javier-milei","status":"publish","type":"post","link":"https:\/\/www.enorsai.com\/noticias\/sociedad\/la-diputada-gabriela-estevez-exige-explicaciones-por-el-uso-de-fondos-publicos-en-el-derecha-fest-por-parte-de-javier-milei\/","title":{"rendered":"La diputada Gabriela Est\u00e9vez exige explicaciones por el uso de fondos p\u00fablicos en el \u201cDerecha Fest\u201d por parte de Javier Milei"},"content":{"rendered":"\n<p><strong><em>La diputada Gabriela Est\u00e9vez present\u00f3 un pedido de informes exigiendo explicaciones al Poder Ejecutivo sobre el uso de fondos p\u00fablicos, personal de seguridad y log\u00edstica estatal en el viaje de Javier Milei a C\u00f3rdoba para participar del evento denominado \u201cDerecha Fest\u201d. Las preguntas son muchas, las respuestas, ninguna. El silencio oficial se vuelve ensordecedor.<\/em><\/strong><\/p>\n\n\n\n<p>La narrativa de Javier Milei ha sido, desde sus inicios, una promesa de ruptura con \u201cla casta\u201d, de recorte brutal del gasto p\u00fablico y de supuesta transparencia institucional. Sin embargo, cada nuevo episodio de su gesti\u00f3n parece contradecir esos pilares. El \u00faltimo de ellos, el viaje presidencial a la provincia de C\u00f3rdoba para participar del evento \u201cDerecha Fest\u201d, ha encendido las alarmas dentro del Congreso. La diputada nacional Gabriela Est\u00e9vez, del Frente de Todos, present\u00f3 un pedido de informes al Poder Ejecutivo Nacional que expone una vez m\u00e1s las profundas contradicciones del discurso libertario frente a sus actos de gobierno.<\/p>\n\n\n\n<p>El documento, registrado bajo el n\u00famero 4033-D-2025, plantea con claridad las preocupaciones sobre los fondos estatales empleados para un evento que dista mucho de ser de inter\u00e9s institucional. \u00bfSe trat\u00f3 de un acto oficial o de un show pol\u00edtico partidario disfrazado de compromiso institucional? Esa es la pregunta central que surge, y cuya respuesta se esconde detr\u00e1s del muro de opacidad que caracteriza a la gesti\u00f3n libertaria.<\/p>\n\n\n\n<p>Est\u00e9vez solicita al Ejecutivo que detalle con precisi\u00f3n los costos que implic\u00f3 el viaje del presidente a C\u00f3rdoba, incluyendo el uso de la flota presidencial, el despliegue de personal de seguridad, el acompa\u00f1amiento de funcionarios y los gastos operativos en general. El evento, calificado en redes sociales como \u201cDerecha Fest\u201d, fue organizado por grupos ultraconservadores, alineados con la agenda ideol\u00f3gica m\u00e1s dura del oficialismo, pero sin ninguna relaci\u00f3n institucional evidente que justifique la participaci\u00f3n de la m\u00e1xima autoridad del pa\u00eds en car\u00e1cter de presidente de la Naci\u00f3n.<\/p>\n\n\n\n<p>La diputada tambi\u00e9n exige conocer si se utiliz\u00f3 alg\u00fan tipo de recurso humano o log\u00edstico perteneciente a la Casa Militar, si participaron organismos de inteligencia, y si se realiz\u00f3 alg\u00fan tipo de operativo de seguridad coordinado con fuerzas provinciales o nacionales. La falta de transparencia en torno a estas cuestiones no solo es preocupante desde el punto de vista \u00e9tico, sino que plantea serios interrogantes sobre la legalidad del uso de recursos p\u00fablicos para eventos con un claro sesgo ideol\u00f3gico y proselitista.<\/p>\n\n\n\n<p>No es la primera vez que la figura presidencial se desliza peligrosamente hacia el uso faccioso del aparato estatal. La participaci\u00f3n de Milei en un evento con caracter\u00edsticas de mitin pol\u00edtico, acompa\u00f1ado por referentes de la ultraderecha local e internacional, contrasta con su reiterado discurso contra \u201cel gasto innecesario\u201d del Estado. Resulta indignante observar c\u00f3mo, mientras se recortan subsidios, se vac\u00edan pol\u00edticas p\u00fablicas esenciales y se despliega un ajuste brutal sobre los sectores m\u00e1s vulnerables, el presidente no tiene reparos en utilizar la estructura del Estado para fines personales o partidarios.<\/p>\n\n\n\n<p>El pedido de informes de Est\u00e9vez apunta tambi\u00e9n a establecer si la Presidencia brind\u00f3 cobertura institucional o si se limit\u00f3 a una participaci\u00f3n personal del mandatario. La diferencia no es menor: si fue en calidad de presidente, corresponde rendir cuentas al pueblo argentino sobre los recursos empleados; si fue en car\u00e1cter de ciudadano, entonces surge un problema a\u00fan m\u00e1s grave, pues habr\u00eda utilizado bienes y personal del Estado para fines ajenos a su funci\u00f3n p\u00fablica.<\/p>\n\n\n\n<p>La diputada cordobesa interpela al gobierno con una serie de preguntas concretas, cuya ausencia de respuesta solo agrava la sensaci\u00f3n de arbitrariedad con la que se conduce esta gesti\u00f3n. \u00bfCu\u00e1ntas personas integraron la comitiva presidencial? \u00bfQu\u00e9 funcionarios asistieron? \u00bfSe registraron gastos en alojamiento, movilidad, alimentaci\u00f3n u otros servicios? \u00bfHubo transmisi\u00f3n oficial del acto? \u00bfSe aplic\u00f3 alg\u00fan criterio institucional para justificar la participaci\u00f3n del presidente?<\/p>\n\n\n\n<p>Cada uno de estos interrogantes apunta a desnudar lo que ya se intuye: una utilizaci\u00f3n personalista y partidaria del cargo presidencial, bajo una l\u00f3gica de impunidad institucional. Resulta dif\u00edcil no recordar las cr\u00edticas encendidas que Milei dirig\u00eda a sus antecesores por mucho menos. Hoy, sentado en el sill\u00f3n de Rivadavia, parece haber olvidado todas sus promesas.<\/p>\n\n\n\n<p>Lo que sucede con el \u201cDerecha Fest\u201d no es un hecho aislado, sino parte de una tendencia que se consolida: la disoluci\u00f3n de la frontera entre el Estado y el espacio pol\u00edtico libertario. Las cuentas no cierran, pero no porque falte plata, sino porque sobran privilegios en la cima del poder. Las mismas manos que recortan presupuestos universitarios y eliminan programas sociales no tiemblan a la hora de financiar despliegues presidenciales para encuentros de nicho ideol\u00f3gico.<\/p>\n\n\n\n<p>La gravedad del asunto se potencia si se considera el contexto nacional. Mientras la pobreza se dispara, el desempleo se extiende y la inflaci\u00f3n lic\u00faa salarios, el jefe de Estado elige subirse a un avi\u00f3n oficial y participar de un festival que ni siquiera disimula su car\u00e1cter sectario. No hay gesto m\u00e1s alejado de la rep\u00fablica que esta actitud, ni mayor desprecio hacia la ciudadan\u00eda que el uso del Estado como veh\u00edculo de autopromoci\u00f3n.<\/p>\n\n\n\n<p>Y por si quedaran dudas sobre la intencionalidad del acto, basta observar la naturaleza del evento. \u201cDerecha Fest\u201d no fue una cumbre institucional, ni una reuni\u00f3n con actores de gobierno, ni un espacio de di\u00e1logo federal. Fue un show ideol\u00f3gico montado para reforzar la identidad pol\u00edtica del oficialismo y agitar las banderas del conservadurismo extremo. En otras palabras: fue propaganda, no gesti\u00f3n.<\/p>\n\n\n\n<p>El gobierno de Javier Milei debe responder. Debe explicar por qu\u00e9, en medio de un ajuste sin precedentes, el presidente gasta recursos p\u00fablicos para acudir a eventos que nada tienen que ver con el bienestar del pueblo. Debe rendir cuentas sobre cada peso invertido, cada m\u00f3vil desplegado, cada funcionario involucrado. Y si no puede hacerlo, entonces debe asumir que no gobierna para todos, sino solo para su c\u00edrculo.<\/p>\n\n\n\n<p>El silencio ya no alcanza. La ciudadan\u00eda merece saber en qu\u00e9 se gasta su dinero y por qu\u00e9. La transparencia no es un slogan de campa\u00f1a, sino una obligaci\u00f3n constitucional. Mientras tanto, la imagen de Milei en C\u00f3rdoba, rodeado de su tribuna fiel, bailando sobre las cenizas del Estado, no deja de ser un s\u00edmbolo feroz del rumbo que ha tomado la Argentina.<\/p>\n\n\n\n<p><strong>Fuente:<\/strong><br><a class=\"\" href=\"https:\/\/www4.hcdn.gob.ar\/dependencias\/dsecretaria\/Periodo2025\/PDF2025\/TP2025\/4033-D-2025.pdf\">https:\/\/www4.hcdn.gob.ar\/dependencias\/dsecretaria\/Periodo2025\/PDF2025\/TP2025\/4033-D-2025.pdf<\/a><\/p>\n","protected":false},"excerpt":{"rendered":"<p>La diputada Gabriela Est\u00e9vez present\u00f3 un pedido de informes exigiendo explicaciones al Poder Ejecutivo sobre el uso de fondos p\u00fablicos, personal de seguridad y log\u00edstica estatal en el viaje de Javier Milei a C\u00f3rdoba para participar del evento denominado \u201cDerecha Fest\u201d. Las preguntas son muchas, las respuestas, ninguna. El silencio oficial se vuelve ensordecedor. La&#8230;<\/p>\n","protected":false},"author":9,"featured_media":6866,"comment_status":"open","ping_status":"open","sticky":false,"template":"","format":"standard","meta":{"_monsterinsights_skip_tracking":false,"_monsterinsights_sitenote_active":false,"_monsterinsights_sitenote_note":"","_monsterinsights_sitenote_category":0,"footnotes":"","jetpack_publicize_message":"","jetpack_publicize_feature_enabled":true,"jetpack_social_post_already_shared":true,"jetpack_social_options":{"image_generator_settings":{"template":"highway","default_image_id":0,"font":"","enabled":false},"version":2}},"categories":[4],"tags":[58,257,204,2348,2349,45,72,2351,769,2350],"class_list":["post-6865","post","type-post","status-publish","format-standard","has-post-thumbnail","hentry","category-sociedad","tag-ajuste","tag-congreso","tag-cordoba","tag-derechafest","tag-estevez","tag-milei","tag-politica","tag-recursos","tag-transparencia","tag-viaje"],"jetpack_publicize_connections":[],"_links":{"self":[{"href":"https:\/\/www.enorsai.com\/noticias\/wp-json\/wp\/v2\/posts\/6865","targetHints":{"allow":["GET"]}}],"collection":[{"href":"https:\/\/www.enorsai.com\/noticias\/wp-json\/wp\/v2\/posts"}],"about":[{"href":"https:\/\/www.enorsai.com\/noticias\/wp-json\/wp\/v2\/types\/post"}],"author":[{"embeddable":true,"href":"https:\/\/www.enorsai.com\/noticias\/wp-json\/wp\/v2\/users\/9"}],"replies":[{"embeddable":true,"href":"https:\/\/www.enorsai.com\/noticias\/wp-json\/wp\/v2\/comments?post=6865"}],"version-history":[{"count":1,"href":"https:\/\/www.enorsai.com\/noticias\/wp-json\/wp\/v2\/posts\/6865\/revisions"}],"predecessor-version":[{"id":6867,"href":"https:\/\/www.enorsai.com\/noticias\/wp-json\/wp\/v2\/posts\/6865\/revisions\/6867"}],"wp:featuredmedia":[{"embeddable":true,"href":"https:\/\/www.enorsai.com\/noticias\/wp-json\/wp\/v2\/media\/6866"}],"wp:attachment":[{"href":"https:\/\/www.enorsai.com\/noticias\/wp-json\/wp\/v2\/media?parent=6865"}],"wp:term":[{"taxonomy":"category","embeddable":true,"href":"https:\/\/www.enorsai.com\/noticias\/wp-json\/wp\/v2\/categories?post=6865"},{"taxonomy":"post_tag","embeddable":true,"href":"https:\/\/www.enorsai.com\/noticias\/wp-json\/wp\/v2\/tags?post=6865"}],"curies":[{"name":"wp","href":"https:\/\/api.w.org\/{rel}","templated":true}]}}