{"id":6862,"date":"2025-07-28T20:18:17","date_gmt":"2025-07-28T23:18:17","guid":{"rendered":"https:\/\/www.enorsai.com\/noticias\/?p=6862"},"modified":"2025-07-28T20:22:03","modified_gmt":"2025-07-28T23:22:03","slug":"acindar-villa-constitucion-detuvo-el-85-de-su-produccion-y-suspendio-trabajadores-por-una-semana","status":"publish","type":"post","link":"https:\/\/www.enorsai.com\/noticias\/economia\/acindar-villa-constitucion-detuvo-el-85-de-su-produccion-y-suspendio-trabajadores-por-una-semana\/","title":{"rendered":"Acindar Villa Constituci\u00f3n detuvo el 85% de su producci\u00f3n y suspendi\u00f3 trabajadores por una semana"},"content":{"rendered":"\n<p><strong><em>Mientras el gobierno de Javier Milei promete \u201clibertad econ\u00f3mica\u201d para unos pocos, el impacto real se traduce en f\u00e1bricas apagadas, obreros suspendidos y un modelo que ahoga la industria nacional. La crisis de Acindar Villa Constituci\u00f3n es un nuevo s\u00edmbolo del brutal ajuste libertario.<\/em><\/strong><\/p>\n\n\n\n<p>La imagen es desoladora: la acer\u00eda Acindar, \u00edcono de la industria nacional en Villa Constituci\u00f3n, reduce su actividad al m\u00ednimo y suspende trabajadores en masa. El 85% de la producci\u00f3n paralizada no es una simple estad\u00edstica; es un grito ahogado de una comunidad que ve apagarse, d\u00eda tras d\u00eda, el motor que hist\u00f3ricamente sostuvo su desarrollo. Durante una semana, los hornos de una de las principales productoras de acero del pa\u00eds permanecer\u00e1n casi fr\u00edos, mientras los operarios esperan \u2014una vez m\u00e1s\u2014 que \u201cla tormenta pase\u201d. Pero esta vez, la tormenta tiene nombre y apellido: Javier Milei.<\/p>\n\n\n\n<p>La decisi\u00f3n de Acindar de paralizar su producci\u00f3n no puede entenderse al margen del contexto econ\u00f3mico impuesto por la administraci\u00f3n libertaria. El \u201cplan motosierra\u201d que tanto se promocion\u00f3 desde la Casa Rosada no es una met\u00e1fora: se aplica con precisi\u00f3n quir\u00fargica sobre los sectores productivos. El brutal freno de la obra p\u00fablica, el desplome del consumo interno, la apertura irrestricta de importaciones y la aniquilaci\u00f3n del cr\u00e9dito para empresas pymes son parte del c\u00f3ctel explosivo que asfixia a la industria nacional. En ese escenario, los gigantes tambi\u00e9n caen. Y cuando cae un gigante como Acindar, no solo se sacude la ciudad que la alberga; tiembla todo el entramado industrial del pa\u00eds.<\/p>\n\n\n\n<p>Las suspensiones en Acindar se dan en un clima de creciente desesperanza. Los trabajadores, muchos de ellos con d\u00e9cadas en la planta, observan c\u00f3mo sus fuentes de ingreso y su dignidad se ven golpeadas por decisiones que se toman a cientos de kil\u00f3metros, en despachos donde la palabra \u201cindustria\u201d parece haberse vuelto un anacronismo. No se trata de una crisis coyuntural ni de una decisi\u00f3n empresaria aislada: es la consecuencia directa de una pol\u00edtica que privilegia la timba financiera por encima del trabajo argentino.<\/p>\n\n\n\n<p>En paralelo, el gobierno de Milei anuncia la baja de retenciones para las patronales del campo. Mientras se castiga a los trabajadores industriales con par\u00e1lisis, precarizaci\u00f3n y desempleo, se premia al agro concentrado con beneficios fiscales multimillonarios. Seg\u00fan estimaciones de la Asociaci\u00f3n de Trabajadores del Estado (ATE), esa reducci\u00f3n impositiva significa una p\u00e9rdida de ingresos para el Estado equivalente a \u00a1siete a\u00f1os de financiamiento del Hospital Garrahan! \u00bfEs esa la \u201clibertad\u201d que pregona el oficialismo? \u00bfO m\u00e1s bien es un saqueo encubierto bajo un discurso de libre mercado que solo beneficia a los poderosos de siempre?<\/p>\n\n\n\n<p>Lo m\u00e1s perverso del modelo libertario es que se presenta como \u201cnuevo\u201d cuando, en realidad, es una reedici\u00f3n brutal de las recetas neoliberales que ya fracasaron en los 90 y durante el macrismo. Acindar, de hecho, ya hab\u00eda sido golpeada durante la era Cambiemos. Pero lo que sucede ahora tiene una dimensi\u00f3n a\u00fan m\u00e1s dram\u00e1tica. Porque la ca\u00edda de la producci\u00f3n no es el resultado de una recesi\u00f3n global o una pandemia, sino de una decisi\u00f3n ideol\u00f3gica del gobierno nacional que desprecia el rol del Estado como dinamizador del mercado interno y garante de la industria nacional.<\/p>\n\n\n\n<p>Mientras en Villa Constituci\u00f3n se apagan los hornos y se paralizan los tornos, en los medios oficialistas se contin\u00faa con el relato fantasioso de la \u201creactivaci\u00f3n en V\u201d, del \u201cequilibrio fiscal\u201d y del \u201cfin de la casta\u201d. Pero en el territorio, el relato no alcanza. En el barrio, en la f\u00e1brica, en el comedor popular, la realidad grita otra cosa. Y grita fuerte.<\/p>\n\n\n\n<p>El vaciamiento del Estado y el achicamiento del mercado interno son dos caras de una misma moneda que paga, como siempre, el pueblo trabajador. \u00bfQu\u00e9 libertad puede existir para un obrero suspendido que no sabe si podr\u00e1 pagar el alquiler o comprar comida para sus hijos? \u00bfD\u00f3nde est\u00e1 el m\u00e9rito para los que, pese a todo, se levantan cada d\u00eda y ven que sus esfuerzos se vuelven in\u00fatiles en un sistema que los margina?<\/p>\n\n\n\n<p>La situaci\u00f3n en Acindar no es un caso aislado. Es apenas el s\u00edntoma m\u00e1s visible de una enfermedad que avanza a pasos acelerados: la desindustrializaci\u00f3n deliberada. Cada cierre, cada suspensi\u00f3n, cada parate productivo, es una l\u00ednea m\u00e1s en el obituario de un modelo que supo levantar a la Argentina con trabajo, con valor agregado y con soberan\u00eda productiva.<\/p>\n\n\n\n<p>Los n\u00fameros que deja este modelo son crueles. Menos empleo, menos consumo, m\u00e1s pobreza. Pero, sobre todo, menos futuro. Porque un pa\u00eds sin industria no es un pa\u00eds libre, es un pa\u00eds condenado a la dependencia. Lo que se juega hoy en plantas como Acindar no es solo la suerte de una empresa, sino el tipo de Naci\u00f3n que queremos ser: una que produce o una que importa, una que genera empleo o una que lo destruye.<\/p>\n\n\n\n<p>Mientras los gerentes financieros celebran en Puerto Madero, los trabajadores de Villa Constituci\u00f3n cuentan los d\u00edas para volver a tener un jornal. Mientras se habla de super\u00e1vit fiscal, se silencian las voces de miles de familias que caen en la pobreza. Y mientras Milei se llena la boca hablando de \u201ceficiencia\u201d, el pa\u00eds se hunde en un modelo que expulsa, margina y reprime toda forma de producci\u00f3n nacional.<\/p>\n\n\n\n<p>El caso de Acindar es una alarma. Pero tambi\u00e9n es un llamado a resistir. Porque el ajuste no es una necesidad t\u00e9cnica, es una elecci\u00f3n pol\u00edtica. Y como tal, puede ser revertida. Depender\u00e1 de la fuerza de los trabajadores, de la organizaci\u00f3n de la comunidad y del compromiso de los sectores que todav\u00eda creen que una Argentina industrial, inclusiva y soberana no solo es posible, sino imprescindible.<\/p>\n\n\n\n<p><strong>Fuente:<\/strong><br><a class=\"\" href=\"https:\/\/www.infogremiales.com.ar\/ate-rechazo-la-baja-de-retenciones-al-campo-anunciada-por-milei-y-senalo-que-significan-7-anos-de-financiamiento-al-garrahan\/\">https:\/\/www.infogremiales.com.ar\/ate-rechazo-la-baja-de-retenciones-al-campo-anunciada-por-milei-y-senalo-que-significan-7-anos-de-financiamiento-al-garrahan\/<\/a><\/p>\n","protected":false},"excerpt":{"rendered":"<p>La paralizaci\u00f3n del 85% de la producci\u00f3n en Acindar Villa Constituci\u00f3n deja al desnudo el brutal impacto del ajuste libertario. Mientras el gobierno de Milei beneficia al agro concentrado, el coraz\u00f3n industrial del pa\u00eds se apaga. El resultado: trabajadores suspendidos, comunidades devastadas y una Argentina que pierde su capacidad de producir.<\/p>\n","protected":false},"author":11,"featured_media":6863,"comment_status":"open","ping_status":"open","sticky":false,"template":"","format":"standard","meta":{"_monsterinsights_skip_tracking":false,"_monsterinsights_sitenote_active":false,"_monsterinsights_sitenote_note":"","_monsterinsights_sitenote_category":0,"footnotes":"","jetpack_publicize_message":"","jetpack_publicize_feature_enabled":true,"jetpack_social_post_already_shared":true,"jetpack_social_options":{"image_generator_settings":{"template":"highway","default_image_id":0,"font":"","enabled":false},"version":2}},"categories":[3],"tags":[2346,58,193,15,29,45,101,292,2347],"class_list":["post-6862","post","type-post","status-publish","format-standard","has-post-thumbnail","hentry","category-economia","tag-acindar","tag-ajuste","tag-despidos","tag-economia","tag-industria","tag-milei","tag-recesion","tag-trabajadores","tag-villaconstitucion"],"jetpack_publicize_connections":[],"_links":{"self":[{"href":"https:\/\/www.enorsai.com\/noticias\/wp-json\/wp\/v2\/posts\/6862","targetHints":{"allow":["GET"]}}],"collection":[{"href":"https:\/\/www.enorsai.com\/noticias\/wp-json\/wp\/v2\/posts"}],"about":[{"href":"https:\/\/www.enorsai.com\/noticias\/wp-json\/wp\/v2\/types\/post"}],"author":[{"embeddable":true,"href":"https:\/\/www.enorsai.com\/noticias\/wp-json\/wp\/v2\/users\/11"}],"replies":[{"embeddable":true,"href":"https:\/\/www.enorsai.com\/noticias\/wp-json\/wp\/v2\/comments?post=6862"}],"version-history":[{"count":1,"href":"https:\/\/www.enorsai.com\/noticias\/wp-json\/wp\/v2\/posts\/6862\/revisions"}],"predecessor-version":[{"id":6864,"href":"https:\/\/www.enorsai.com\/noticias\/wp-json\/wp\/v2\/posts\/6862\/revisions\/6864"}],"wp:featuredmedia":[{"embeddable":true,"href":"https:\/\/www.enorsai.com\/noticias\/wp-json\/wp\/v2\/media\/6863"}],"wp:attachment":[{"href":"https:\/\/www.enorsai.com\/noticias\/wp-json\/wp\/v2\/media?parent=6862"}],"wp:term":[{"taxonomy":"category","embeddable":true,"href":"https:\/\/www.enorsai.com\/noticias\/wp-json\/wp\/v2\/categories?post=6862"},{"taxonomy":"post_tag","embeddable":true,"href":"https:\/\/www.enorsai.com\/noticias\/wp-json\/wp\/v2\/tags?post=6862"}],"curies":[{"name":"wp","href":"https:\/\/api.w.org\/{rel}","templated":true}]}}