{"id":6833,"date":"2025-07-28T11:26:32","date_gmt":"2025-07-28T14:26:32","guid":{"rendered":"http:\/\/www.enorsai.com\/noticias\/?p=6833"},"modified":"2025-07-28T11:26:32","modified_gmt":"2025-07-28T14:26:32","slug":"la-proteccion-judicial-a-jose-luis-espert-ante-su-discurso-de-odio-y-amenazas-a-docentes","status":"publish","type":"post","link":"https:\/\/www.enorsai.com\/noticias\/politica\/la-proteccion-judicial-a-jose-luis-espert-ante-su-discurso-de-odio-y-amenazas-a-docentes\/","title":{"rendered":"La protecci\u00f3n judicial a Jos\u00e9 Luis Espert ante su discurso de odio y amenazas a docentes"},"content":{"rendered":"\n<p><strong><em>Mientras se criminaliza la protesta social y se encarcela a manifestantes por ejercer sus derechos, el sistema judicial argentino mira hacia otro lado ante los exabruptos autoritarios de Jos\u00e9 Luis Espert. La doble vara no es casual: es parte estructural del plan represivo del gobierno de Javier Milei. \u201cC\u00e1rcel o bala\u201d, vocifer\u00f3 el diputado oficialista Jos\u00e9 Luis Espert contra los docentes en lucha, sin que la Justicia se inmute. La impunidad con la que el liberal lanza amenazas p\u00fablicas expone con crudeza el rol disciplinador del aparato judicial en la Argentina actual: ser garante del ajuste y verdugo de quienes lo enfrentan.<\/em><\/strong><\/p>\n\n\n\n<p>La violencia institucional no se ejerce \u00fanicamente desde los bastones policiales o las armas represivas del Estado. Hay una violencia previa, m\u00e1s sutil pero igual de letal: la que se profiere desde el atril, el micr\u00f3fono y la banca parlamentaria. Una violencia que no necesita balas para herir ni gases para disuadir, porque se ampara en la palabra legitimada por los resortes del poder. El diputado nacional Jos\u00e9 Luis Espert \u2014economista devenido vocero del odio\u2014 lo sabe muy bien. Y lo ejerce sin freno, sin l\u00edmites y, lo que es m\u00e1s alarmante, con la complacencia absoluta del Poder Judicial.<\/p>\n\n\n\n<p>\u201cC\u00e1rcel o bala\u201d, lanz\u00f3 Espert desde su cuenta de X (antes Twitter) refiri\u00e9ndose a los docentes en lucha, en una amenaza expl\u00edcita contra quienes se atreven a resistir el ajuste de Javier Milei. No se trat\u00f3 de una figura ret\u00f3rica desafortunada ni de un exabrupto aislado. Fue un llamado abierto a la represi\u00f3n, a la eliminaci\u00f3n f\u00edsica o legal de toda disidencia. Un mensaje que, en cualquier pa\u00eds con instituciones democr\u00e1ticas saludables, habr\u00eda motivado al menos una citaci\u00f3n judicial, una investigaci\u00f3n de oficio o alguna se\u00f1al de alarma. Pero en la Argentina de Milei, el Poder Judicial no s\u00f3lo no act\u00faa: bendice.<\/p>\n\n\n\n<p>Porque mientras se abren causas penales contra docentes, estudiantes y manifestantes por \u201ccoacci\u00f3n agravada\u201d, \u201cinstigaci\u00f3n a cometer delitos\u201d o \u201cresistencia a la autoridad\u201d \u2014delitos construidos artificialmente para criminalizar la protesta\u2014, no existe un solo expediente judicial que investigue a Espert por sus amenazas p\u00fablicas. Ning\u00fan fiscal se dio por aludido. Ning\u00fan juez consider\u00f3 necesario intervenir. La doble vara judicial es tan evidente como obscena.<\/p>\n\n\n\n<p>Espert no es un marginal. No es un outsider que arenga desde la periferia pol\u00edtica. Es un legislador nacional, presidente de la Comisi\u00f3n de Presupuesto y Hacienda de Diputados, una pieza clave en el dispositivo parlamentario del oficialismo. Sus discursos no son solo opiniones: tienen peso institucional, forman parte del lenguaje oficial del poder. Y sin embargo, ni la Corte Suprema, ni los fiscales federales, ni los jueces de Comodoro Py mueven un solo dedo ante sus declaraciones incendiarias.<\/p>\n\n\n\n<p>Lo m\u00e1s perturbador no es que Espert lo diga, sino que pueda decirlo sin consecuencias. Porque eso revela una Justicia funcional al poder pol\u00edtico y econ\u00f3mico. Una Justicia que act\u00faa con celeridad y rigor cuando se trata de desalojar una universidad ocupada por estudiantes o de judicializar un paro docente, pero que se vuelve ciega, sorda y muda ante las amenazas de un diputado oficialista. Esa selectividad no es un error: es el coraz\u00f3n mismo del dispositivo represivo que busca acallar las voces cr\u00edticas.<\/p>\n\n\n\n<p>La amenaza de Espert no es un hecho aislado. Se inscribe en un contexto pol\u00edtico en el que el gobierno de Milei promueve abiertamente el odio y la violencia como herramientas de disciplinamiento social. Desde los insultos del presidente a sus adversarios, pasando por los ataques a la prensa cr\u00edtica, hasta los intentos de intervenir universidades y vaciar organismos de derechos humanos, todo forma parte de una estrategia sistem\u00e1tica de demolici\u00f3n del entramado democr\u00e1tico. En ese esquema, Espert cumple un rol funcional: decir lo que Milei sugiere, llevar al extremo el discurso punitivista, ponerle palabras crudas al plan represivo.<\/p>\n\n\n\n<p>Lo que alarma no es s\u00f3lo la impunidad judicial de Espert, sino el peligro real que implica su pr\u00e9dica. En un pa\u00eds atravesado por profundas desigualdades, con una memoria todav\u00eda abierta por las heridas de la dictadura, banalizar la violencia estatal es sembrar una semilla peligrosa. El \u201cc\u00e1rcel o bala\u201d no es s\u00f3lo una consigna autoritaria: es una amenaza que puede concretarse si no se le pone freno. Y ese freno no vendr\u00e1 del propio Espert, ni del oficialismo que lo cobija. Deber\u00eda venir del sistema de justicia. Pero no lo hace.<\/p>\n\n\n\n<p>El fiscal Franco Picardi archiv\u00f3 una denuncia contra Espert por incitaci\u00f3n a la violencia, aduciendo que sus declaraciones no eran lo suficientemente graves como para abrir una causa. Lo hizo ignorando tratados internacionales, jurisprudencia de la Corte Interamericana de Derechos Humanos y hasta el C\u00f3digo Penal argentino, que en su art\u00edculo 211 tipifica como delito la instigaci\u00f3n p\u00fablica a cometer hechos violentos. \u00bfQu\u00e9 m\u00e1s necesita un fiscal para actuar, si no una amenaza directa de \u201cc\u00e1rcel o bala\u201d contra ciudadanos movilizados?<\/p>\n\n\n\n<p>La impunidad de Espert tambi\u00e9n es una se\u00f1al para el resto de la sociedad. Un mensaje que dice: si sos parte del poder, pod\u00e9s decir lo que quieras, pod\u00e9s amenazar, incitar al odio, promover el uso de la fuerza, y nada te va a pasar. Pero si protest\u00e1s, si reclam\u00e1s, si tom\u00e1s una universidad o particip\u00e1s de una marcha, el brazo judicial del Estado caer\u00e1 con todo su peso sobre vos. Es una Justicia que no busca justicia, sino castigo. Y que castiga seg\u00fan el color pol\u00edtico y la clase social.<\/p>\n\n\n\n<p>En este contexto, la lucha por una justicia independiente no es una consigna abstracta. Es una necesidad urgente para preservar lo poco que queda del estado de derecho. Porque cuando la violencia es promovida desde el poder y la Justicia la deja pasar, el mensaje es claro: no hay ley que proteja al d\u00e9bil, no hay instituci\u00f3n que limite al poderoso. La democracia, entonces, deja de ser tal.<\/p>\n\n\n\n<p>El caso Espert es un espejo inc\u00f3modo de esta Argentina rota. Una Argentina en la que un diputado puede pedir balas para los docentes y seguir legislando como si nada. Una Argentina en la que la protesta social es criminalizada con sa\u00f1a, mientras los discursos de odio son tolerados con una sonrisa. Una Argentina en la que la Justicia perdi\u00f3 la venda, pero no para ver mejor, sino para mirar selectivamente.<\/p>\n\n\n\n<p>La historia sabr\u00e1 juzgar esta etapa oscura de impunidad institucional. Lo que est\u00e1 por verse es si la sociedad tambi\u00e9n se animar\u00e1 a juzgarla. Porque lo que est\u00e1 en juego no es s\u00f3lo la libertad de protestar, sino la posibilidad misma de vivir en democracia.<\/p>\n\n\n\n<p><strong>Fuente:<\/strong><br><a href=\"https:\/\/www.pagina12.com.ar\/845269-carcel-o-bala-los-violentos-ataques-de-espert-que-el-poder-j\">https:\/\/www.pagina12.com.ar\/845269-carcel-o-bala-los-violentos-ataques-de-espert-que-el-poder-j<\/a><\/p>\n","protected":false},"excerpt":{"rendered":"<p>Jos\u00e9 Luis Espert pidi\u00f3 \u201cc\u00e1rcel o bala\u201d para los docentes en lucha y la Justicia no movi\u00f3 un dedo. Mientras se criminaliza la protesta social, el Poder Judicial deja impunes los discursos violentos del oficialismo. La doble vara es brutal, funcional y evidencia el rol disciplinador del sistema judicial en la era Milei.<\/p>\n","protected":false},"author":1,"featured_media":6834,"comment_status":"open","ping_status":"open","sticky":false,"template":"","format":"standard","meta":{"_monsterinsights_skip_tracking":false,"_monsterinsights_sitenote_active":false,"_monsterinsights_sitenote_note":"","_monsterinsights_sitenote_category":0,"footnotes":"","jetpack_publicize_message":"","jetpack_publicize_feature_enabled":true,"jetpack_social_post_already_shared":true,"jetpack_social_options":{"image_generator_settings":{"template":"highway","default_image_id":0,"font":"","enabled":false},"version":2}},"categories":[2],"tags":[],"class_list":["post-6833","post","type-post","status-publish","format-standard","has-post-thumbnail","hentry","category-politica"],"jetpack_publicize_connections":[],"_links":{"self":[{"href":"https:\/\/www.enorsai.com\/noticias\/wp-json\/wp\/v2\/posts\/6833","targetHints":{"allow":["GET"]}}],"collection":[{"href":"https:\/\/www.enorsai.com\/noticias\/wp-json\/wp\/v2\/posts"}],"about":[{"href":"https:\/\/www.enorsai.com\/noticias\/wp-json\/wp\/v2\/types\/post"}],"author":[{"embeddable":true,"href":"https:\/\/www.enorsai.com\/noticias\/wp-json\/wp\/v2\/users\/1"}],"replies":[{"embeddable":true,"href":"https:\/\/www.enorsai.com\/noticias\/wp-json\/wp\/v2\/comments?post=6833"}],"version-history":[{"count":1,"href":"https:\/\/www.enorsai.com\/noticias\/wp-json\/wp\/v2\/posts\/6833\/revisions"}],"predecessor-version":[{"id":6835,"href":"https:\/\/www.enorsai.com\/noticias\/wp-json\/wp\/v2\/posts\/6833\/revisions\/6835"}],"wp:featuredmedia":[{"embeddable":true,"href":"https:\/\/www.enorsai.com\/noticias\/wp-json\/wp\/v2\/media\/6834"}],"wp:attachment":[{"href":"https:\/\/www.enorsai.com\/noticias\/wp-json\/wp\/v2\/media?parent=6833"}],"wp:term":[{"taxonomy":"category","embeddable":true,"href":"https:\/\/www.enorsai.com\/noticias\/wp-json\/wp\/v2\/categories?post=6833"},{"taxonomy":"post_tag","embeddable":true,"href":"https:\/\/www.enorsai.com\/noticias\/wp-json\/wp\/v2\/tags?post=6833"}],"curies":[{"name":"wp","href":"https:\/\/api.w.org\/{rel}","templated":true}]}}