{"id":6826,"date":"2025-07-26T19:54:48","date_gmt":"2025-07-26T22:54:48","guid":{"rendered":"https:\/\/www.enorsai.com\/noticias\/?p=6826"},"modified":"2025-07-26T19:54:48","modified_gmt":"2025-07-26T22:54:48","slug":"baja-retenciones-milei-ajuste-jubilados-universidades","status":"publish","type":"post","link":"https:\/\/www.enorsai.com\/noticias\/economia\/baja-retenciones-milei-ajuste-jubilados-universidades\/","title":{"rendered":"Bajan retenciones al campo: el ajuste lo pagan jubilados, universidades y hospitales"},"content":{"rendered":"\n<p><\/p>\n\n\n\n<p><strong>El Gobierno de Javier Milei anunci\u00f3 reducciones en las retenciones para el agro, mientras mantiene recortes en jubilaciones, ciencia, salud y educaci\u00f3n. Un beneficio para pocos que se financia con el ajuste sobre los sectores m\u00e1s vulnerables.<\/strong><\/p>\n\n\n\n<p>En plena Exposici\u00f3n Rural 2025, Javier Milei anunci\u00f3 la reducci\u00f3n de las retenciones a los productos del agro: la soja baja del 33% al 25%, el ma\u00edz del 12% al 9,5%, el girasol del 7% al 5%, y se esperan tambi\u00e9n recortes en la carne.<\/p>\n\n\n\n<p>\u201cGracias al super\u00e1vit\u201d, seg\u00fan el presidente, se puede reducir la carga impositiva al sector m\u00e1s poderoso de la econom\u00eda argentina. Sin embargo, ese \u201csuper\u00e1vit\u201d se sostiene con duros recortes en \u00e1reas sensibles como:<\/p>\n\n\n\n<ul class=\"wp-block-list\">\n<li>Jubilaciones y pensiones<\/li>\n\n\n\n<li>Universidades p\u00fablicas<\/li>\n\n\n\n<li>Hospitales y medicamentos<\/li>\n\n\n\n<li>Investigaci\u00f3n cient\u00edfica<\/li>\n<\/ul>\n\n\n\n<p>El relato oficial habla de eficiencia y libertad econ\u00f3mica, pero los datos muestran que los beneficios fiscales para el agro se logran a costa de las necesidades b\u00e1sicas de millones. <\/p>\n\n\n\n<figure class=\"wp-block-embed is-type-wp-embed is-provider-incrustado wp-block-embed-incrustado\"><div class=\"wp-block-embed__wrapper\">\n<blockquote class=\"wp-embedded-content\" data-secret=\"YSszkBvR59\"><a href=\"https:\/\/www.enorsai.com\/noticias\/politica\/el-emporio-millonario-del-hijo-de-bullrich-70-bares-una-denuncia-congelada-y-muchas-sospechas\/\">El emporio millonario del hijo de Bullrich: 70 bares, una denuncia congelada y muchas sospechas<\/a><\/blockquote><iframe loading=\"lazy\" class=\"wp-embedded-content\" sandbox=\"allow-scripts\" security=\"restricted\" style=\"position: absolute; visibility: hidden;\" title=\"\u00abEl emporio millonario del hijo de Bullrich: 70 bares, una denuncia congelada y muchas sospechas\u00bb \u2014 \" src=\"https:\/\/www.enorsai.com\/noticias\/politica\/el-emporio-millonario-del-hijo-de-bullrich-70-bares-una-denuncia-congelada-y-muchas-sospechas\/embed\/#?secret=EfHnR3yCsS#?secret=YSszkBvR59\" data-secret=\"YSszkBvR59\" width=\"600\" height=\"338\" frameborder=\"0\" marginwidth=\"0\" marginheight=\"0\" scrolling=\"no\"><\/iframe>\n<\/div><\/figure>\n\n\n\n<p>Adem\u00e1s, trascendi\u00f3 un malestar en el entorno oficial: la vicepresidenta Victoria Villarruel no logr\u00f3 ingresar al evento por no contar con acreditaci\u00f3n para su equipo, lo que fue interpretado como un desaire institucional en un contexto pol\u00edtico de internas cada vez m\u00e1s visibles.<\/p>\n\n\n\n<p>Desde el Gobierno se insiste en que las medidas son parte de una estrategia para incentivar exportaciones y atraer divisas. Pero la pregunta persiste: \u00bfqui\u00e9n paga el costo de este modelo?<\/p>\n\n\n\n<h2 class=\"wp-block-heading\">Comparativa internacional<\/h2>\n\n\n\n<p>Mientras Argentina reduce retenciones, pa\u00edses como Brasil mantienen esquemas fiscales progresivos para el agro. En Francia y Alemania, los subsidios al campo est\u00e1n condicionados al cumplimiento de objetivos sociales y ambientales. En cambio, el esquema argentino actual entrega beneficios sin exigir ning\u00fan tipo de reinversi\u00f3n o responsabilidad.<\/p>\n\n\n\n<h2 class=\"wp-block-heading\">Infograf\u00eda<\/h2>\n\n\n\n<figure class=\"wp-block-image\"><img decoding=\"async\" src=\"https:\/\/chat.openai.com\/mnt\/data\/A_flat-design_infographic_in_digital_illustration_.png\" alt=\"Infograf\u00eda retenciones vs ajuste\"\/><\/figure>\n\n\n\n<p><strong>Fuente:<\/strong> Radio 10 \u2013 Programa \u201cConflicto de Intereses\u201d<\/p>\n\n\n\n<p><strong>Menci\u00f3n:<\/strong> Exposici\u00f3n Rural 2025, Nicol\u00e1s Pino, Victoria Villarruel <\/p>\n\n\n\n<figure class=\"wp-block-embed is-type-wp-embed is-provider-incrustado wp-block-embed-incrustado\"><div class=\"wp-block-embed__wrapper\">\n<blockquote class=\"wp-embedded-content\" data-secret=\"LeK5otpeRv\"><a href=\"https:\/\/www.enorsai.com\/noticias\/politica\/heller-apoyo-milei-indecisos-abstencionismo\/\">\ud83d\udcc9 Ca\u00edda del Apoyo a Milei y Crece el Abstencionismo: La Advertencia de Carlos Heller<\/a><\/blockquote><iframe loading=\"lazy\" class=\"wp-embedded-content\" sandbox=\"allow-scripts\" security=\"restricted\" style=\"position: absolute; visibility: hidden;\" title=\"\u00ab\ud83d\udcc9 Ca\u00edda del Apoyo a Milei y Crece el Abstencionismo: La Advertencia de Carlos Heller\u00bb \u2014 \" src=\"https:\/\/www.enorsai.com\/noticias\/politica\/heller-apoyo-milei-indecisos-abstencionismo\/embed\/#?secret=1EbZPs9sil#?secret=LeK5otpeRv\" data-secret=\"LeK5otpeRv\" width=\"600\" height=\"338\" frameborder=\"0\" marginwidth=\"0\" marginheight=\"0\" scrolling=\"no\"><\/iframe>\n<\/div><\/figure>\n","protected":false},"excerpt":{"rendered":"<p>El Gobierno de Javier Milei anunci\u00f3 reducciones en las retenciones para el agro, mientras mantiene recortes en jubilaciones, ciencia, salud y educaci\u00f3n. Un beneficio para pocos que se financia con el ajuste sobre los sectores m\u00e1s vulnerables. En plena Exposici\u00f3n Rural 2025, Javier Milei anunci\u00f3 la reducci\u00f3n de las retenciones a los productos del agro:&#8230;<\/p>\n","protected":false},"author":4,"featured_media":6827,"comment_status":"open","ping_status":"open","sticky":false,"template":"","format":"standard","meta":{"_monsterinsights_skip_tracking":false,"_monsterinsights_sitenote_active":false,"_monsterinsights_sitenote_note":"","_monsterinsights_sitenote_category":0,"footnotes":"","jetpack_publicize_message":"\ud83d\udcc9 Bajaron las retenciones al campo, pero el costo lo pagan los jubilados, los hospitales y las universidades. As\u00ed es el ajuste de Milei: beneficios para unos pocos, recortes para todos.\n\ud83d\udca3 \u00bfQu\u00e9 opin\u00e1s?\n\ud83d\udd17 Le\u00e9 m\u00e1s: tu-url-aqui.com\/baja-retenciones-milei-ajuste-jubilados-universidades","jetpack_publicize_feature_enabled":true,"jetpack_social_post_already_shared":false,"jetpack_social_options":{"image_generator_settings":{"template":"highway","default_image_id":0,"enabled":false},"version":2}},"categories":[3],"tags":[25,58,311,2330,509,2332,12,45,2333,2331,11,554,9,226,1474,1992],"class_list":["post-6826","post","type-post","status-publish","format-standard","has-post-thumbnail","hentry","category-economia","tag-agro","tag-ajuste","tag-ciencia","tag-exposicion-rural","tag-jubilados","tag-liquidacion-de-exportaciones","tag-maiz","tag-milei","tag-milei-rural-campo","tag-pino","tag-retenciones","tag-salud-publica","tag-soja","tag-superavit-fiscal","tag-universidades","tag-villarruel"],"jetpack_publicize_connections":[],"_links":{"self":[{"href":"https:\/\/www.enorsai.com\/noticias\/wp-json\/wp\/v2\/posts\/6826","targetHints":{"allow":["GET"]}}],"collection":[{"href":"https:\/\/www.enorsai.com\/noticias\/wp-json\/wp\/v2\/posts"}],"about":[{"href":"https:\/\/www.enorsai.com\/noticias\/wp-json\/wp\/v2\/types\/post"}],"author":[{"embeddable":true,"href":"https:\/\/www.enorsai.com\/noticias\/wp-json\/wp\/v2\/users\/4"}],"replies":[{"embeddable":true,"href":"https:\/\/www.enorsai.com\/noticias\/wp-json\/wp\/v2\/comments?post=6826"}],"version-history":[{"count":1,"href":"https:\/\/www.enorsai.com\/noticias\/wp-json\/wp\/v2\/posts\/6826\/revisions"}],"predecessor-version":[{"id":6828,"href":"https:\/\/www.enorsai.com\/noticias\/wp-json\/wp\/v2\/posts\/6826\/revisions\/6828"}],"wp:featuredmedia":[{"embeddable":true,"href":"https:\/\/www.enorsai.com\/noticias\/wp-json\/wp\/v2\/media\/6827"}],"wp:attachment":[{"href":"https:\/\/www.enorsai.com\/noticias\/wp-json\/wp\/v2\/media?parent=6826"}],"wp:term":[{"taxonomy":"category","embeddable":true,"href":"https:\/\/www.enorsai.com\/noticias\/wp-json\/wp\/v2\/categories?post=6826"},{"taxonomy":"post_tag","embeddable":true,"href":"https:\/\/www.enorsai.com\/noticias\/wp-json\/wp\/v2\/tags?post=6826"}],"curies":[{"name":"wp","href":"https:\/\/api.w.org\/{rel}","templated":true}]}}