{"id":6820,"date":"2025-07-26T14:45:06","date_gmt":"2025-07-26T17:45:06","guid":{"rendered":"https:\/\/www.enorsai.com\/noticias\/?p=6820"},"modified":"2025-07-26T14:51:14","modified_gmt":"2025-07-26T17:51:14","slug":"milei-anuncio-beneficios-para-el-sector-mas-concentrado-del-agro-y-confirmo-que-el-ajuste-no-es-para-todos","status":"publish","type":"post","link":"https:\/\/www.enorsai.com\/noticias\/politica\/milei-anuncio-beneficios-para-el-sector-mas-concentrado-del-agro-y-confirmo-que-el-ajuste-no-es-para-todos\/","title":{"rendered":"Milei anunci\u00f3 beneficios para el sector m\u00e1s concentrado del agro y confirm\u00f3 que el ajuste no es para todos"},"content":{"rendered":"\n<p><strong>Javier Milei volvi\u00f3 a demostrar su preferencia por los grandes grupos econ\u00f3micos al anunciar, durante su discurso en la Sociedad Rural Argentina, la baja de retenciones al agro. Mientras recorta fondos para salud, educaci\u00f3n y ciencia, el presidente garantiza rentabilidad a los exportadores m\u00e1s poderosos del pa\u00eds.<\/strong><\/p>\n\n\n\n<p>Con una oratoria ensayada y enf\u00e1tica, Javier Milei subi\u00f3 al escenario de la Sociedad Rural Argentina y no dej\u00f3 lugar a dudas: para el campo s\u00ed hay plata. En un pa\u00eds arrasado por la inflaci\u00f3n, la ca\u00edda del poder adquisitivo, el aumento del desempleo y el colapso del consumo interno, el presidente decidi\u00f3 pararse frente a los ganadores de siempre para entregarles una nueva d\u00e1diva disfrazada de pol\u00edtica de \u201clibertad econ\u00f3mica\u201d: una baja progresiva en las retenciones a las exportaciones agropecuarias.<\/p>\n\n\n\n<p>El escenario no fue casual. Milei eligi\u00f3 una vez m\u00e1s el predio de Palermo, s\u00edmbolo hist\u00f3rico del poder econ\u00f3mico y terrateniente de la Argentina, para lanzar una promesa que encaja con su cosmovisi\u00f3n anarco-capitalista: eliminar \u201cel impuesto m\u00e1s injusto de todos\u201d, como defini\u00f3 a las retenciones. Pero lo que Milei no dijo, lo que ocult\u00f3 tras su gesticulaci\u00f3n teatral y su relato de \u201crevoluci\u00f3n liberal\u201d, es qui\u00e9n pagar\u00e1 la cuenta de esta generosidad fiscal. Porque mientras el Estado deja de recaudar miles de millones para favorecer a los grandes exportadores, los sectores populares siguen pagando el ajuste con hospitales sin insumos, universidades al borde del colapso y cient\u00edficos migrando a otros pa\u00edses.<\/p>\n\n\n\n<p>Con una ovaci\u00f3n anticipada por parte de la Sociedad Rural, Milei pis\u00f3 fuerte en el terreno donde m\u00e1s c\u00f3modo se siente: el de los privilegios. Consciente de que su capital pol\u00edtico se desmorona entre los sectores medios y bajos, Milei refuerza la alianza con los n\u00facleos duros del poder econ\u00f3mico. Su discurso fue una sinfon\u00eda afinada para los o\u00eddos de los due\u00f1os del campo: habl\u00f3 de fin de la \u201cjusticia social\u201d, celebr\u00f3 el desmantelamiento del Estado, reiter\u00f3 su convicci\u00f3n de que el d\u00e9ficit fiscal es \u201cinmoral\u201d y prometi\u00f3 m\u00e1s \u201clibertad econ\u00f3mica\u201d, es decir, m\u00e1s espacio para el saqueo legalizado.<\/p>\n\n\n\n<p>Envalentonado, el presidente defini\u00f3 a las retenciones como \u201cun robo\u201d y asegur\u00f3 que ya est\u00e1n trabajando para su eliminaci\u00f3n paulatina. Una declaraci\u00f3n que, lejos de ser t\u00e9cnica, es profundamente ideol\u00f3gica. Porque cuando Milei llama \u201crobo\u201d al tributo que pagan los sectores con m\u00e1s capacidad contributiva, no est\u00e1 hablando de justicia fiscal: est\u00e1 defendiendo el privilegio. Lo notable es que este anuncio se da en paralelo con un brutal recorte al sistema universitario, la eliminaci\u00f3n de programas sociales, la licuaci\u00f3n de jubilaciones y el abandono de las obras p\u00fablicas en cientos de municipios. La foto es clara: el gobierno de La Libertad Avanza castiga a los sectores m\u00e1s vulnerables mientras bendice con beneficios fiscales a quienes m\u00e1s tienen.<\/p>\n\n\n\n<p>La paradoja no podr\u00eda ser m\u00e1s cruel. En su cruzada por destruir lo que \u00e9l denomina \u201cla casta\u201d, Milei se abraz\u00f3 a la verdadera oligarqu\u00eda argentina: la agroexportadora. Son los mismos grupos que, hist\u00f3ricamente, han presionado a los gobiernos democr\u00e1ticos para reducir su carga impositiva, dolarizar la econom\u00eda y mantener al pa\u00eds como proveedor de materias primas sin valor agregado. Lejos de enfrentarlos, Milei se convirti\u00f3 en su vocero m\u00e1s ferviente.<\/p>\n\n\n\n<p>El aplauso cerrado que recibi\u00f3 al terminar su discurso es revelador. No se trat\u00f3 solo de una recepci\u00f3n c\u00e1lida: fue una consagraci\u00f3n. Milei dej\u00f3 de ser el outsider para transformarse en el garante de los intereses hist\u00f3ricos de los sectores m\u00e1s poderosos. Si alguna vez hubo dudas sobre para qui\u00e9n gobierna Javier Milei, la escena en La Rural las disip\u00f3 por completo.<\/p>\n\n\n\n<p>El presidente tambi\u00e9n aprovech\u00f3 el acto para hacer un gui\u00f1o al electorado m\u00e1s reaccionario: critic\u00f3 la \u201cideolog\u00eda de g\u00e9nero\u201d, descalific\u00f3 la justicia social como una aberraci\u00f3n y se burl\u00f3 de los conceptos de equidad y redistribuci\u00f3n. No es novedad. Milei viene construyendo su relato sobre el odio a todo lo que huela a inclusi\u00f3n, solidaridad o derechos. Pero lo alarmante es que ese discurso ahora no se pronuncia desde los m\u00e1rgenes, sino desde el centro mismo del poder institucional.<\/p>\n\n\n\n<p>La visita a La Rural tambi\u00e9n fue una puesta en escena cuidadosamente dise\u00f1ada. La ministra de Seguridad, Patricia Bullrich, y el jefe de Gobierno porte\u00f1o, Jorge Macri, lo escoltaron con sonrisas congeladas. No faltaron ni el CEO de La Rural, ni representantes de las principales c\u00e1maras empresariales del sector. Todos coincidieron en un objetivo com\u00fan: mostrar un frente s\u00f3lido ante la creciente conflictividad social que provoca el ajuste. Mientras miles de familias no pueden comprar carne o pagar el alquiler, la c\u00fapula agroexportadora recibe gui\u00f1os presidenciales y promesas de alivio fiscal.<\/p>\n\n\n\n<p>Como si no fuera suficiente, Milei tambi\u00e9n utiliz\u00f3 el acto para arremeter contra sus cr\u00edticos. Habl\u00f3 de \u201cpar\u00e1sitos\u201d, \u201ccolectivistas\u201d y \u201cenemigos de la libertad\u201d. El tono fue beligerante, polarizador, propio de un presidente que ya no gobierna para todos, sino para una minor\u00eda con intereses muy espec\u00edficos. Quienes esperaban un mensaje que contemple la diversidad de la realidad argentina, se encontraron con un discurso monocorde, dogm\u00e1tico, insensible.<\/p>\n\n\n\n<p>Resulta casi obsceno que, en el contexto de una crisis humanitaria creciente, con niveles de pobreza infantil que superan el 60%, el presidente hable de recortar impuestos al sector m\u00e1s rico de la econom\u00eda. \u00bfEs esa la libertad que propone Milei? \u00bfUna libertad que habilita al poderoso a enriquecerse a\u00fan m\u00e1s, mientras empuja al resto al abismo?<\/p>\n\n\n\n<p>La \u201cmotosierra\u201d del presidente tiene un sentido de clase cada vez m\u00e1s evidente. Cuando corta, no lo hace al azar: apunta con precisi\u00f3n quir\u00fargica contra lo p\u00fablico, lo colectivo, lo popular. Pero cuando hay que aliviar la carga impositiva a los que concentran la tierra, la renta y el capital, el Estado se vuelve generoso, flexible, servicial. Milei no est\u00e1 destruyendo al Estado: est\u00e1 redise\u00f1\u00e1ndolo como garante exclusivo de los intereses empresariales.<\/p>\n\n\n\n<p>El contraste con la realidad cotidiana de millones de argentinos no puede ser m\u00e1s brutal. Mientras las tarifas aumentan, los salarios se lic\u00faan y el desempleo se dispara, el presidente ofrece beneficios a quienes no padecen la crisis, sino que se benefician de ella. \u00bfCu\u00e1nto m\u00e1s podr\u00e1 sostenerse esta l\u00f3gica sin que estalle el contrato social?<\/p>\n\n\n\n<p>La ret\u00f3rica libertaria, con su pr\u00e9dica de \u201cm\u00e9rito\u201d, \u201cesfuerzo individual\u201d y \u201cfin de la intervenci\u00f3n estatal\u201d, empieza a mostrar su rostro real: es la m\u00e1scara del privilegio. Y cada aparici\u00f3n de Milei en \u00e1mbitos como La Rural no hace m\u00e1s que confirmarlo. No hay \u00e9pica en este modelo: hay c\u00e1lculo. No hay revoluci\u00f3n liberal: hay restauraci\u00f3n olig\u00e1rquica.<\/p>\n\n\n\n<p>Lo que sucedi\u00f3 en La Rural no fue solo un discurso: fue una declaraci\u00f3n de principios. Fue la confirmaci\u00f3n de que en la Argentina de Milei, la igualdad dej\u00f3 de ser un horizonte para convertirse en un obst\u00e1culo. Y que mientras haya quienes aplaudan desde los palcos, habr\u00e1 muchos m\u00e1s que seguir\u00e1n gritando desde el barro.<\/p>\n\n\n\n<p><strong>Fuente:<\/strong><br><a href=\"https:\/\/www.tiempoar.com.ar\/ta_article\/milei-rural-retenciones\/\">https:\/\/www.tiempoar.com.ar\/ta_article\/milei-rural-retenciones\/<\/a><br><a href=\"https:\/\/www.pagina12.com.ar\/844903-javier-milei-en-la-rural-a-que-hora-habla-el-presidente-en-e\">https:\/\/www.pagina12.com.ar\/844903-javier-milei-en-la-rural-a-que-hora-habla-el-presidente-en-e<\/a><\/p>\n","protected":false},"excerpt":{"rendered":"<p>Durante su discurso en La Rural, Javier Milei confirm\u00f3 que reducir\u00e1 las retenciones al agro, beneficiando al sector m\u00e1s concentrado de la econom\u00eda. En plena crisis, el presidente mostr\u00f3 su sesgo de clase al recortar para los pobres y regalar alivios fiscales a los ricos. Una postal n\u00edtida del modelo Milei.<\/p>\n","protected":false},"author":9,"featured_media":6821,"comment_status":"open","ping_status":"open","sticky":false,"template":"","format":"standard","meta":{"_monsterinsights_skip_tracking":false,"_monsterinsights_sitenote_active":false,"_monsterinsights_sitenote_note":"","_monsterinsights_sitenote_category":0,"footnotes":"","jetpack_publicize_message":"","jetpack_publicize_feature_enabled":true,"jetpack_social_post_already_shared":true,"jetpack_social_options":{"image_generator_settings":{"template":"highway","default_image_id":0,"font":"","enabled":false},"version":2}},"categories":[2],"tags":[25,58,54,43,15,2328,45,2329,820,11],"class_list":["post-6820","post","type-post","status-publish","format-standard","has-post-thumbnail","hentry","category-politica","tag-agro","tag-ajuste","tag-campo","tag-crisis","tag-economia","tag-larural","tag-milei","tag-oligarquia","tag-privilegios","tag-retenciones"],"jetpack_publicize_connections":[],"_links":{"self":[{"href":"https:\/\/www.enorsai.com\/noticias\/wp-json\/wp\/v2\/posts\/6820","targetHints":{"allow":["GET"]}}],"collection":[{"href":"https:\/\/www.enorsai.com\/noticias\/wp-json\/wp\/v2\/posts"}],"about":[{"href":"https:\/\/www.enorsai.com\/noticias\/wp-json\/wp\/v2\/types\/post"}],"author":[{"embeddable":true,"href":"https:\/\/www.enorsai.com\/noticias\/wp-json\/wp\/v2\/users\/9"}],"replies":[{"embeddable":true,"href":"https:\/\/www.enorsai.com\/noticias\/wp-json\/wp\/v2\/comments?post=6820"}],"version-history":[{"count":1,"href":"https:\/\/www.enorsai.com\/noticias\/wp-json\/wp\/v2\/posts\/6820\/revisions"}],"predecessor-version":[{"id":6822,"href":"https:\/\/www.enorsai.com\/noticias\/wp-json\/wp\/v2\/posts\/6820\/revisions\/6822"}],"wp:featuredmedia":[{"embeddable":true,"href":"https:\/\/www.enorsai.com\/noticias\/wp-json\/wp\/v2\/media\/6821"}],"wp:attachment":[{"href":"https:\/\/www.enorsai.com\/noticias\/wp-json\/wp\/v2\/media?parent=6820"}],"wp:term":[{"taxonomy":"category","embeddable":true,"href":"https:\/\/www.enorsai.com\/noticias\/wp-json\/wp\/v2\/categories?post=6820"},{"taxonomy":"post_tag","embeddable":true,"href":"https:\/\/www.enorsai.com\/noticias\/wp-json\/wp\/v2\/tags?post=6820"}],"curies":[{"name":"wp","href":"https:\/\/api.w.org\/{rel}","templated":true}]}}