{"id":6817,"date":"2025-07-26T13:42:10","date_gmt":"2025-07-26T16:42:10","guid":{"rendered":"https:\/\/www.enorsai.com\/noticias\/?p=6817"},"modified":"2025-07-26T13:42:10","modified_gmt":"2025-07-26T16:42:10","slug":"heller-apoyo-milei-indecisos-abstencionismo","status":"publish","type":"post","link":"https:\/\/www.enorsai.com\/noticias\/politica\/heller-apoyo-milei-indecisos-abstencionismo\/","title":{"rendered":"\ud83d\udcc9 Ca\u00edda del Apoyo a Milei y Crece el Abstencionismo: La Advertencia de Carlos Heller"},"content":{"rendered":"\n<p>El economista y dirigente pol\u00edtico Carlos Heller analiz\u00f3 una reciente encuesta que revela una fuerte ca\u00edda del respaldo al gobierno de Javier Milei y el preocupante crecimiento de los ciudadanos indecisos. \u201cNo votar no es protesta, es dejarle el camino libre al oficialismo\u201d, alert\u00f3. <\/p>\n\n\n\n<p><strong>\u00abNo votar no es una se\u00f1al de protesta, es una mala se\u00f1al de protesta\u00bb<\/strong>, sostuvo Carlos Heller, presidente del Banco Credicoop y del Partido Solidario, en su columna en <em>Marca de Radio (AM La Red)<\/em>, al referirse a los datos de una encuesta reciente de la consultora <em>Suban C\u00f3rdoba<\/em>.<\/p>\n\n\n\n<p>Seg\u00fan ese informe, el porcentaje de personas que se identifican como <strong>mile\u00edstas<\/strong> cay\u00f3 del <strong>42,3% en mayo de 2023 al 28,1% en julio de este a\u00f1o<\/strong>, mientras que el n\u00famero de <strong>indecisos<\/strong> subi\u00f3 del <strong>9,1% al 18,3%<\/strong>. \u201cEs un dato que muestra claramente d\u00f3nde hay que enfocar la campa\u00f1a electoral\u201d, remarc\u00f3 Heller.<\/p>\n\n\n\n<figure class=\"wp-block-embed is-type-wp-embed is-provider-incrustado wp-block-embed-incrustado\"><div class=\"wp-block-embed__wrapper\">\n<blockquote class=\"wp-embedded-content\" data-secret=\"yfNFLjnOfp\"><a href=\"https:\/\/www.enorsai.com\/noticias\/politica\/el-emporio-millonario-del-hijo-de-bullrich-70-bares-una-denuncia-congelada-y-muchas-sospechas\/\">El emporio millonario del hijo de Bullrich: 70 bares, una denuncia congelada y muchas sospechas<\/a><\/blockquote><iframe loading=\"lazy\" class=\"wp-embedded-content\" sandbox=\"allow-scripts\" security=\"restricted\" style=\"position: absolute; visibility: hidden;\" title=\"\u00abEl emporio millonario del hijo de Bullrich: 70 bares, una denuncia congelada y muchas sospechas\u00bb \u2014 \" src=\"https:\/\/www.enorsai.com\/noticias\/politica\/el-emporio-millonario-del-hijo-de-bullrich-70-bares-una-denuncia-congelada-y-muchas-sospechas\/embed\/#?secret=9FM9HJXaFh#?secret=yfNFLjnOfp\" data-secret=\"yfNFLjnOfp\" width=\"600\" height=\"338\" frameborder=\"0\" marginwidth=\"0\" marginheight=\"0\" scrolling=\"no\"><\/iframe>\n<\/div><\/figure>\n\n\n\n<p>Al mismo tiempo, el dirigente advirti\u00f3 que estos n\u00fameros tambi\u00e9n reflejan un posible <strong>crecimiento del abstencionismo electoral<\/strong>, una tendencia que se ve en diferentes partes del mundo cuando se combinan desilusi\u00f3n pol\u00edtica y falta de representaci\u00f3n.<\/p>\n\n\n\n<blockquote class=\"wp-block-quote is-layout-flow wp-block-quote-is-layout-flow\">\n<p>\u201cLa ciudadan\u00eda debe entender que votar no es s\u00f3lo una obligaci\u00f3n legal, sino una responsabilidad social\u201d, insisti\u00f3 Heller.<\/p>\n<\/blockquote>\n\n\n\n<p>El tambi\u00e9n economista subray\u00f3 que muchos de los votantes frustrados o indecisos no ser\u00e1n persuadidos desde las redes sociales, sino a trav\u00e9s de un trabajo territorial. \u201cHoy m\u00e1s que nunca hay que revalorizar la militancia. A esa gente enojada que no va a votar, la convenc\u00e9s en el barrio, en el trabajo, en el club. No con un tuit\u201d, dijo.<\/p>\n\n\n\n<figure class=\"wp-block-embed is-type-wp-embed is-provider-incrustado wp-block-embed-incrustado\"><div class=\"wp-block-embed__wrapper\">\n<blockquote class=\"wp-embedded-content\" data-secret=\"59jagbF4nO\"><a href=\"https:\/\/www.enorsai.com\/noticias\/politica\/cuneo-libarona-incremento-su-patrimonio-casi-un-50-en-solo-un-ano\/\">C\u00faneo Libarona increment\u00f3 su patrimonio casi un 50% en s\u00f3lo un a\u00f1o<\/a><\/blockquote><iframe loading=\"lazy\" class=\"wp-embedded-content\" sandbox=\"allow-scripts\" security=\"restricted\" style=\"position: absolute; visibility: hidden;\" title=\"\u00abC\u00faneo Libarona increment\u00f3 su patrimonio casi un 50% en s\u00f3lo un a\u00f1o\u00bb \u2014 \" src=\"https:\/\/www.enorsai.com\/noticias\/politica\/cuneo-libarona-incremento-su-patrimonio-casi-un-50-en-solo-un-ano\/embed\/#?secret=RWJKhnmB73#?secret=59jagbF4nO\" data-secret=\"59jagbF4nO\" width=\"600\" height=\"338\" frameborder=\"0\" marginwidth=\"0\" marginheight=\"0\" scrolling=\"no\"><\/iframe>\n<\/div><\/figure>\n","protected":false},"excerpt":{"rendered":"<p>El economista y dirigente pol\u00edtico Carlos Heller analiz\u00f3 una reciente encuesta que revela una fuerte ca\u00edda del respaldo al gobierno de Javier Milei y el preocupante crecimiento de los ciudadanos indecisos. \u201cNo votar no es protesta, es dejarle el camino libre al oficialismo\u201d, alert\u00f3. \u00abNo votar no es una se\u00f1al de protesta, es una mala&#8230;<\/p>\n","protected":false},"author":4,"featured_media":6818,"comment_status":"open","ping_status":"open","sticky":false,"template":"","format":"standard","meta":{"_monsterinsights_skip_tracking":false,"_monsterinsights_sitenote_active":false,"_monsterinsights_sitenote_note":"","_monsterinsights_sitenote_category":0,"footnotes":"","jetpack_publicize_message":"Carlos Heller analiz\u00f3 una encuesta que muestra la ca\u00edda del apoyo a Milei y el crecimiento de los indecisos. Advirti\u00f3 sobre el peligro del abstencionismo y llam\u00f3 a revalorizar la militancia.","jetpack_publicize_feature_enabled":true,"jetpack_social_post_already_shared":false,"jetpack_social_options":{"image_generator_settings":{"template":"highway","default_image_id":0,"enabled":false},"version":2}},"categories":[17,2],"tags":[2321,2318,2323,2327,1411,2320,2324,2319,2322,2325,189,2326],"class_list":["post-6817","post","type-post","status-publish","format-standard","has-post-thumbnail","hentry","category-opinion","category-politica","tag-abstencionismo-electoral","tag-caida-apoyo-milei","tag-carlos-heller","tag-descontento-social","tag-elecciones-2025","tag-encuesta-suban-cordoba","tag-imagen-milei-encuestas","tag-indecisos-milei","tag-militancia-politica","tag-opinion-heller-milei","tag-participacion-ciudadana","tag-voto-protesta"],"jetpack_publicize_connections":[],"_links":{"self":[{"href":"https:\/\/www.enorsai.com\/noticias\/wp-json\/wp\/v2\/posts\/6817","targetHints":{"allow":["GET"]}}],"collection":[{"href":"https:\/\/www.enorsai.com\/noticias\/wp-json\/wp\/v2\/posts"}],"about":[{"href":"https:\/\/www.enorsai.com\/noticias\/wp-json\/wp\/v2\/types\/post"}],"author":[{"embeddable":true,"href":"https:\/\/www.enorsai.com\/noticias\/wp-json\/wp\/v2\/users\/4"}],"replies":[{"embeddable":true,"href":"https:\/\/www.enorsai.com\/noticias\/wp-json\/wp\/v2\/comments?post=6817"}],"version-history":[{"count":1,"href":"https:\/\/www.enorsai.com\/noticias\/wp-json\/wp\/v2\/posts\/6817\/revisions"}],"predecessor-version":[{"id":6819,"href":"https:\/\/www.enorsai.com\/noticias\/wp-json\/wp\/v2\/posts\/6817\/revisions\/6819"}],"wp:featuredmedia":[{"embeddable":true,"href":"https:\/\/www.enorsai.com\/noticias\/wp-json\/wp\/v2\/media\/6818"}],"wp:attachment":[{"href":"https:\/\/www.enorsai.com\/noticias\/wp-json\/wp\/v2\/media?parent=6817"}],"wp:term":[{"taxonomy":"category","embeddable":true,"href":"https:\/\/www.enorsai.com\/noticias\/wp-json\/wp\/v2\/categories?post=6817"},{"taxonomy":"post_tag","embeddable":true,"href":"https:\/\/www.enorsai.com\/noticias\/wp-json\/wp\/v2\/tags?post=6817"}],"curies":[{"name":"wp","href":"https:\/\/api.w.org\/{rel}","templated":true}]}}