{"id":6803,"date":"2025-07-25T21:13:38","date_gmt":"2025-07-26T00:13:38","guid":{"rendered":"https:\/\/www.enorsai.com\/noticias\/?p=6803"},"modified":"2025-07-25T21:13:38","modified_gmt":"2025-07-26T00:13:38","slug":"25-de-julio-dia-internacional-de-la-mujer-afrodescendiente","status":"publish","type":"post","link":"https:\/\/www.enorsai.com\/noticias\/sociedad\/25-de-julio-dia-internacional-de-la-mujer-afrodescendiente\/","title":{"rendered":"25 de julio: D\u00eda Internacional de la Mujer Afrodescendiente"},"content":{"rendered":"\n<p><strong>Memoria, lucha y visibilidad en clave de g\u00e9nero y antirracismo.<\/strong><\/p>\n\n\n\n<figure class=\"wp-block-image size-full\"><img loading=\"lazy\" decoding=\"async\" width=\"400\" height=\"266\" src=\"https:\/\/www.enorsai.com\/noticias\/wp-content\/uploads\/2025\/07\/1000873906.jpg\" alt=\"\" class=\"wp-image-6804\" srcset=\"https:\/\/www.enorsai.com\/noticias\/wp-content\/uploads\/2025\/07\/1000873906.jpg 400w, https:\/\/www.enorsai.com\/noticias\/wp-content\/uploads\/2025\/07\/1000873906-300x200.jpg 300w\" sizes=\"auto, (max-width: 400px) 100vw, 400px\" \/><\/figure>\n\n\n\n<p>Cada 25 de julio se conmemora el D\u00eda Internacional de la Mujer Afrodescendiente, tambi\u00e9n conocido como el \u201cD\u00eda de la Mujer Afrolatina, Afrocaribe\u00f1a y de la Di\u00e1spora\u201d. Esta fecha remite a un momento clave de la historia reciente: el Primer Encuentro de Mujeres Afrolatinas, Afrocaribe\u00f1as y de la Di\u00e1spora, realizado en 1992 en Rep\u00fablica Dominicana, donde se reunieron mujeres negras de 32 pa\u00edses de Am\u00e9rica Latina y el Caribe. All\u00ed se debatieron las condiciones de vida de las mujeres afro y se definieron estrategias para enfrentar el racismo y el sexismo desde una mirada interseccional.<\/p>\n\n\n\n<p>De ese encuentro hist\u00f3rico naci\u00f3 la \u201cRed de Mujeres Afrolatinoamericanas, Afrocaribe\u00f1as y de la Di\u00e1spora\u201d, una articulaci\u00f3n que hasta hoy contin\u00faa visibilizando las m\u00faltiples formas de opresi\u00f3n que afectan a las mujeres negras y construyendo herramientas de incidencia pol\u00edtica y cultural en toda la regi\u00f3n.<\/p>\n\n\n\n<p><strong>\u00bfQu\u00e9 significa \u00abdi\u00e1spora\u00bb? <\/strong><\/p>\n\n\n\n<p>El t\u00e9rmino hace referencia a la dispersi\u00f3n de un pueblo fuera de su lugar de origen. En este caso, se refiere a las personas africanas que fueron esclavizadas y forzadas a migrar a distintos pa\u00edses de Am\u00e9rica y otras regiones, y a sus descendientes actuales. Las mujeres afrodescendientes de la di\u00e1spora enfrentan, a\u00fan hoy, las consecuencias de ese desarraigo forzado, marcadas por la discriminaci\u00f3n racial y las desigualdades estructurales.<\/p>\n\n\n\n<figure class=\"wp-block-image size-full\"><img loading=\"lazy\" decoding=\"async\" width=\"640\" height=\"427\" src=\"https:\/\/www.enorsai.com\/noticias\/wp-content\/uploads\/2025\/07\/1000873902.jpg\" alt=\"\" class=\"wp-image-6805\" srcset=\"https:\/\/www.enorsai.com\/noticias\/wp-content\/uploads\/2025\/07\/1000873902.jpg 640w, https:\/\/www.enorsai.com\/noticias\/wp-content\/uploads\/2025\/07\/1000873902-300x200.jpg 300w\" sizes=\"auto, (max-width: 640px) 100vw, 640px\" \/><\/figure>\n\n\n\n<p><strong>Realidades afro en Argentina<\/strong><\/p>\n\n\n\n<p>En nuestro pa\u00eds, el racismo estructural ha hecho que durante d\u00e9cadas la poblaci\u00f3n afrodescendiente fuera invisibilizada. Reci\u00e9n con el Censo 2010 se comenz\u00f3 a incorporar la variable \u00e9tnico-racial, dando como resultado 149.493 personas afrodescendientes (0,37\u202f% del total). Doce a\u00f1os despu\u00e9s, el Censo Nacional 2022 report\u00f3 un aumento significativo: 302.936 personas se reconocieron como afrodescendientes, lo que equivale al 0,66\u202f% de la poblaci\u00f3n nacional.<\/p>\n\n\n\n<p>Sin embargo, organizaciones y activistas advierten que el subregistro persiste debido a los efectos de la discriminaci\u00f3n hist\u00f3rica, el blanqueamiento simb\u00f3lico y la falta de pol\u00edticas p\u00fablicas con enfoque \u00e9tnico-racial.<\/p>\n\n\n\n<p><strong>Violencias interseccionales.<\/strong><\/p>\n\n\n\n<p>La vulnerabilidad de las mujeres afrodescendientes no solo est\u00e1 atravesada por la discriminaci\u00f3n racial, sino tambi\u00e9n por las desigualdades de g\u00e9nero, clase y acceso a derechos. Seg\u00fan el Sistema Integrado de Casos de Violencia por Motivo de G\u00e9nero (SICVG), entre mayo de 2020 y mayo de 2023 el Ministerio de Mujeres, G\u00e9neros y Diversidad asisti\u00f3 a 1.945 personas afrodescendientes en situaci\u00f3n de violencia de g\u00e9nero, de las cuales el 95,4\u202f% son mujeres.<\/p>\n\n\n\n<p>\u2022En el 97,8\u202f% de los casos se trat\u00f3 de \u201cviolencia dom\u00e9stica\u201d.<\/p>\n\n\n\n<p>\u2022El 81,8\u202f% de los agresores fueron ex parejas varones.<\/p>\n\n\n\n<p>\u2022El 34,8\u202f% de las mujeres afro asistidas no termin\u00f3 la secundaria.<\/p>\n\n\n\n<p>\u2022Solo el 2,6\u202f% accedi\u00f3 a educaci\u00f3n terciaria o universitaria.<\/p>\n\n\n\n<p>Estos datos muestran la urgencia de dise\u00f1ar pol\u00edticas p\u00fablicas que reconozcan y atiendan las especificidades de las mujeres afrodescendientes, quienes adem\u00e1s enfrentan mayores barreras en el acceso a empleos registrados, vivienda digna y representaci\u00f3n institucional.<\/p>\n\n\n\n<p><strong>Mujeres negras que emprenden, crean y transforman<\/strong><\/p>\n\n\n\n<p>A pesar de las desigualdades, las mujeres afrodescendientes lideran proyectos comunitarios, culturales y econ\u00f3micos que resignifican la historia, la identidad y la autonom\u00eda.<\/p>\n\n\n\n<p>Un ejemplo es \u201cEl Tambo Afro\u201d, espacio cultural y comercial inaugurado en el barrio porte\u00f1o de San Telmo, donde una red de mujeres afro emprendedoras ofrecen arte, cosm\u00e9tica, dise\u00f1o y productos con identidad afro. Seg\u00fan datos regionales, m\u00e1s del 80\u202f% de los emprendimientos afrodescendientes en Am\u00e9rica Latina est\u00e1n liderados por mujeres, lo que revela su rol central como generadoras de trabajo, cuidado y transformaci\u00f3n social.<\/p>\n\n\n\n<figure class=\"wp-block-image size-full\"><img loading=\"lazy\" decoding=\"async\" width=\"1000\" height=\"667\" src=\"https:\/\/www.enorsai.com\/noticias\/wp-content\/uploads\/2025\/07\/1000873965.jpg\" alt=\"\" class=\"wp-image-6806\" srcset=\"https:\/\/www.enorsai.com\/noticias\/wp-content\/uploads\/2025\/07\/1000873965.jpg 1000w, https:\/\/www.enorsai.com\/noticias\/wp-content\/uploads\/2025\/07\/1000873965-300x200.jpg 300w, https:\/\/www.enorsai.com\/noticias\/wp-content\/uploads\/2025\/07\/1000873965-768x512.jpg 768w\" sizes=\"auto, (max-width: 1000px) 100vw, 1000px\" \/><\/figure>\n\n\n\n<p><strong>Un d\u00eda para visibilizar y transformar<\/strong><\/p>\n\n\n\n<p>El 25 de julio no es una simple conmemoraci\u00f3n, sino una interpelaci\u00f3n pol\u00edtica y cultural a nuestras sociedades. Reconocer y acompa\u00f1ar las luchas de las mujeres afrodescendientes implica revisar nuestras pr\u00e1cticas cotidianas, nuestras narrativas hist\u00f3ricas y los modelos de representaci\u00f3n que seguimos reproduciendo.<\/p>\n\n\n\n<p>Implica tambi\u00e9n, como se\u00f1ala la Red de Mujeres Afro de Am\u00e9rica Latina, \u201cponer en el centro de la agenda p\u00fablica la vida digna de las mujeres negras y garantizar la participaci\u00f3n real en todos los espacios de decisi\u00f3n\u201d.<\/p>\n\n\n\n<p>#MujerAfrodescendiente #25DeJulio #Antirracismo  #FeminismosNegros #AfroArgentina #Interseccionalidad<\/p>\n\n\n\n<p><\/p>\n\n\n\n<p><\/p>\n","protected":false},"excerpt":{"rendered":"<p>Memoria, lucha y visibilidad en clave de g\u00e9nero y antirracismo. Cada 25 de julio se conmemora el D\u00eda Internacional de la Mujer Afrodescendiente, tambi\u00e9n conocido como el \u201cD\u00eda de la Mujer Afrolatina, Afrocaribe\u00f1a y de la Di\u00e1spora\u201d. Esta fecha remite a un momento clave de la historia reciente: el Primer Encuentro de Mujeres Afrolatinas, Afrocaribe\u00f1as&#8230;<\/p>\n","protected":false},"author":15,"featured_media":0,"comment_status":"open","ping_status":"open","sticky":false,"template":"","format":"standard","meta":{"_monsterinsights_skip_tracking":false,"_monsterinsights_sitenote_active":false,"_monsterinsights_sitenote_note":"","_monsterinsights_sitenote_category":0,"footnotes":"","jetpack_publicize_message":"","jetpack_publicize_feature_enabled":true,"jetpack_social_post_already_shared":true,"jetpack_social_options":{"image_generator_settings":{"template":"highway","default_image_id":0,"font":"","enabled":false},"version":2}},"categories":[5,1908,4],"tags":[],"class_list":["post-6803","post","type-post","status-publish","format-standard","hentry","category-cultura","category-derechos-humanos","category-sociedad"],"jetpack_publicize_connections":[],"_links":{"self":[{"href":"https:\/\/www.enorsai.com\/noticias\/wp-json\/wp\/v2\/posts\/6803","targetHints":{"allow":["GET"]}}],"collection":[{"href":"https:\/\/www.enorsai.com\/noticias\/wp-json\/wp\/v2\/posts"}],"about":[{"href":"https:\/\/www.enorsai.com\/noticias\/wp-json\/wp\/v2\/types\/post"}],"author":[{"embeddable":true,"href":"https:\/\/www.enorsai.com\/noticias\/wp-json\/wp\/v2\/users\/15"}],"replies":[{"embeddable":true,"href":"https:\/\/www.enorsai.com\/noticias\/wp-json\/wp\/v2\/comments?post=6803"}],"version-history":[{"count":1,"href":"https:\/\/www.enorsai.com\/noticias\/wp-json\/wp\/v2\/posts\/6803\/revisions"}],"predecessor-version":[{"id":6807,"href":"https:\/\/www.enorsai.com\/noticias\/wp-json\/wp\/v2\/posts\/6803\/revisions\/6807"}],"wp:attachment":[{"href":"https:\/\/www.enorsai.com\/noticias\/wp-json\/wp\/v2\/media?parent=6803"}],"wp:term":[{"taxonomy":"category","embeddable":true,"href":"https:\/\/www.enorsai.com\/noticias\/wp-json\/wp\/v2\/categories?post=6803"},{"taxonomy":"post_tag","embeddable":true,"href":"https:\/\/www.enorsai.com\/noticias\/wp-json\/wp\/v2\/tags?post=6803"}],"curies":[{"name":"wp","href":"https:\/\/api.w.org\/{rel}","templated":true}]}}