{"id":6785,"date":"2025-07-25T14:39:29","date_gmt":"2025-07-25T17:39:29","guid":{"rendered":"http:\/\/www.enorsai.com\/noticias\/?p=6785"},"modified":"2025-07-25T14:39:29","modified_gmt":"2025-07-25T17:39:29","slug":"el-suicidio-de-un-policia-en-el-hospital-churruca-revela-la-crisis-profunda-de-la-policia-federal-bajo-el-ajuste-de-milei-y-bullrich","status":"publish","type":"post","link":"https:\/\/www.enorsai.com\/noticias\/politica\/el-suicidio-de-un-policia-en-el-hospital-churruca-revela-la-crisis-profunda-de-la-policia-federal-bajo-el-ajuste-de-milei-y-bullrich\/","title":{"rendered":"El suicidio de un polic\u00eda en el Hospital Churruca revela la crisis profunda de la Polic\u00eda Federal bajo el ajuste de Milei y Bullrich"},"content":{"rendered":"\n<p><strong><em>El suicidio de un oficial en el hospital policial expone la profunda crisis en la fuerza, resultado directo de los recortes brutales del gobierno de Javier Milei. Salarios por el piso, obras sociales colapsadas e internas gremiales alimentadas por la motosierra libertaria. La muerte autoinfligida de un polic\u00eda federal dentro del Hospital Churruca no es una tragedia aislada: es el s\u00edntoma extremo de una pol\u00edtica sistem\u00e1tica de desmantelamiento institucional. Entre la precarizaci\u00f3n salarial, el deterioro de la obra social y una feroz interna sindical, la Polic\u00eda Federal se desangra silenciosamente bajo el brutal ajuste del gobierno de Javier Milei.<\/em><\/strong><\/p>\n\n\n\n<p>El lunes 22 de julio un suboficial ayudante de la Polic\u00eda Federal Argentina ingres\u00f3 al ba\u00f1o del Hospital Churruca, apoy\u00f3 su arma contra la cabeza y apret\u00f3 el gatillo. No fue en un enfrentamiento. No fue producto del deber. Fue un acto desesperado, en el coraz\u00f3n de la instituci\u00f3n, frente a la mirada impotente de sus compa\u00f1eros. Y fue, por sobre todas las cosas, un grito de auxilio.<\/p>\n\n\n\n<p>Aunque desde el entorno del Ministerio de Seguridad intentaron bajarle el tono, atribuy\u00e9ndolo a \u201cuna situaci\u00f3n personal\u201d, lo cierto es que no hay nada m\u00e1s pol\u00edtico que el suicidio de un agente de seguridad en su lugar de trabajo, en el hospital de la fuerza, con el uniforme puesto. En medio de una crisis de proporciones que atraviesa a toda la instituci\u00f3n, este hecho funciona como una se\u00f1al de alarma ineludible. Y apunta directamente al modelo de ajuste despiadado que encarna el gobierno de Javier Milei, donde la vida humana \u2014literalmente\u2014 parece tener un valor de mercado.<\/p>\n\n\n\n<p>Desde diciembre, cuando asumi\u00f3 la presidencia con su promesa de motosierra, Milei no ha dejado t\u00edtere con cabeza en el Estado. Pero en el caso de la Polic\u00eda Federal Argentina, el desguace adquiere ribetes tr\u00e1gicos. Los salarios est\u00e1n por el piso. La base de la pir\u00e1mide cobra apenas por encima del salario m\u00ednimo, vital y m\u00f3vil. Mientras tanto, el costo de vida se dispar\u00f3 a niveles insostenibles y los suplementos por riesgo, antig\u00fcedad y dedicaci\u00f3n se volvieron virtualmente simb\u00f3licos. \u00bfC\u00f3mo se espera que un agente patrulle las calles, contenga situaciones de violencia o resuelva delitos, si no puede garantizar la comida para su familia?<\/p>\n\n\n\n<p>El relato libertario habla de eficiencia, pero en la pr\u00e1ctica la motosierra no distingue funciones estrat\u00e9gicas ni contextos sensibles. En la obra social de la Polic\u00eda Federal, el deterioro es tan profundo que hay pacientes oncol\u00f3gicos que no reciben sus tratamientos, mujeres embarazadas sin controles prenatales y personas con discapacidad sin cobertura b\u00e1sica. El caso del oficial que se quit\u00f3 la vida es apenas la punta del iceberg de una realidad mucho m\u00e1s sombr\u00eda: una fuerza de seguridad nacional empujada al borde del colapso por una gesti\u00f3n que predica la libertad mientras ahorca a los que jura proteger.<\/p>\n\n\n\n<p>El Hospital Churruca, alguna vez s\u00edmbolo de excelencia m\u00e9dica, hoy funciona con presupuesto de guerra. Faltan insumos, se suspenden cirug\u00edas y la infraestructura se cae a pedazos. Hay profesionales que renuncian por el atraso salarial y la sobrecarga de trabajo, dejando al personal sin atenci\u00f3n de calidad. La paradoja es cruel: quienes deben cuidar de la seguridad p\u00fablica, no tienen garantizado ni su propio bienestar f\u00edsico ni psicol\u00f3gico.<\/p>\n\n\n\n<p>A este panorama desolador se suma una feroz interna gremial. La puja por el control de la Mutual de la Polic\u00eda Federal se volvi\u00f3 una batalla encarnizada. El sector conducido por el subcomisario Dar\u00edo El\u00edas \u2014al frente de la Mutual y referente de los retirados\u2014 es cuestionado por su connivencia con el statu quo y su silencio c\u00f3mplice frente al ajuste. Mientras tanto, otros sectores de la fuerza, activos y retirados, comienzan a manifestar su hartazgo. Denuncian falta de representaci\u00f3n real y exigen una conducci\u00f3n que enfrente las pol\u00edticas destructivas del gobierno.<\/p>\n\n\n\n<p>Y no es para menos. Bajo la l\u00f3gica del s\u00e1lvese quien pueda que propone el mile\u00edsmo, los polic\u00edas federales son desechables. Expuestos a la violencia de la calle, la presi\u00f3n institucional y ahora tambi\u00e9n a la desprotecci\u00f3n del Estado. Ya no alcanza con el viejo argumento de que \u201cel que se mete a polic\u00eda sabe a lo que se atiene\u201d. Lo que no sabe \u2014lo que nunca debiera naturalizarse\u2014 es que el propio Estado que lo convoca y le exige, lo abandone en la primera l\u00ednea del ajuste.<\/p>\n\n\n\n<p>El discurso oficial repite como mantra que hay que achicar el gasto p\u00fablico. Pero cuando ese recorte implica dejar sin cobertura m\u00e9dica a un agente con una enfermedad cr\u00f3nica o llevar al suicidio a otro por la imposibilidad de sobrellevar la angustia, el debate deja de ser econ\u00f3mico y pasa a ser \u00e9tico. \u00bfQu\u00e9 clase de sociedad construimos si deshumanizamos a quienes se supone que deben cuidarnos?<\/p>\n\n\n\n<p>Hay, adem\u00e1s, un detalle no menor: la Polic\u00eda Federal no es cualquier fuerza. Hist\u00f3ricamente ligada al poder pol\u00edtico, con acceso a informaci\u00f3n sensible, y con un peso institucional de d\u00e9cadas, su descontento interno no es inocuo. Si el descontento se convierte en fractura, las consecuencias pueden ser impredecibles.<\/p>\n\n\n\n<p>Mientras tanto, la ministra Patricia Bullrich guarda silencio. Ya no tiene el tono firme de anta\u00f1o ni la narrativa de orden y seguridad. A lo sumo, repite frases de ocasi\u00f3n en conferencias de prensa y delega las explicaciones en voceros menores. La pol\u00edtica de seguridad del gobierno de Milei se parece m\u00e1s a un simulacro que a un plan estrat\u00e9gico. Un show de conferencias, detenciones rimbombantes y declaraciones altisonantes, detr\u00e1s del cual se esconde una fuerza desfinanciada, con hombres y mujeres al l\u00edmite del colapso f\u00edsico y emocional.<\/p>\n\n\n\n<p>La muerte del polic\u00eda en el Churruca no es un caso aislado ni una excepci\u00f3n. Es el emergente doloroso de una pol\u00edtica que desprecia la vida. El silencio institucional que rodea el hecho, lejos de calmar las aguas, las agita. Porque en cada rinc\u00f3n de la fuerza, desde los patrulleros hasta las oficinas administrativas, se percibe el mismo sentimiento: abandono. Y con \u00e9l, el germen del resentimiento.<\/p>\n\n\n\n<p>El modelo libertario de Milei, que se vanagloria de la destrucci\u00f3n del Estado, empieza a mostrar sus efectos m\u00e1s crueles en donde nadie pensaba: en las fuerzas de seguridad. All\u00ed donde el orden deb\u00eda ser bandera, hoy reina la incertidumbre. All\u00ed donde la contenci\u00f3n deb\u00eda ser pol\u00edtica de Estado, hay desidia, ajuste y desprecio.<\/p>\n\n\n\n<p>No hay motosierra que pueda justificar que un hombre se quite la vida por no tener contenci\u00f3n, ni salarios que le permitan vivir con dignidad. La pregunta es cu\u00e1ntos m\u00e1s deber\u00e1n caer antes de que el gobierno deje de mirar para otro lado. Porque cuando la tragedia golpea dentro de la misma instituci\u00f3n que debe protegernos, la l\u00ednea que separa el caos del orden se vuelve peligrosamente difusa.<\/p>\n\n\n\n<p><strong>Fuente:<\/strong><br><a href=\"https:\/\/www.pagina12.com.ar\/844561-la-federal-no-se-escapa-del-ajuste-libertario\">https:\/\/www.pagina12.com.ar\/844561-la-federal-no-se-escapa-del-ajuste-libertario<\/a><\/p>\n","protected":false},"excerpt":{"rendered":"<p>El suicidio de un polic\u00eda federal en el Hospital Churruca expone la brutal crisis interna de la fuerza, atravesada por sueldos miserables, una obra social colapsada e internas gremiales corrosivas. El ajuste de Milei no s\u00f3lo degrada al Estado: tambi\u00e9n pone en riesgo la vida de quienes lo sostienen desde adentro.<\/p>\n","protected":false},"author":12,"featured_media":6786,"comment_status":"open","ping_status":"open","sticky":false,"template":"","format":"standard","meta":{"_monsterinsights_skip_tracking":false,"_monsterinsights_sitenote_active":false,"_monsterinsights_sitenote_note":"","_monsterinsights_sitenote_category":0,"footnotes":"","jetpack_publicize_message":"","jetpack_publicize_feature_enabled":true,"jetpack_social_post_already_shared":true,"jetpack_social_options":{"image_generator_settings":{"template":"highway","default_image_id":0,"font":"","enabled":false},"version":2}},"categories":[2],"tags":[58,2278,43,36,45,2276,474,365,263,2277],"class_list":["post-6785","post","type-post","status-publish","format-standard","has-post-thumbnail","hentry","category-politica","tag-ajuste","tag-churruca","tag-crisis","tag-libertarismo","tag-milei","tag-obra_social","tag-policia","tag-represion","tag-salarios","tag-suicidio"],"jetpack_publicize_connections":[],"_links":{"self":[{"href":"https:\/\/www.enorsai.com\/noticias\/wp-json\/wp\/v2\/posts\/6785","targetHints":{"allow":["GET"]}}],"collection":[{"href":"https:\/\/www.enorsai.com\/noticias\/wp-json\/wp\/v2\/posts"}],"about":[{"href":"https:\/\/www.enorsai.com\/noticias\/wp-json\/wp\/v2\/types\/post"}],"author":[{"embeddable":true,"href":"https:\/\/www.enorsai.com\/noticias\/wp-json\/wp\/v2\/users\/12"}],"replies":[{"embeddable":true,"href":"https:\/\/www.enorsai.com\/noticias\/wp-json\/wp\/v2\/comments?post=6785"}],"version-history":[{"count":1,"href":"https:\/\/www.enorsai.com\/noticias\/wp-json\/wp\/v2\/posts\/6785\/revisions"}],"predecessor-version":[{"id":6787,"href":"https:\/\/www.enorsai.com\/noticias\/wp-json\/wp\/v2\/posts\/6785\/revisions\/6787"}],"wp:featuredmedia":[{"embeddable":true,"href":"https:\/\/www.enorsai.com\/noticias\/wp-json\/wp\/v2\/media\/6786"}],"wp:attachment":[{"href":"https:\/\/www.enorsai.com\/noticias\/wp-json\/wp\/v2\/media?parent=6785"}],"wp:term":[{"taxonomy":"category","embeddable":true,"href":"https:\/\/www.enorsai.com\/noticias\/wp-json\/wp\/v2\/categories?post=6785"},{"taxonomy":"post_tag","embeddable":true,"href":"https:\/\/www.enorsai.com\/noticias\/wp-json\/wp\/v2\/tags?post=6785"}],"curies":[{"name":"wp","href":"https:\/\/api.w.org\/{rel}","templated":true}]}}