{"id":6773,"date":"2025-07-25T10:54:20","date_gmt":"2025-07-25T13:54:20","guid":{"rendered":"https:\/\/www.enorsai.com\/noticias\/?p=6773"},"modified":"2025-07-25T10:57:02","modified_gmt":"2025-07-25T13:57:02","slug":"ex-subjefe-de-la-policia-advirtio-ningun-policia-en-actividad-puede-militar-politicamente","status":"publish","type":"post","link":"https:\/\/www.enorsai.com\/noticias\/politica\/ex-subjefe-de-la-policia-advirtio-ningun-policia-en-actividad-puede-militar-politicamente\/","title":{"rendered":"Ex subjefe de la Polic\u00eda advirti\u00f3: \u201cNing\u00fan polic\u00eda en actividad puede militar pol\u00edticamente\u201d"},"content":{"rendered":"\n<p><strong>En una entrevista con La Red, el ex subjefe de la Polic\u00eda Bonaerense, Salvador Baratta, respald\u00f3 la decisi\u00f3n del gobernador Axel Kicillof de sancionar a 24 polic\u00edas acusados de mantener v\u00ednculos con un candidato de La Libertad Avanza. Baratta fue contundente: \u201cLa ley es clara: ning\u00fan polic\u00eda en actividad puede hacer pol\u00edtica\u201d.<\/strong><\/p>\n\n\n\n<h2 class=\"wp-block-heading\">Una interna policial con repercusiones pol\u00edticas<\/h2>\n\n\n\n<p>En medio de una ola de inseguridad que azota a la provincia de Buenos Aires, la decisi\u00f3n de Kicillof de apartar a 24 efectivos policiales por presuntas actividades pol\u00edticas gener\u00f3 controversia. Mientras desde el oficialismo bonaerense se los acusa de hacer espionaje para beneficiar al candidato libertario Maximiliano Bondarenko, Patricia Bullrich sostiene que \u201csolo eran amigos compartiendo un asado\u201d.<\/p>\n\n\n\n<p>Consultado por el periodista Paulo Vilouta, Baratta fue tajante: \u201cLos polic\u00edas deben cuidarse porque, a diferencia de los pol\u00edticos, si cometen un error, se quedan sin carrera en un instante. No hay piedad para nosotros\u201d, sentenci\u00f3.<\/p>\n\n\n\n<figure class=\"wp-block-embed is-type-wp-embed is-provider-incrustado wp-block-embed-incrustado\"><div class=\"wp-block-embed__wrapper\">\n<blockquote class=\"wp-embedded-content\" data-secret=\"DCjVfGCvh6\"><a href=\"https:\/\/www.enorsai.com\/noticias\/politica\/el-emporio-millonario-del-hijo-de-bullrich-70-bares-una-denuncia-congelada-y-muchas-sospechas\/\">El emporio millonario del hijo de Bullrich: 70 bares, una denuncia congelada y muchas sospechas<\/a><\/blockquote><iframe loading=\"lazy\" class=\"wp-embedded-content\" sandbox=\"allow-scripts\" security=\"restricted\" style=\"position: absolute; visibility: hidden;\" title=\"\u00abEl emporio millonario del hijo de Bullrich: 70 bares, una denuncia congelada y muchas sospechas\u00bb \u2014 \" src=\"https:\/\/www.enorsai.com\/noticias\/politica\/el-emporio-millonario-del-hijo-de-bullrich-70-bares-una-denuncia-congelada-y-muchas-sospechas\/embed\/#?secret=yw1dIORQO3#?secret=DCjVfGCvh6\" data-secret=\"DCjVfGCvh6\" width=\"600\" height=\"338\" frameborder=\"0\" marginwidth=\"0\" marginheight=\"0\" scrolling=\"no\"><\/iframe>\n<\/div><\/figure>\n\n\n\n<h2 class=\"wp-block-heading\">La advertencia de Baratta a los polic\u00edas<\/h2>\n\n\n\n<p>\u201cSi un comisario quiere hacer pol\u00edtica, debe pedir el retiro. No se pueden hacer las dos cosas a la vez\u201d, advirti\u00f3. En ese sentido, fue claro al explicar que la normativa proh\u00edbe expresamente cualquier participaci\u00f3n pol\u00edtica de polic\u00edas activos. \u201cAunque sea un caf\u00e9 o un asado con un candidato, eso puede interpretarse como militancia\u201d, agreg\u00f3.<\/p>\n\n\n\n<p>Baratta record\u00f3 casos similares en gestiones anteriores, como el del comisario Javier Mart\u00ednez durante el gobierno de Mar\u00eda Eugenia Vidal, quien fue desplazado por participar en una reuni\u00f3n vecinal donde estaba presente una diputada opositora. \u201cEsto no es nuevo, siempre que se mezcla pol\u00edtica con polic\u00eda, pasa lo mismo\u201d, sostuvo.<\/p>\n\n\n\n<figure class=\"wp-block-embed is-type-wp-embed is-provider-incrustado wp-block-embed-incrustado\"><div class=\"wp-block-embed__wrapper\">\n<blockquote class=\"wp-embedded-content\" data-secret=\"wWZWG8f47j\"><a href=\"https:\/\/www.enorsai.com\/noticias\/sociedad\/el-complot-policial-alentado-por-nacion-contra-la-gobernabilidad-de-la-provincia-de-buenos-aires\/\">El complot policial alentado por Naci\u00f3n contra la gobernabilidad de la provincia de Buenos Aires<\/a><\/blockquote><iframe loading=\"lazy\" class=\"wp-embedded-content\" sandbox=\"allow-scripts\" security=\"restricted\" style=\"position: absolute; visibility: hidden;\" title=\"\u00abEl complot policial alentado por Naci\u00f3n contra la gobernabilidad de la provincia de Buenos Aires\u00bb \u2014 \" src=\"https:\/\/www.enorsai.com\/noticias\/sociedad\/el-complot-policial-alentado-por-nacion-contra-la-gobernabilidad-de-la-provincia-de-buenos-aires\/embed\/#?secret=ICFh3TRdEk#?secret=wWZWG8f47j\" data-secret=\"wWZWG8f47j\" width=\"600\" height=\"338\" frameborder=\"0\" marginwidth=\"0\" marginheight=\"0\" scrolling=\"no\"><\/iframe>\n<\/div><\/figure>\n\n\n\n<h2 class=\"wp-block-heading\">Cr\u00edticas a Bullrich y una defensa impl\u00edcita a Kicillof<\/h2>\n\n\n\n<p>Frente a las acusaciones de Patricia Bullrich, quien dijo que \u201cKicillof odia a la polic\u00eda\u201d, Baratta se mostr\u00f3 m\u00e1s equilibrado pero cr\u00edtico: \u201cEl kirchnerismo durante 20 a\u00f1os ha sembrado la idea de que la polic\u00eda es el enemigo. Pero tambi\u00e9n Vidal nos maltrat\u00f3 mucho. Nos sac\u00f3 beneficios y derechos\u201d.<\/p>\n\n\n\n<p>Asimismo, consider\u00f3 que la intervenci\u00f3n de la pol\u00edtica partidaria en la seguridad \u201ces una payasada\u201d que perjudica directamente a los efectivos que arriesgan su vida. \u201cMientras discuten si los echan o no, tenemos un polic\u00eda con p\u00e9rdida de masa encef\u00e1lica en el Hospital Evita de Lan\u00fas. Y de eso nadie habla\u201d, denunci\u00f3.<\/p>\n\n\n\n<h3 class=\"wp-block-heading\">Un mensaje claro: cuidar el trabajo por encima de todo<\/h3>\n\n\n\n<p>Baratta concluy\u00f3 la entrevista con un llamado a la conciencia de los uniformados: \u201cMuchachos, no se dejen embaucar. Cu\u00eddense. Nadie los va a cuidar si los usan como piezas en una interna electoral. Y si eligen hacer pol\u00edtica, tengan la valent\u00eda de dejar la fuerza y jugarse por entero\u201d.<\/p>\n\n\n\n<p>Con esta declaraci\u00f3n, el ex jefe policial se desmarca tanto de los discursos oportunistas como de las estructuras pol\u00edticas que hist\u00f3ricamente han usado a la polic\u00eda como variable de ajuste o herramienta electoral.<\/p>\n","protected":false},"excerpt":{"rendered":"<p>En una entrevista con La Red, el ex subjefe de la Polic\u00eda Bonaerense, Salvador Baratta, respald\u00f3 la decisi\u00f3n del gobernador Axel Kicillof de sancionar a 24 polic\u00edas acusados de mantener v\u00ednculos con un candidato de La Libertad Avanza. Baratta fue contundente: \u201cLa ley es clara: ning\u00fan polic\u00eda en actividad puede hacer pol\u00edtica\u201d. Una interna policial&#8230;<\/p>\n","protected":false},"author":4,"featured_media":6774,"comment_status":"open","ping_status":"open","sticky":false,"template":"","format":"standard","meta":{"_monsterinsights_skip_tracking":false,"_monsterinsights_sitenote_active":false,"_monsterinsights_sitenote_note":"","_monsterinsights_sitenote_category":0,"footnotes":"","jetpack_publicize_message":"El ex subjefe de la Bonaerense Salvador Baratta respald\u00f3 la decisi\u00f3n de Axel Kicillof de sancionar a 24 polic\u00edas y advirti\u00f3 que est\u00e1 prohibido que polic\u00edas activos participen en pol\u00edtica. Cr\u00edticas a Bullrich y alerta por la inseguridad.","jetpack_publicize_feature_enabled":true,"jetpack_social_post_already_shared":false,"jetpack_social_options":{"image_generator_settings":{"template":"highway","default_image_id":0,"enabled":false},"version":2}},"categories":[2,4],"tags":[238,2270,2271,2265,2266,2275,104,2274,2268,197,2264,431,2272,2261,2267,2269,2273,2262,2263],"class_list":["post-6773","post","type-post","status-publish","format-standard","has-post-thumbnail","hentry","category-politica","category-sociedad","tag-axel-kicillof","tag-bullrich-policia","tag-entrevistas-radiales","tag-espionaje-policial","tag-fuerzas-de-seguridad","tag-internas-politicas","tag-kicillof","tag-la-red-910","tag-ley-de-la-bonaerense","tag-libertad-avanza","tag-maximiliano-bondarenko","tag-patricia-bullrich","tag-paulo-vilouta","tag-policia-bonaerense","tag-policia-y-politica","tag-policias-sancionados","tag-policias-y-elecciones","tag-salvador-baratta","tag-seguridad-en-la-provincia"],"jetpack_publicize_connections":[],"_links":{"self":[{"href":"https:\/\/www.enorsai.com\/noticias\/wp-json\/wp\/v2\/posts\/6773","targetHints":{"allow":["GET"]}}],"collection":[{"href":"https:\/\/www.enorsai.com\/noticias\/wp-json\/wp\/v2\/posts"}],"about":[{"href":"https:\/\/www.enorsai.com\/noticias\/wp-json\/wp\/v2\/types\/post"}],"author":[{"embeddable":true,"href":"https:\/\/www.enorsai.com\/noticias\/wp-json\/wp\/v2\/users\/4"}],"replies":[{"embeddable":true,"href":"https:\/\/www.enorsai.com\/noticias\/wp-json\/wp\/v2\/comments?post=6773"}],"version-history":[{"count":3,"href":"https:\/\/www.enorsai.com\/noticias\/wp-json\/wp\/v2\/posts\/6773\/revisions"}],"predecessor-version":[{"id":6777,"href":"https:\/\/www.enorsai.com\/noticias\/wp-json\/wp\/v2\/posts\/6773\/revisions\/6777"}],"wp:featuredmedia":[{"embeddable":true,"href":"https:\/\/www.enorsai.com\/noticias\/wp-json\/wp\/v2\/media\/6774"}],"wp:attachment":[{"href":"https:\/\/www.enorsai.com\/noticias\/wp-json\/wp\/v2\/media?parent=6773"}],"wp:term":[{"taxonomy":"category","embeddable":true,"href":"https:\/\/www.enorsai.com\/noticias\/wp-json\/wp\/v2\/categories?post=6773"},{"taxonomy":"post_tag","embeddable":true,"href":"https:\/\/www.enorsai.com\/noticias\/wp-json\/wp\/v2\/tags?post=6773"}],"curies":[{"name":"wp","href":"https:\/\/api.w.org\/{rel}","templated":true}]}}