{"id":6769,"date":"2025-07-25T10:12:25","date_gmt":"2025-07-25T13:12:25","guid":{"rendered":"https:\/\/www.enorsai.com\/noticias\/?p=6769"},"modified":"2025-07-25T10:12:25","modified_gmt":"2025-07-25T13:12:25","slug":"despidos-masivos-en-aesa-exigen-reincorporacion-y-denuncian-ajuste-salarial-brutal","status":"publish","type":"post","link":"https:\/\/www.enorsai.com\/noticias\/economia\/despidos-masivos-en-aesa-exigen-reincorporacion-y-denuncian-ajuste-salarial-brutal\/","title":{"rendered":"Despidos masivos en AESA: exigen reincorporaci\u00f3n y denuncian ajuste salarial brutal"},"content":{"rendered":"\n<p><strong>Alfredo Mart\u00ednez, delegado de los trabajadores de AESA en Canning, denunci\u00f3 el despido de 43 operarios sin previo aviso. La empresa, ligada a YPF, exige una reducci\u00f3n salarial del 42,5% como condici\u00f3n para reinsertarlos. Hay paro total y acampe en la planta.<\/strong><\/p>\n\n\n\n<h2 class=\"wp-block-heading\">\u201cNos dejaron en la calle\u201d: trabajadores de AESA en lucha<\/h2>\n\n\n\n<p>En di\u00e1logo con <strong>La Ma\u00f1ana con V\u00edctor Hugo<\/strong> por AM 750, el delegado <strong>Alfredo Mart\u00ednez<\/strong> denunci\u00f3 una situaci\u00f3n cr\u00edtica en la planta que la firma <strong>AESA<\/strong> \u2014vinculada a YPF\u2014 posee en Canning: <strong>43 trabajadores fueron despedidos de forma abrupta<\/strong>, en el marco de una presi\u00f3n sistem\u00e1tica por parte de la empresa para bajar salarios.<\/p>\n\n\n\n<p>\u201c<em>Hace 25 d\u00edas despidieron a 43 compa\u00f1eros. La empresa ven\u00eda amenazando con una rebaja del 42,5% y termin\u00f3 ejecutando los despidos sin aviso<\/em>\u201d, relat\u00f3 Mart\u00ednez.<\/p>\n\n\n\n<h3 class=\"wp-block-heading\">Acampe, paro y resistencia<\/h3>\n\n\n\n<p>Tras la decisi\u00f3n empresarial, los trabajadores iniciaron un <strong>acampe frente a la f\u00e1brica y un paro por tiempo indeterminado<\/strong>. La medida fue votada en asamblea como forma de resistencia ante lo que consideran una maniobra extorsiva.<\/p>\n\n\n\n<figure class=\"wp-block-embed is-type-wp-embed is-provider-incrustado wp-block-embed-incrustado\"><div class=\"wp-block-embed__wrapper\">\n<blockquote class=\"wp-embedded-content\" data-secret=\"5DWKLczkZG\"><a href=\"https:\/\/www.enorsai.com\/noticias\/economia\/ypf-en-la-encrucijada-desguace-o-reactivacion-la-gestion-de-marin-bajo-la-lupa\/\">YPF en la Encrucijada: \u00bfDesguace o Reactivaci\u00f3n? La gesti\u00f3n de Mar\u00edn bajo la lupa<\/a><\/blockquote><iframe loading=\"lazy\" class=\"wp-embedded-content\" sandbox=\"allow-scripts\" security=\"restricted\" style=\"position: absolute; visibility: hidden;\" title=\"\u00abYPF en la Encrucijada: \u00bfDesguace o Reactivaci\u00f3n? La gesti\u00f3n de Mar\u00edn bajo la lupa\u00bb \u2014 \" src=\"https:\/\/www.enorsai.com\/noticias\/economia\/ypf-en-la-encrucijada-desguace-o-reactivacion-la-gestion-de-marin-bajo-la-lupa\/embed\/#?secret=N1ecQNRV3v#?secret=5DWKLczkZG\" data-secret=\"5DWKLczkZG\" width=\"600\" height=\"338\" frameborder=\"0\" marginwidth=\"0\" marginheight=\"0\" scrolling=\"no\"><\/iframe>\n<\/div><\/figure>\n\n\n\n<p>\u201c<em>Nos piden que nos bajemos el sueldo casi a la mitad para reincorporar a los compa\u00f1eros. Es una verg\u00fcenza. Nosotros tambi\u00e9n tenemos familia<\/em>\u201d, lament\u00f3 el delegado.<\/p>\n\n\n\n<h3 class=\"wp-block-heading\">Un plan de ajuste disfrazado de negociaci\u00f3n<\/h3>\n\n\n\n<p>La empresa <strong>Astra Evangelista S.A.<\/strong> (AESA), con m\u00e1s de 75 a\u00f1os de trayectoria, atraviesa un conflicto grave con sus trabajadores. Seg\u00fan Mart\u00ednez, todos los representantes de la planta \u2014desde Recursos Humanos hasta gerentes y supervisores\u2014 \u201c<em>est\u00e1n sintonizados con la misma canci\u00f3n: bajar sueldos o nada<\/em>\u201d.<\/p>\n\n\n\n<figure class=\"wp-block-embed is-type-wp-embed is-provider-incrustado wp-block-embed-incrustado\"><div class=\"wp-block-embed__wrapper\">\n<blockquote class=\"wp-embedded-content\" data-secret=\"1auK7E8BZX\"><a href=\"https:\/\/www.enorsai.com\/noticias\/economia\/banco-santander-mas-de-1-500-telegramas-de-despidos-en-todo-el-pais\/\">Banco Santander: M\u00e1s de 1.500 telegramas de despidos en todo el pais<\/a><\/blockquote><iframe loading=\"lazy\" class=\"wp-embedded-content\" sandbox=\"allow-scripts\" security=\"restricted\" style=\"position: absolute; visibility: hidden;\" title=\"\u00abBanco Santander: M\u00e1s de 1.500 telegramas de despidos en todo el pais\u00bb \u2014 \" src=\"https:\/\/www.enorsai.com\/noticias\/economia\/banco-santander-mas-de-1-500-telegramas-de-despidos-en-todo-el-pais\/embed\/#?secret=fy4oDDtWR3#?secret=1auK7E8BZX\" data-secret=\"1auK7E8BZX\" width=\"600\" height=\"338\" frameborder=\"0\" marginwidth=\"0\" marginheight=\"0\" scrolling=\"no\"><\/iframe>\n<\/div><\/figure>\n\n\n\n<p>Desde el sindicato se ofrecieron mecanismos de mediaci\u00f3n y <strong>planes de suspensi\u00f3n para evitar los despidos<\/strong>, pero la empresa los rechaz\u00f3 sistem\u00e1ticamente.<\/p>\n\n\n\n<h2 class=\"wp-block-heading\">Sin respuestas del Ministerio<\/h2>\n\n\n\n<p>Los trabajadores presentaron un pedido formal en la sede del <strong>Ministerio de Trabajo de Ezeiza<\/strong> para que se haga presente un veedor o inspector que constate la situaci\u00f3n en planta. \u201c<em>Desde el d\u00eda uno presentamos escritos. Al d\u00eda de hoy, no obtuvimos ni una sola respuesta<\/em>\u201d, denunci\u00f3 Mart\u00ednez.<\/p>\n\n\n\n<p>Para los trabajadores, <strong>el silencio oficial confirma el alineamiento del Estado con el poder empresario<\/strong> en detrimento de los derechos laborales. \u201c<em>Est\u00e1n tirando para el lado del empresario y no para los compa\u00f1eros<\/em>\u201d, sentenci\u00f3 el delegado.<\/p>\n\n\n\n<h3 class=\"wp-block-heading\">Unidad frente al atropello<\/h3>\n\n\n\n<p>Pese a las presiones, <strong>los trabajadores se mantienen firmes<\/strong> en la lucha. \u201c<em>Quieren quebrarnos, pero estamos m\u00e1s unidos que nunca<\/em>\u201d, asegur\u00f3 Mart\u00ednez, y pidi\u00f3 mayor visibilidad para el conflicto.<\/p>\n\n\n\n<p>En palabras del propio <strong>V\u00edctor Hugo Morales<\/strong> al cierre de la entrevista: \u201c<em>Una jugada sucia de la empresa. Les dicen: \u00bfquieren reincorporar a los despedidos? B\u00e1jense el sueldo. As\u00ed buscan romper la unidad de los laburantes, pero en este caso no lo logran<\/em>\u201d.<\/p>\n\n\n\n<p>Nota relacionada: <a href=\"https:\/\/www.enorsai.com.ar\/sindicales\/42820-paro-total-en-la-planta-de-aesa-tras-el-despido-de-43-trabajadores.html\" target=\"_blank\" rel=\"noreferrer noopener\">Paro total en AESA tras el despido masivo<\/a><\/p>\n\n\n\n<h2 class=\"wp-block-heading\">\u00bfQuer\u00e9s aparecer en En Orsai?<\/h2>\n\n\n\n<p><strong>Sum\u00e1 tu proyecto o empresa en una nota como esta<\/strong>. Escribinos para publicar <strong>contenido patrocinado (bakalink)<\/strong> en nuestro portal con alto alcance y posicionamiento en buscadores. <\/p>\n\n\n\n<figure class=\"wp-block-embed is-type-wp-embed is-provider-incrustado wp-block-embed-incrustado\"><div class=\"wp-block-embed__wrapper\">\n<blockquote class=\"wp-embedded-content\" data-secret=\"ngBK9BXs3r\"><a href=\"https:\/\/www.enorsai.com\/noticias\/economia\/toyota-profundiza-su-ajuste-tras-el-parate-de-17-dias-se-viene-una-nueva-ola-de-despidos-en-la-planta-de-zarate\/\">Toyota profundiza su ajuste: tras el parate de 17 d\u00edas, se viene una nueva ola de despidos en la planta de Z\u00e1rate<\/a><\/blockquote><iframe loading=\"lazy\" class=\"wp-embedded-content\" sandbox=\"allow-scripts\" security=\"restricted\" style=\"position: absolute; visibility: hidden;\" title=\"\u00abToyota profundiza su ajuste: tras el parate de 17 d\u00edas, se viene una nueva ola de despidos en la planta de Z\u00e1rate\u00bb \u2014 \" src=\"https:\/\/www.enorsai.com\/noticias\/economia\/toyota-profundiza-su-ajuste-tras-el-parate-de-17-dias-se-viene-una-nueva-ola-de-despidos-en-la-planta-de-zarate\/embed\/#?secret=41O2n13uGr#?secret=ngBK9BXs3r\" data-secret=\"ngBK9BXs3r\" width=\"600\" height=\"338\" frameborder=\"0\" marginwidth=\"0\" marginheight=\"0\" scrolling=\"no\"><\/iframe>\n<\/div><\/figure>\n","protected":false},"excerpt":{"rendered":"<p>Alfredo Mart\u00ednez, delegado de los trabajadores de AESA en Canning, denunci\u00f3 el despido de 43 operarios sin previo aviso. La empresa, ligada a YPF, exige una reducci\u00f3n salarial del 42,5% como condici\u00f3n para reinsertarlos. Hay paro total y acampe en la planta. \u201cNos dejaron en la calle\u201d: trabajadores de AESA en lucha En di\u00e1logo con&#8230;<\/p>\n","protected":false},"author":4,"featured_media":6770,"comment_status":"open","ping_status":"open","sticky":false,"template":"","format":"standard","meta":{"_monsterinsights_skip_tracking":false,"_monsterinsights_sitenote_active":false,"_monsterinsights_sitenote_note":"","_monsterinsights_sitenote_category":0,"footnotes":"","jetpack_publicize_message":"Alfredo Mart\u00ednez, delegado de los trabajadores de AESA en Canning, denunci\u00f3 el despido de 43 operarios sin previo aviso. La empresa, ligada a YPF, exige una reducci\u00f3n salarial del 42,5% como condici\u00f3n para reinsertarlos. Hay paro total y acampe en la planta.","jetpack_publicize_feature_enabled":true,"jetpack_social_post_already_shared":false,"jetpack_social_options":{"image_generator_settings":{"template":"highway","default_image_id":0,"enabled":false},"version":2}},"categories":[3,4],"tags":[2257,2253,2254,2251,2252,193,2260,2259,2258,2255,2256,413,2109,411],"class_list":["post-6769","post","type-post","status-publish","format-standard","has-post-thumbnail","hentry","category-economia","category-sociedad","tag-acampe","tag-aesa","tag-ajuste-salarial","tag-alfredo-martinez","tag-conflicto-gremial","tag-despidos","tag-lucha-laboral","tag-ministerio-de-trabajo","tag-paro-indeterminado","tag-planta-canning","tag-reduccion-de-salario","tag-sindicato","tag-trabajadores-despedidos","tag-ypf"],"jetpack_publicize_connections":[],"_links":{"self":[{"href":"https:\/\/www.enorsai.com\/noticias\/wp-json\/wp\/v2\/posts\/6769","targetHints":{"allow":["GET"]}}],"collection":[{"href":"https:\/\/www.enorsai.com\/noticias\/wp-json\/wp\/v2\/posts"}],"about":[{"href":"https:\/\/www.enorsai.com\/noticias\/wp-json\/wp\/v2\/types\/post"}],"author":[{"embeddable":true,"href":"https:\/\/www.enorsai.com\/noticias\/wp-json\/wp\/v2\/users\/4"}],"replies":[{"embeddable":true,"href":"https:\/\/www.enorsai.com\/noticias\/wp-json\/wp\/v2\/comments?post=6769"}],"version-history":[{"count":1,"href":"https:\/\/www.enorsai.com\/noticias\/wp-json\/wp\/v2\/posts\/6769\/revisions"}],"predecessor-version":[{"id":6771,"href":"https:\/\/www.enorsai.com\/noticias\/wp-json\/wp\/v2\/posts\/6769\/revisions\/6771"}],"wp:featuredmedia":[{"embeddable":true,"href":"https:\/\/www.enorsai.com\/noticias\/wp-json\/wp\/v2\/media\/6770"}],"wp:attachment":[{"href":"https:\/\/www.enorsai.com\/noticias\/wp-json\/wp\/v2\/media?parent=6769"}],"wp:term":[{"taxonomy":"category","embeddable":true,"href":"https:\/\/www.enorsai.com\/noticias\/wp-json\/wp\/v2\/categories?post=6769"},{"taxonomy":"post_tag","embeddable":true,"href":"https:\/\/www.enorsai.com\/noticias\/wp-json\/wp\/v2\/tags?post=6769"}],"curies":[{"name":"wp","href":"https:\/\/api.w.org\/{rel}","templated":true}]}}