{"id":6765,"date":"2025-07-25T08:43:20","date_gmt":"2025-07-25T11:43:20","guid":{"rendered":"https:\/\/www.enorsai.com\/noticias\/?p=6765"},"modified":"2025-07-25T08:43:20","modified_gmt":"2025-07-25T11:43:20","slug":"kreplak-sin-vueltas-inventan-numeros-mienten-y-desfinancian-los-hospitales-nacionales","status":"publish","type":"post","link":"https:\/\/www.enorsai.com\/noticias\/politica\/kreplak-sin-vueltas-inventan-numeros-mienten-y-desfinancian-los-hospitales-nacionales\/","title":{"rendered":"Kreplak sin vueltas: \u201cInventan n\u00fameros, mienten y desfinancian los hospitales nacionales\u201d"},"content":{"rendered":"\n<p><strong><em>Kreplak volvi\u00f3 a denunciar que Naci\u00f3n inventa una deuda con el Garrahan para encubrir el ajuste y desfinanciamiento del sistema de salud p\u00fablico.<\/em><\/strong><\/p>\n\n\n\n<p>El ministro de Salud bonaerense, Nicol\u00e1s Kreplak, volvi\u00f3 a cuestionar duramente al Gobierno Nacional por la situaci\u00f3n cr\u00edtica de los hospitales nacionales, entre ellos el Garrahan. En un nuevo mensaje publicado en sus redes sociales, el funcionario acus\u00f3 a la gesti\u00f3n de Javier Milei de mentir, desfinanciar el sistema p\u00fablico y aplicar un ajuste feroz que est\u00e1 afectando directamente a millones de bonaerenses.<\/p>\n\n\n\n<p>La nueva cr\u00edtica surge en medio del sostenido conflicto por el financiamiento del Hospital Garrahan, en el que Naci\u00f3n ha acusado a la obra social bonaerense IOMA de mantener deudas millonarias. Kreplak, que ya hab\u00eda desmentido esa versi\u00f3n en di\u00e1logo con Infocielo, sostuvo que se trata de una \u201cdeuda inventada\u201d y advirti\u00f3 que el Gobierno nacional \u201cmiente descaradamente, inventa n\u00fameros y confunde\u201d para justificar su mala gesti\u00f3n.<\/p>\n\n\n\n<p>En su publicaci\u00f3n en X (antes Twitter), el ministro fue categ\u00f3rico: \u201cEl gobierno nacional insiste con la \u2018deuda\u2019 inventada de los hospitales nacionales. Hospitales que, como el Garrahan, est\u00e1n desfinanciando y pasando la motosierra tal cual prometieron\u201d. Y agreg\u00f3: \u201cComo no se pueden hacer cargo del ajuste y su gesti\u00f3n es p\u00e9sima, mienten descaradamente, inventan n\u00fameros y confunden\u201d.<\/p>\n\n\n\n<p>Ya en declaraciones exclusivas a este medio, Kreplak hab\u00eda explicado que el conflicto se origin\u00f3 cuando el Gobierno nacional elimin\u00f3 el sistema HPGD, una herramienta que permit\u00eda auditar y pagar prestaciones del IOMA al Garrahan. A pesar de ese cambio, desde la Provincia continuaron pagando para evitar el desfinanciamiento del hospital: \u201cEste a\u00f1o nos hab\u00edan facturado 1.300 millones y le hab\u00edamos pagado 1.000, el resto estaba en cola de pago como pasa en todas las obras sociales\u201d, asegur\u00f3.<\/p>\n\n\n\n<p>Adem\u00e1s de defender el rol de la Provincia en el sostenimiento del sistema de salud, el titular de la cartera bonaerense aprovech\u00f3 el posteo para enviar un mensaje pol\u00edtico m\u00e1s amplio: \u201cEn PBA lo tenemos muy clarito. Es con inversi\u00f3n, responsabilidad, planificaci\u00f3n y trabajo. As\u00ed lo hacemos y lo seguiremos haciendo\u201d. Y remat\u00f3: \u201cSi su m\u00e1xima preocupaci\u00f3n sobre el sistema de salud es la \u2018deuda\u2019, que la descuenten de los 8 billones de pesos que desde que asumieron le est\u00e1n robando a las y los bonaerenses y p\u00f3nganse a resolver los problemas que vienen generando desde que asumieron\u201d.<\/p>\n\n\n\n<p>Con este nuevo cruce, el conflicto entre la administraci\u00f3n bonaerense y la gesti\u00f3n nacional escala un nuevo pelda\u00f1o en medio de una profunda crisis del sistema p\u00fablico de salud, que ya gener\u00f3 paros, movilizaciones y m\u00faltiples reclamos por parte de profesionales y sindicatos del sector.<\/p>\n\n\n\n<p>Por Redacci\u00f3n infocielo<\/p>\n","protected":false},"excerpt":{"rendered":"<p>Kreplak volvi\u00f3 a denunciar que Naci\u00f3n inventa una deuda con el Garrahan para encubrir el ajuste y desfinanciamiento del sistema de salud p\u00fablico. El ministro de Salud bonaerense, Nicol\u00e1s Kreplak, volvi\u00f3 a cuestionar duramente al Gobierno Nacional por la situaci\u00f3n cr\u00edtica de los hospitales nacionales, entre ellos el Garrahan. En un nuevo mensaje publicado en&#8230;<\/p>\n","protected":false},"author":5,"featured_media":6766,"comment_status":"open","ping_status":"open","sticky":false,"template":"","format":"standard","meta":{"_monsterinsights_skip_tracking":false,"_monsterinsights_sitenote_active":false,"_monsterinsights_sitenote_note":"","_monsterinsights_sitenote_category":0,"footnotes":"","jetpack_publicize_message":"","jetpack_publicize_feature_enabled":true,"jetpack_social_post_already_shared":true,"jetpack_social_options":{"image_generator_settings":{"template":"highway","default_image_id":0,"font":"","enabled":false},"version":2}},"categories":[2],"tags":[58,43,249],"class_list":["post-6765","post","type-post","status-publish","format-standard","has-post-thumbnail","hentry","category-politica","tag-ajuste","tag-crisis","tag-salud"],"jetpack_publicize_connections":[],"_links":{"self":[{"href":"https:\/\/www.enorsai.com\/noticias\/wp-json\/wp\/v2\/posts\/6765","targetHints":{"allow":["GET"]}}],"collection":[{"href":"https:\/\/www.enorsai.com\/noticias\/wp-json\/wp\/v2\/posts"}],"about":[{"href":"https:\/\/www.enorsai.com\/noticias\/wp-json\/wp\/v2\/types\/post"}],"author":[{"embeddable":true,"href":"https:\/\/www.enorsai.com\/noticias\/wp-json\/wp\/v2\/users\/5"}],"replies":[{"embeddable":true,"href":"https:\/\/www.enorsai.com\/noticias\/wp-json\/wp\/v2\/comments?post=6765"}],"version-history":[{"count":1,"href":"https:\/\/www.enorsai.com\/noticias\/wp-json\/wp\/v2\/posts\/6765\/revisions"}],"predecessor-version":[{"id":6767,"href":"https:\/\/www.enorsai.com\/noticias\/wp-json\/wp\/v2\/posts\/6765\/revisions\/6767"}],"wp:featuredmedia":[{"embeddable":true,"href":"https:\/\/www.enorsai.com\/noticias\/wp-json\/wp\/v2\/media\/6766"}],"wp:attachment":[{"href":"https:\/\/www.enorsai.com\/noticias\/wp-json\/wp\/v2\/media?parent=6765"}],"wp:term":[{"taxonomy":"category","embeddable":true,"href":"https:\/\/www.enorsai.com\/noticias\/wp-json\/wp\/v2\/categories?post=6765"},{"taxonomy":"post_tag","embeddable":true,"href":"https:\/\/www.enorsai.com\/noticias\/wp-json\/wp\/v2\/tags?post=6765"}],"curies":[{"name":"wp","href":"https:\/\/api.w.org\/{rel}","templated":true}]}}