{"id":6762,"date":"2025-07-25T08:52:34","date_gmt":"2025-07-25T11:52:34","guid":{"rendered":"https:\/\/www.enorsai.com\/noticias\/?p=6762"},"modified":"2025-07-25T10:20:20","modified_gmt":"2025-07-25T13:20:20","slug":"doble-vara-mediatica-instalar-sospechas-sobre-el-peronismo-encubriendo-el-vaciamiento-institucional-y-democratico-del-mileismo","status":"publish","type":"post","link":"https:\/\/www.enorsai.com\/noticias\/politica\/doble-vara-mediatica-instalar-sospechas-sobre-el-peronismo-encubriendo-el-vaciamiento-institucional-y-democratico-del-mileismo\/","title":{"rendered":"Doble vara medi\u00e1tica: Instalar sospechas sobre el peronismo encubriendo el vaciamiento institucional y democr\u00e1tico del mile\u00edsmo"},"content":{"rendered":"\n<p><strong><em>En su reciente columna, Joaqu\u00edn Morales Sol\u00e1 intenta desacreditar al peronismo utilizando el cierre de listas bonaerense como excusa. Sin embargo, su an\u00e1lisis omite las maniobras m\u00e1s graves del oficialismo libertario, el vaciamiento de las formas republicanas, la instrumentalizaci\u00f3n del Estado y la instalaci\u00f3n de un r\u00e9gimen autoritario liderado por los hermanos Milei. Este texto es una lectura cr\u00edtica de su nota, desde una mirada nacional, popular y profundamente democr\u00e1tica.<\/em><\/strong><\/p>\n\n\n\n<p>La pluma de Joaqu\u00edn Morales Sol\u00e1, siempre atenta a detectar \u201canomal\u00edas\u201d dentro del campo nacional y popular, vuelve a apuntar sus dardos contra el peronismo. Esta vez, con motivo del cierre de listas en la provincia de Buenos Aires. Su art\u00edculo, titulado con aires de novela de esp\u00edas \u2014<em>Especuladores y trapecistas en la oscuridad<\/em>\u2014, pretende presentar el proceso electoral como un circo del que el peronismo ser\u00eda el principal responsable, mientras barre bajo la alfombra los desmanejos, traiciones y oscuras maniobras del oficialismo libertario, al que casi no toca.<\/p>\n\n\n\n<p>Desde la primera l\u00ednea, Morales Sol\u00e1 apunta contra \u201cel engorroso y sospechoso tr\u00e1mite del cierre de listas\u201d, sugiriendo una especie de conspiraci\u00f3n oscura liderada por el peronismo para sostener su unidad. Sin embargo, omite que esa \u201cunidad\u201d es, en tiempos de fragmentaci\u00f3n y persecuci\u00f3n judicial, una herramienta leg\u00edtima de resistencia democr\u00e1tica. Mientras tanto, evita mencionar que el espacio de Javier Milei, el actual presidente, consolid\u00f3 sus listas mediante imposiciones verticalistas, presiones, y el dedo de una hermana no electa que oficia de \u201ccopresidenta\u201d en las sombras.<\/p>\n\n\n\n<p><strong>La \u201csospecha\u201d como herramienta narrativa<\/strong><\/p>\n\n\n\n<p>El art\u00edculo insin\u00faa que los cortes de luz en el Palacio Legislativo de La Plata sirvieron al peronismo para ganar tiempo y cerrar acuerdos. Aun cuando reconoce que la jueza Hilda Kogan \u2014presidenta de la Suprema Corte bonaerense\u2014 goza de prestigio e independencia, igual deja flotando la \u201csospecha\u201d como una mancha indeleble.<\/p>\n\n\n\n<p>Lo curioso es que Morales Sol\u00e1 no aplica ese mismo celo al analizar la pol\u00edtica nacional, donde las verdaderas anomal\u00edas democr\u00e1ticas se hacen evidentes. \u00bfAcaso no es m\u00e1s preocupante que un gobierno central est\u00e9 dirigido por una figura carente de responsabilidad institucional, como Karina Milei, quien decide candidatos, alianzas y operaciones, mientras su hermano se limita a dar shows en redes sociales y a insultar adversarios?<\/p>\n\n\n\n<p><strong>Candidaturas testimoniales: doble vara y poca memoria<\/strong><\/p>\n\n\n\n<p>Morales Sol\u00e1 utiliza el argumento de las \u201ccandidaturas testimoniales\u201d para atacar al kirchnerismo, aludiendo a una supuesta \u201cestafa democr\u00e1tica\u201d. Pero cuando menciona que Diego Valenzuela y Guillermo Montenegro \u2014ambos aliados del oficialismo libertario\u2014 tambi\u00e9n son candidatos sin intenci\u00f3n real de asumir, simplemente los exime con la ligereza de quien intenta equilibrar por obligaci\u00f3n, no por convicci\u00f3n.<\/p>\n\n\n\n<p>Este recurso no es nuevo en su narrativa: la cr\u00edtica al kirchnerismo por practicar algo que, en realidad, es una constante en todas las fuerzas pol\u00edticas, pero que s\u00f3lo es \u201cesc\u00e1ndalo\u201d cuando lo hacen los sectores populares. Morales Sol\u00e1 jam\u00e1s calific\u00f3 como \u201cdesvergonzada\u201d la lista de Patricia Bullrich en 2021, que incluy\u00f3 a figuras que tampoco asumieron los cargos para los que se postularon.<\/p>\n\n\n\n<p><strong>El \u201cgarrochismo\u201d no naci\u00f3 con el peronismo<\/strong><\/p>\n\n\n\n<p>Otra l\u00ednea discursiva del art\u00edculo ataca a los \u201csaltos de garrocha\u201d, pr\u00e1ctica que, seg\u00fan el autor, \u201cerosiona la democracia\u201d. Sin embargo, olvida que los principales garrochistas del presente no est\u00e1n en el peronismo, sino en la constelaci\u00f3n conservadora que orbita en torno a Javier Milei: desde Cristian Ritondo, que dej\u00f3 atr\u00e1s su larretismo para abrazar el verticalismo de Karina Milei, hasta los intendentes amarillos que se camuflan de libertarios seg\u00fan la direcci\u00f3n del viento.<\/p>\n\n\n\n<p>El salto ideol\u00f3gico m\u00e1s grotesco es, sin dudas, el del propio presidente: un hombre que hace apenas cuatro a\u00f1os tildaba a la casta pol\u00edtica de \u201cpar\u00e1sitos\u201d y ahora gobierna gracias a un rejunte de esa misma casta, incluyendo lo m\u00e1s rancio del menemismo reciclado.<\/p>\n\n\n\n<p><strong>Una diarqu\u00eda sin legitimidad democr\u00e1tica<\/strong><\/p>\n\n\n\n<p>Morales Sol\u00e1 apenas menciona, con tono resignado, que el pa\u00eds est\u00e1 gobernado por una \u201cdiarqu\u00eda de hierro\u201d compuesta por Javier y Karina Milei. Lo trata como un dato curioso, no como lo que realmente es: un hecho profundamente antidemocr\u00e1tico. Karina Milei no fue electa, no rinde cuentas a nadie, no est\u00e1 sujeta a control legislativo alguno. Sin embargo, maneja el poder con un nivel de intransigencia que hace palidecer cualquier interna peronista.<\/p>\n\n\n\n<p>La lapicera, nos dice Morales Sol\u00e1, la tiene Karina. No le preocupa. Si esa misma lapicera la tuviera una dirigente del movimiento nacional y popular, hablar\u00eda de \u201cautoritarismo chavista\u201d.<\/p>\n\n\n\n<p><strong>La verdadera oscuridad<\/strong><\/p>\n\n\n\n<p>La oscuridad no est\u00e1 en los cortes de luz ni en los pasillos del Senado bonaerense. La verdadera oscuridad est\u00e1 en la naturalizaci\u00f3n del gobierno de facto dentro de un r\u00e9gimen formalmente democr\u00e1tico, donde el Congreso es ninguneado, el periodismo es perseguido o comprado, la oposici\u00f3n es difamada y el pueblo es castigado con una pol\u00edtica econ\u00f3mica que destruye el tejido social en nombre de una supuesta \u201clibertad\u201d.<\/p>\n\n\n\n<p>Morales Sol\u00e1 quiere hacer creer que el mayor problema de la democracia argentina es que el peronismo se une en una lista. Mientras tanto, calla ante la demolici\u00f3n institucional impulsada por un presidente que gobierna con decretos, vetos y caprichos, bajo el paraguas ideol\u00f3gico de un liberalismo r\u00fastico, excluyente y profundamente reaccionario.<\/p>\n\n\n\n<p><\/p>\n\n\n\n<p>Para finalizar digamos que el art\u00edculo de Morales Sol\u00e1 no es m\u00e1s que un cap\u00edtulo m\u00e1s en su cruzada personal contra el peronismo. En vez de se\u00f1alar los verdaderos peligros que acechan a la democracia argentina \u2014la concentraci\u00f3n de poder en manos no electas, el vaciamiento del Estado, la persecuci\u00f3n ideol\u00f3gica, el odio como narrativa oficial\u2014, se entretiene sembrando sospechas y reciclando viejas acusaciones.<\/p>\n\n\n\n<p>En tiempos donde el pueblo sufre, donde se recortan derechos y se instala una pol\u00edtica del desprecio, lo que necesitamos no es m\u00e1s cinismo editorial, sino una prensa comprometida con la verdad, la justicia social y la defensa de la soberan\u00eda popular. Y en esa tarea, Morales Sol\u00e1 ha elegido, una vez m\u00e1s, el lado equivocado de la historia.<\/p>\n","protected":false},"excerpt":{"rendered":"<p>En su reciente columna, Joaqu\u00edn Morales Sol\u00e1 intenta desacreditar al peronismo utilizando el cierre de listas bonaerense como excusa. Sin embargo, su an\u00e1lisis omite las maniobras m\u00e1s graves del oficialismo libertario, el vaciamiento de las formas republicanas, la instrumentalizaci\u00f3n del Estado y la instalaci\u00f3n de un r\u00e9gimen autoritario liderado por los hermanos Milei. Este texto&#8230;<\/p>\n","protected":false},"author":2,"featured_media":6768,"comment_status":"open","ping_status":"open","sticky":false,"template":"","format":"standard","meta":{"_monsterinsights_skip_tracking":false,"_monsterinsights_sitenote_active":false,"_monsterinsights_sitenote_note":"","_monsterinsights_sitenote_category":0,"footnotes":"","jetpack_publicize_message":"","jetpack_publicize_feature_enabled":true,"jetpack_social_post_already_shared":true,"jetpack_social_options":{"image_generator_settings":{"template":"highway","default_image_id":0,"font":"","enabled":false},"version":2}},"categories":[2],"tags":[],"class_list":["post-6762","post","type-post","status-publish","format-standard","has-post-thumbnail","hentry","category-politica"],"jetpack_publicize_connections":[],"_links":{"self":[{"href":"https:\/\/www.enorsai.com\/noticias\/wp-json\/wp\/v2\/posts\/6762","targetHints":{"allow":["GET"]}}],"collection":[{"href":"https:\/\/www.enorsai.com\/noticias\/wp-json\/wp\/v2\/posts"}],"about":[{"href":"https:\/\/www.enorsai.com\/noticias\/wp-json\/wp\/v2\/types\/post"}],"author":[{"embeddable":true,"href":"https:\/\/www.enorsai.com\/noticias\/wp-json\/wp\/v2\/users\/2"}],"replies":[{"embeddable":true,"href":"https:\/\/www.enorsai.com\/noticias\/wp-json\/wp\/v2\/comments?post=6762"}],"version-history":[{"count":1,"href":"https:\/\/www.enorsai.com\/noticias\/wp-json\/wp\/v2\/posts\/6762\/revisions"}],"predecessor-version":[{"id":6763,"href":"https:\/\/www.enorsai.com\/noticias\/wp-json\/wp\/v2\/posts\/6762\/revisions\/6763"}],"wp:featuredmedia":[{"embeddable":true,"href":"https:\/\/www.enorsai.com\/noticias\/wp-json\/wp\/v2\/media\/6768"}],"wp:attachment":[{"href":"https:\/\/www.enorsai.com\/noticias\/wp-json\/wp\/v2\/media?parent=6762"}],"wp:term":[{"taxonomy":"category","embeddable":true,"href":"https:\/\/www.enorsai.com\/noticias\/wp-json\/wp\/v2\/categories?post=6762"},{"taxonomy":"post_tag","embeddable":true,"href":"https:\/\/www.enorsai.com\/noticias\/wp-json\/wp\/v2\/tags?post=6762"}],"curies":[{"name":"wp","href":"https:\/\/api.w.org\/{rel}","templated":true}]}}