{"id":675,"date":"2025-02-05T07:25:24","date_gmt":"2025-02-05T10:25:24","guid":{"rendered":"https:\/\/www.enorsai.com\/noticias\/?p=675"},"modified":"2025-02-05T07:26:42","modified_gmt":"2025-02-05T10:26:42","slug":"las-mentiras-de-milei-un-circo-mediatico-para-ocultar-el-desastre-economico","status":"publish","type":"post","link":"https:\/\/www.enorsai.com\/noticias\/sociedad\/las-mentiras-de-milei-un-circo-mediatico-para-ocultar-el-desastre-economico\/","title":{"rendered":"Las mentiras de Milei: Un circo medi\u00e1tico para ocultar el desastre econ\u00f3mico"},"content":{"rendered":"\n<p><strong><em>La falacia peligrosa: desmontando la vinculaci\u00f3n entre ideolog\u00eda de g\u00e9nero y abuso infantil. Las declaraciones infundadas que estigmatizan a la comunidad LGBTQ+ y desv\u00edan la atenci\u00f3n de los verdaderos responsables del abuso. <strong>Todo esto, m<\/strong>ientras la econom\u00eda argentina se desploma, no es casualidad: cuando la pobreza y la desesperaci\u00f3n crecen, el viejo truco de inventar enemigos vuelve a escena.<br><\/em><\/strong><br>En un contexto donde el discurso pol\u00edtico influye en la percepci\u00f3n p\u00fablica, es imperativo analizar cr\u00edticamente las afirmaciones que asocian la ideolog\u00eda de g\u00e9nero con el abuso infantil, evidenciando su falta de fundamento y las consecuencias negativas que conllevan.<br><br>En el reciente Foro Econ\u00f3mico Mundial, el presidente argentino Javier Milei afirm\u00f3 que \u00aben sus versiones m\u00e1s extremas, la ideolog\u00eda de g\u00e9nero constituye lisa y llanamente abuso infantil\u00bb. Esta declaraci\u00f3n, carente de sustento emp\u00edrico, no solo perpet\u00faa estigmas contra la comunidad LGBTQ+, sino que tambi\u00e9n desv\u00eda la atenci\u00f3n de los verdaderos perpetradores de abusos sexuales.<br><br>La denominada \u00abideolog\u00eda de g\u00e9nero\u00bb es un t\u00e9rmino empleado de manera despectiva para desacreditar los avances en diversidad sexual y de g\u00e9ner. Al calificarla de ideolog\u00eda, se intenta otorgarle un car\u00e1cter dogm\u00e1tico, desestimando las luchas por la igualdad y el respeto a las identidades diversas.<br><br>Estudios especializados desmienten cualquier v\u00ednculo entre la diversidad sexual y el abuso infantil. Investigaciones indican que la mayor\u00eda de los abusos son cometidos por hombres heterosexuales del entorno familiar o social de la v\u00edctima. Por ejemplo, un informe de UNICEF y el Ministerio de Justicia y Derechos Humanos de Argentina revel\u00f3 que, entre octubre de 2020 y septiembre de 2021, el 56,5% de los agresores eran familiares de las v\u00edctimas, y el 36,2% de los abusos ocurrieron en el hogar.<br><br>Las declaraciones de Milei no solo carecen de respaldo cient\u00edfico, sino que tambi\u00e9n fomentan la discriminaci\u00f3n y el odio hacia comunidades ya vulnerabilizadas. Al asociar sin evidencia la ideolog\u00eda de g\u00e9nero con el abuso infantil, se refuerzan prejuicios que pueden traducirse en violencia y marginaci\u00f3n.<br><br>Es preocupante que figuras de alto perfil utilicen su plataforma para difundir informaci\u00f3n err\u00f3nea que estigmatiza a grupos minoritarios. Este tipo de ret\u00f3rica no solo es irresponsable, sino que tambi\u00e9n es peligrosa, ya que puede incitar a actos de violencia y discriminaci\u00f3n.<br><br>Adem\u00e1s, al centrar la atenci\u00f3n en una supuesta amenaza proveniente de la ideolog\u00eda de g\u00e9nero, se desv\u00edan recursos y esfuerzos que podr\u00edan destinarse a abordar las verdaderas causas del abuso infantil. Es fundamental enfocarse en la prevenci\u00f3n, educaci\u00f3n y apoyo a las v\u00edctimas, en lugar de perpetuar narrativas infundadas que no contribuyen a la soluci\u00f3n del problema.<br><br>La comunidad internacional ha avanzado significativamente en la promoci\u00f3n de los derechos de las personas LGBTQ+ y en la lucha contra la discriminaci\u00f3n. Sin embargo, declaraciones como las de Milei representan un retroceso y ponen en riesgo los logros alcanzados.<br><br>Es imperativo que los l\u00edderes pol\u00edticos y sociales basen sus afirmaciones en evidencia y promuevan discursos que fomenten la inclusi\u00f3n y el respeto. La difusi\u00f3n de informaci\u00f3n falsa y estigmatizante no solo es \u00e9ticamente reprochable, sino que tambi\u00e9n tiene consecuencias reales en la vida de las personas.<\/p>\n\n\n\n<div class=\"wp-block-jetpack-related-posts\">\n<h2 class=\"wp-block-heading\"><\/h2>\n<\/div>\n\n\n\n<p><br><br>Desde su llegada al poder, Javier Milei ha implementado un plan econ\u00f3mico de ajuste salvaje que ha golpeado a los sectores m\u00e1s vulnerables. En apenas unos meses, los salarios se derrumbaron, la inflaci\u00f3n se dispar\u00f3 y el poder adquisitivo de los trabajadores sufri\u00f3 la peor ca\u00edda en d\u00e9cadas. Sin embargo, en lugar de responder por las consecuencias de su modelo de empobrecimiento, el presidente ha optado por desviar el foco hacia una supuesta \u00abbatalla cultural\u00bb contra la diversidad sexual y de g\u00e9nero.<br><br>La estrategia no es nueva: la historia est\u00e1 repleta de l\u00edderes autoritarios que, ante el fracaso de sus pol\u00edticas econ\u00f3micas, recurrieron a la fabricaci\u00f3n de chivos expiatorios para evitar que la poblaci\u00f3n se organice en su contra. En este caso, Milei ha decidido apuntar contra la \u00abideolog\u00eda de g\u00e9nero\u00bb, un t\u00e9rmino inventado por sectores ultraconservadores para desacreditar los derechos conquistados por la comunidad LGBTQ+ y los feminismos.<br><br>Desde sus discursos en Davos hasta sus entrevistas con medios afines, Milei insiste en que la diversidad sexual es una amenaza para la \u00absociedad occidental\u00bb. Sus declaraciones, aunque carentes de sustento, cumplen un prop\u00f3sito claro: alimentar el odio y la polarizaci\u00f3n para evitar que la opini\u00f3n p\u00fablica se concentre en los verdaderos problemas del pa\u00eds.<br><br>Pero la realidad es imposible de ocultar. La inflaci\u00f3n interanual supera el 200%, las jubilaciones han sido licuadas por la devaluaci\u00f3n y el d\u00f3lar se ha convertido en una soga al cuello para los peque\u00f1os comerciantes e industriales. La pol\u00edtica de Milei no es m\u00e1s que la continuidad del neoliberalismo salvaje que ya fracas\u00f3 en los 90 y en la gesti\u00f3n de Mauricio Macri. La diferencia es que ahora el ajuste viene disfrazado de guerra cultural.<br><br>El ataque contra la diversidad es un intento desesperado por mantener movilizado a su n\u00facleo duro de votantes. Con la econom\u00eda en picada y las promesas de campa\u00f1a incumplidas, Milei necesita generar enemigos ficticios para sostener su relato. As\u00ed, mientras la gente pierde su empleo y los alimentos suben sin control, el gobierno distrae con debates est\u00e9riles sobre supuestos \u00abcentros de hormonizaci\u00f3n masiva\u00bb que nunca existieron.<br><br>Esta estrategia de distracci\u00f3n tambi\u00e9n ha sido utilizada por figuras de la extrema derecha a nivel mundial. Donald Trump, Jair Bolsonaro y Santiago Abascal han empleado la misma t\u00e9cnica: cuando la realidad econ\u00f3mica se vuelve insoportable, desatan una cacer\u00eda contra las minor\u00edas. En Argentina, Milei ha abrazado esa misma receta con la complicidad de medios de comunicaci\u00f3n que amplifican su discurso sin cuestionamientos.<br><br>Pero la gente ya empieza a despertar. Las redes sociales estallan con cr\u00edticas al vac\u00edo de gesti\u00f3n de un presidente que parece m\u00e1s preocupado por el \u00abmarxismo cultural\u00bb que por la falta de medicamentos en los hospitales. En las calles, los gremios y los movimientos sociales retoman la protesta ante un gobierno que precariza la vida de la mayor\u00eda mientras beneficia a los grandes grupos econ\u00f3micos.<br><br>Es necesario rechazar categ\u00f3ricamente cualquier intento de vincular la ideolog\u00eda de g\u00e9nero con el abuso infantil. Esta asociaci\u00f3n carece de fundamento y solo sirve para perpetuar prejuicios y desviar la atenci\u00f3n de los verdaderos problemas que deben ser abordados con seriedad y compromiso.<br><br>El gran desaf\u00edo es evitar caer en la trampa. Cada vez que Milei hable de \u00abideolog\u00eda de g\u00e9nero\u00bb, hay que recordar que lo hace para que no se hable de c\u00f3mo est\u00e1 destruyendo la econom\u00eda. Mientras siga jugando con discursos de odio, el verdadero debate debe seguir siendo el desastre econ\u00f3mico que su gobierno est\u00e1 generando.<br><\/p>\n\n\n\n<p><br><br><\/p>\n\n\n","protected":false},"excerpt":{"rendered":"<p>La falacia peligrosa: desmontando la vinculaci\u00f3n entre ideolog\u00eda de g\u00e9nero y abuso infantil. Las declaraciones infundadas que estigmatizan a la comunidad LGBTQ+ y desv\u00edan la atenci\u00f3n de los verdaderos responsables del abuso. Todo esto, mientras la econom\u00eda argentina se desploma, no es casualidad: cuando la pobreza y la desesperaci\u00f3n crecen, el viejo truco de inventar enemigos vuelve a escena.<\/p>\n","protected":false},"author":2,"featured_media":682,"comment_status":"open","ping_status":"open","sticky":false,"template":"","format":"standard","meta":{"_monsterinsights_skip_tracking":false,"_monsterinsights_sitenote_active":false,"_monsterinsights_sitenote_note":"","_monsterinsights_sitenote_category":0,"footnotes":"","jetpack_publicize_message":"","jetpack_publicize_feature_enabled":true,"jetpack_social_post_already_shared":true,"jetpack_social_options":{"image_generator_settings":{"template":"highway","default_image_id":0,"font":"","enabled":false},"version":2}},"categories":[4],"tags":[58,139,43,140,15,45],"class_list":["post-675","post","type-post","status-publish","format-standard","has-post-thumbnail","hentry","category-sociedad","tag-ajuste","tag-antifascismo","tag-crisis","tag-derechos-lgbtq","tag-economia","tag-milei"],"jetpack_publicize_connections":[],"_links":{"self":[{"href":"https:\/\/www.enorsai.com\/noticias\/wp-json\/wp\/v2\/posts\/675","targetHints":{"allow":["GET"]}}],"collection":[{"href":"https:\/\/www.enorsai.com\/noticias\/wp-json\/wp\/v2\/posts"}],"about":[{"href":"https:\/\/www.enorsai.com\/noticias\/wp-json\/wp\/v2\/types\/post"}],"author":[{"embeddable":true,"href":"https:\/\/www.enorsai.com\/noticias\/wp-json\/wp\/v2\/users\/2"}],"replies":[{"embeddable":true,"href":"https:\/\/www.enorsai.com\/noticias\/wp-json\/wp\/v2\/comments?post=675"}],"version-history":[{"count":2,"href":"https:\/\/www.enorsai.com\/noticias\/wp-json\/wp\/v2\/posts\/675\/revisions"}],"predecessor-version":[{"id":683,"href":"https:\/\/www.enorsai.com\/noticias\/wp-json\/wp\/v2\/posts\/675\/revisions\/683"}],"wp:featuredmedia":[{"embeddable":true,"href":"https:\/\/www.enorsai.com\/noticias\/wp-json\/wp\/v2\/media\/682"}],"wp:attachment":[{"href":"https:\/\/www.enorsai.com\/noticias\/wp-json\/wp\/v2\/media?parent=675"}],"wp:term":[{"taxonomy":"category","embeddable":true,"href":"https:\/\/www.enorsai.com\/noticias\/wp-json\/wp\/v2\/categories?post=675"},{"taxonomy":"post_tag","embeddable":true,"href":"https:\/\/www.enorsai.com\/noticias\/wp-json\/wp\/v2\/tags?post=675"}],"curies":[{"name":"wp","href":"https:\/\/api.w.org\/{rel}","templated":true}]}}