{"id":6747,"date":"2025-07-25T06:50:59","date_gmt":"2025-07-25T09:50:59","guid":{"rendered":"https:\/\/www.enorsai.com\/noticias\/?p=6747"},"modified":"2025-07-25T06:50:59","modified_gmt":"2025-07-25T09:50:59","slug":"el-complot-policial-alentado-por-nacion-contra-la-gobernabilidad-de-la-provincia-de-buenos-aires","status":"publish","type":"post","link":"https:\/\/www.enorsai.com\/noticias\/sociedad\/el-complot-policial-alentado-por-nacion-contra-la-gobernabilidad-de-la-provincia-de-buenos-aires\/","title":{"rendered":"El complot policial alentado por Naci\u00f3n contra la gobernabilidad de la provincia de Buenos Aires"},"content":{"rendered":"\n<p>Mientras el gobierno nacional lanza acusaciones p\u00fablicas, crecen las sospechas de una maniobra coordinada desde Naci\u00f3n para desestabilizar a Axel Kicillof con apoyo de sectores de la Polic\u00eda bonaerense. Una desafectaci\u00f3n disciplinaria a 24 efectivos por su rol en una movilizaci\u00f3n policial se convirti\u00f3 en el disparador de un ataque furibundo de Patricia Bullrich contra el gobernador de la provincia de Buenos Aires. Detr\u00e1s del show medi\u00e1tico, se oculta una operaci\u00f3n pol\u00edtica que busca tensionar la gobernabilidad provincial, al tiempo que reconfigura las lealtades dentro de las fuerzas de seguridad.<\/p>\n\n\n\n<p>El gobierno nacional no descansa. Y no precisamente porque est\u00e9 ocupado en solucionar los problemas reales del pa\u00eds. Mientras la inflaci\u00f3n golpea los bolsillos, la recesi\u00f3n arrastra al consumo y el ajuste funde a las provincias, Javier Milei y su ministra de Seguridad, Patricia Bullrich, deciden armar un nuevo circo: esta vez con la Polic\u00eda bonaerense como protagonista y blanco de una denuncia pol\u00edtica de alto voltaje. El objetivo, en apariencia, es \u201cdefender\u201d a 24 polic\u00edas sancionados por la gesti\u00f3n de Axel Kicillof. Pero lo que se oculta tras esa narrativa de ocasi\u00f3n es mucho m\u00e1s oscuro y preocupante: una ofensiva premeditada para deslegitimar al gobernador, avivar el fuego interno dentro de las fuerzas de seguridad y poner en jaque a una de las pocas gestiones provinciales que a\u00fan resisten el embate libertario.<\/p>\n\n\n\n<p>La historia oficial es tan simple como enga\u00f1osa. Seg\u00fan Bullrich, los 24 polic\u00edas sancionados en los \u00faltimos d\u00edas por la Auditor\u00eda General de Asuntos Internos del Ministerio de Seguridad bonaerense fueron \u201ccastigados\u201d por reclamar mejores condiciones laborales en 2020, cuando una protesta policial termin\u00f3 rodeando la residencia del propio Kicillof en La Plata. Desde esa interpretaci\u00f3n ama\u00f1ada, la ministra libertaria construy\u00f3 una \u00e9pica de persecuci\u00f3n pol\u00edtica y no dud\u00f3 en salir a bancar p\u00fablicamente a los efectivos cuestionados. A trav\u00e9s de redes sociales y declaraciones p\u00fablicas, acus\u00f3 al gobernador de realizar \u201cuna caza de brujas\u201d y amenaz\u00f3 con intervenir en el asunto desde el gobierno nacional.<\/p>\n\n\n\n<p>Lo que Bullrich no dice \u2013y probablemente no pueda admitir sin revelar el juego completo\u2013 es que esas desafectaciones no fueron una medida intempestiva ni un acto de revancha pol\u00edtica. Se trata de resoluciones administrativas tomadas tras un largo proceso interno, con documentaci\u00f3n detallada, que prueban el involucramiento de esos agentes en actos de insubordinaci\u00f3n y violaci\u00f3n del reglamento policial. La protesta de 2020 no fue una simple manifestaci\u00f3n gremial: fue una movida organizada, con t\u00e1cticas intimidatorias, que incluy\u00f3 la presencia de patrulleros armados frente a la residencia del gobernador y acciones de amedrentamiento contra funcionarios. Lo m\u00e1s grave es que algunos de los polic\u00edas implicados en aquel episodio ya hab\u00edan sido sancionados o investigados previamente por faltas graves, lo cual refuerza la tesis de que el reclamo fue la excusa perfecta para montar una amenaza institucional camuflada de demanda salarial.<\/p>\n\n\n\n<p>Pero m\u00e1s all\u00e1 del trasfondo disciplinario, lo que emerge con fuerza es la utilizaci\u00f3n pol\u00edtica de ese conflicto por parte del gobierno nacional. No se trata solo de una defensa \u201ccorporativa\u201d de la Polic\u00eda, como quiere hacer creer Bullrich. Lo que est\u00e1 en juego es mucho m\u00e1s delicado: el intento del oficialismo nacional por explotar las internas policiales en territorio bonaerense y abrir una nueva l\u00ednea de desgaste sobre el gobierno de Kicillof. En otras palabras, Milei y Bullrich parecen haber detectado una veta \u00fatil para dinamitar la estabilidad de un adversario pol\u00edtico y, de paso, sembrar la idea de que las fuerzas de seguridad pueden operar al margen del mando civil cuando se sienten \u201cinjustamente tratadas\u201d.<\/p>\n\n\n\n<p>La maniobra no sorprende. Patricia Bullrich tiene una larga historia de coqueteos peligrosos con sectores duros de las fuerzas. Ya durante la gesti\u00f3n de Cambiemos, su pol\u00edtica de seguridad se bas\u00f3 en empoderar a los uniformados por encima de la autoridad pol\u00edtica, fomentando una l\u00f3gica de \u201cautonom\u00eda policial\u201d que deriv\u00f3 en casos graves de abuso de poder. Esa misma l\u00ednea reaparece ahora, amplificada por el discurso libertario que desprecia cualquier forma de regulaci\u00f3n estatal y alienta una idea de \u201cmano dura\u201d sin controles. Si a eso se le suma el respaldo expl\u00edcito del gobierno nacional a polic\u00edas sancionados por violar las normas internas de su instituci\u00f3n, el mensaje que se transmite es peligroso: los efectivos pueden desobedecer, presionar y amedrentar, que desde Casa Rosada ser\u00e1n premiados como \u201ch\u00e9roes\u201d.<\/p>\n\n\n\n<p>El caso pone de relieve, adem\u00e1s, una tensi\u00f3n estructural que el gobierno de Milei se niega a abordar: la precarizaci\u00f3n y desorganizaci\u00f3n de las fuerzas de seguridad en las provincias. La protesta policial de 2020 en Buenos Aires no fue un fen\u00f3meno aislado. Se replic\u00f3 en otras jurisdicciones, con epicentros similares: bajos salarios, escasa formaci\u00f3n, deficiente equipamiento y una conducci\u00f3n pol\u00edtica d\u00e9bil o ausente. En lugar de impulsar una reforma integral que aborde estas falencias, la Naci\u00f3n prefiere jugar a la interna, agitando conflictos y buscando r\u00e9dito pol\u00edtico en cada chispa. Es una irresponsabilidad absoluta, pero tambi\u00e9n una estrategia calculada: cuanto m\u00e1s se tensionen los m\u00e1rgenes institucionales, m\u00e1s f\u00e1cil ser\u00e1 instalar el discurso del caos y justificar medidas excepcionales.<\/p>\n\n\n\n<p>Kicillof, por su parte, eligi\u00f3 no confrontar directamente con Bullrich, aunque desde su entorno dejaron trascender que las declaraciones de la ministra fueron \u201cdesafortunadas\u201d e \u201cinapropiadas\u201d. Saben que el juego libertario apunta a instalar una narrativa de polarizaci\u00f3n permanente, en la que cualquier respuesta puede ser usada en su contra. Pero tambi\u00e9n son conscientes de que no pueden dejar pasar la avanzada sin mostrar que hay una l\u00ednea que no se cruza: la del orden democr\u00e1tico, el respeto a las instituciones y la conducci\u00f3n civil de las fuerzas armadas y de seguridad. Porque si se permite que desde Naci\u00f3n se legitimen insubordinaciones o se promueva la indisciplina policial, lo que est\u00e1 en juego no es solo una disputa pol\u00edtica coyuntural, sino el principio mismo del Estado de Derecho.<\/p>\n\n\n\n<p>No faltan quienes advierten que esta ofensiva contra Kicillof podr\u00eda ser apenas un ensayo de lo que vendr\u00e1. El gobierno de Javier Milei ha demostrado estar dispuesto a desestabilizar a las provincias que no se alinean a su programa, usando todos los recursos a su alcance: asfixia presupuestaria, presi\u00f3n judicial, manipulaci\u00f3n medi\u00e1tica y ahora, aparentemente, tambi\u00e9n la agitaci\u00f3n de las fuerzas de seguridad. Frente a ese escenario, no se trata solo de defender a un gobernador, sino de proteger un modelo de convivencia institucional que se construy\u00f3 con mucho esfuerzo y que hoy est\u00e1 siendo puesto en jaque por una administraci\u00f3n que desprecia los l\u00edmites.<\/p>\n\n\n\n<p>En tiempos de crisis, el orden no puede ser una excusa para el autoritarismo. Y mucho menos para permitir que los uniformados se conviertan en actores pol\u00edticos al margen de las reglas. Lo que necesita la sociedad es una fuerza policial profesional, respetuosa de la ley y subordinada a las autoridades democr\u00e1ticamente electas. Lo que no necesita es un gobierno nacional que juega con fuego, enciende conflictos y luego se lava las manos. Porque si el Estado renuncia a ejercer su autoridad con responsabilidad, lo que viene no es el orden, sino el caos.<\/p>\n\n\n\n<p><strong>Fuente:<\/strong><br><a href=\"https:\/\/www.pagina12.com.ar\/844557-denuncian-que-el-gobierno-agito-un-complot-de-policias-contr\">https:\/\/www.pagina12.com.ar\/844557-denuncian-que-el-gobierno-agito-un-complot-de-policias-contr<\/a><\/p>\n","protected":false},"excerpt":{"rendered":"<p>El gobierno de Javier Milei, con Patricia Bullrich al frente del Ministerio de Seguridad, ha lanzado una ofensiva pol\u00edtica contra Axel Kicillof tras la sanci\u00f3n de 24 polic\u00edas bonaerenses. Detr\u00e1s de la denuncia medi\u00e1tica se esconde una estrategia peligrosa de desestabilizaci\u00f3n institucional y empoderamiento ilegal de las fuerzas de seguridad.<\/p>\n","protected":false},"author":13,"featured_media":6748,"comment_status":"open","ping_status":"open","sticky":false,"template":"","format":"standard","meta":{"_monsterinsights_skip_tracking":false,"_monsterinsights_sitenote_active":false,"_monsterinsights_sitenote_note":"","_monsterinsights_sitenote_category":0,"footnotes":"","jetpack_publicize_message":"","jetpack_publicize_feature_enabled":true,"jetpack_social_post_already_shared":true,"jetpack_social_options":{"image_generator_settings":{"template":"highway","default_image_id":0,"font":"","enabled":false},"version":2}},"categories":[4],"tags":[133,262,2242,986,104,605,45,474,365,86],"class_list":["post-6747","post","type-post","status-publish","format-standard","has-post-thumbnail","hentry","category-sociedad","tag-buenosaires","tag-bullrich","tag-complot","tag-gobernabilidad","tag-kicillof","tag-libertarios","tag-milei","tag-policia","tag-represion","tag-seguridad"],"jetpack_publicize_connections":[],"_links":{"self":[{"href":"https:\/\/www.enorsai.com\/noticias\/wp-json\/wp\/v2\/posts\/6747","targetHints":{"allow":["GET"]}}],"collection":[{"href":"https:\/\/www.enorsai.com\/noticias\/wp-json\/wp\/v2\/posts"}],"about":[{"href":"https:\/\/www.enorsai.com\/noticias\/wp-json\/wp\/v2\/types\/post"}],"author":[{"embeddable":true,"href":"https:\/\/www.enorsai.com\/noticias\/wp-json\/wp\/v2\/users\/13"}],"replies":[{"embeddable":true,"href":"https:\/\/www.enorsai.com\/noticias\/wp-json\/wp\/v2\/comments?post=6747"}],"version-history":[{"count":1,"href":"https:\/\/www.enorsai.com\/noticias\/wp-json\/wp\/v2\/posts\/6747\/revisions"}],"predecessor-version":[{"id":6749,"href":"https:\/\/www.enorsai.com\/noticias\/wp-json\/wp\/v2\/posts\/6747\/revisions\/6749"}],"wp:featuredmedia":[{"embeddable":true,"href":"https:\/\/www.enorsai.com\/noticias\/wp-json\/wp\/v2\/media\/6748"}],"wp:attachment":[{"href":"https:\/\/www.enorsai.com\/noticias\/wp-json\/wp\/v2\/media?parent=6747"}],"wp:term":[{"taxonomy":"category","embeddable":true,"href":"https:\/\/www.enorsai.com\/noticias\/wp-json\/wp\/v2\/categories?post=6747"},{"taxonomy":"post_tag","embeddable":true,"href":"https:\/\/www.enorsai.com\/noticias\/wp-json\/wp\/v2\/tags?post=6747"}],"curies":[{"name":"wp","href":"https:\/\/api.w.org\/{rel}","templated":true}]}}